{"id":5986,"date":"2024-11-04T16:28:17","date_gmt":"2024-11-04T19:28:17","guid":{"rendered":"https:\/\/paginacero.com.uy\/?p=5986"},"modified":"2024-11-04T16:28:17","modified_gmt":"2024-11-04T19:28:17","slug":"historica-definicion-diferencia-de-dos-votos-proclama-a-domingo-rielli-diputado","status":"publish","type":"post","link":"https:\/\/paginacero.com.uy\/?p=5986","title":{"rendered":"Hist\u00f3rica definici\u00f3n: diferencia de dos votos proclama a Domingo Rielli Diputado"},"content":{"rendered":"<p><strong>Todas las miradas del espectro pol\u00edtico, en especial el Partido Nacional, estuvieron puestas el viernes de tarde en la\u00a0Oficina Electoral de Durazno, donde funcionarios de la\u00a0Corte Electoral; Oficina Electoral y Delegados partidarios, realizaron el conteo de los votos Observados, de la elecci\u00f3n del domingo 27 de Octubre.<\/strong><!--more--><\/p>\n<p align=\"LEFT\"><span style=\"color: #000000;\"><span style=\"font-family: Arial, sans-serif;\"><span style=\"font-size: large;\" data-olk-copy-source=\"MessageBody\">Luego de dilucidada la primera Diputaci\u00f3n del departamento, que con importante diferencia de sufragios, se adjudic\u00f3 el\u00a0<b>Cr. Aidemar Gonz\u00e1lez del Frente Amplio, sector 1001971,<\/b>\u00a0restaba por conocerse el segundo Representante Nacional por el departamento, en una carrera pareja en votos entre los nacionalistas,\u00a0<b>Cr. Jorge Reyna Gerem\u00edas<\/b>\u00a0del sector\u00a0<b>\u201cJuntos por Durazno\u201d<\/b>\u00a0y\u00a0<b>Domingo Rielli San Mart\u00edn, de la Lista 404.<\/b><\/span><\/span><\/span><\/p>\n<p align=\"LEFT\"><span style=\"color: #000000;\"><span style=\"font-family: Arial, sans-serif;\"><span style=\"font-size: large;\">Al cierre de las urnas el domingo de noche,<b>\u00a0Reyna<\/b>\u00a0ten\u00eda 21 votos de diferencia sobre\u00a0<b>Rielli;<\/b>\u00a0pero este viernes, en el conteo de los votos Observados, la diferencia primero se redujo, luego se empard\u00f3 y finalmente pas\u00f3 a ser de\u00a0<b>Rielli,<\/b>\u00a0que por solo dos votos de diferencia, en una definici\u00f3n plena de incertidumbre hasta el \u00faltimo sufragio, que quedar\u00e1 en los anales de la historia c\u00edvica del departamento y de todo el pa\u00eds, triunf\u00f3 en la carrera hacia la Diputaci\u00f3n.<\/span><\/span><\/span><\/p>\n<p align=\"LEFT\"><span style=\"color: #000000;\">\u201c<span style=\"font-family: Arial, sans-serif;\"><span style=\"font-size: large;\"><b>Reconocimiento y respeto\u201d, hacia \u201cjuntos por Durazno\u201d<\/b><\/span><\/span><\/span><\/p>\n<p align=\"LEFT\"><span style=\"color: #000000;\"><span style=\"font-family: Arial, sans-serif;\"><span style=\"font-size: large;\">Una vez realizados los conteo formales -que en un par de ocasiones requirieron de verificaciones \u201cvoto a voto\u201d- y tras el cierre del acto en el recinto por parte de la<b>\u00a0Oficina Electoral<\/b>, el ahora nuevo Representante Nacional, habl\u00f3 p\u00fablicamente y en transmisi\u00f3n de\u00a0<b>Radio Durazno y Durazno TV,<\/b>\u00a0dio a conocer su reflexi\u00f3n, enviando un mensaje de \u201c<b>reconocimiento, respeto y unidad\u201d<\/b>\u00a0hacia\u00a0<b>Jorge Reyna<\/b>\u00a0y el sector \u00ab<b>Juntos por Durazno\u201d<\/b>, \u00abestoy muy contento, pero\u00a0<\/span><\/span><\/span><span style=\"color: #000000;\"><span style=\"font-family: Arial, sans-serif;\"><span style=\"font-size: large;\">quiero ser muy respetuoso con todos<\/span><\/span><\/span><span style=\"color: #000000;\"><span style=\"font-family: Arial, sans-serif;\"><span style=\"font-size: large;\">\u00ab.<\/span><\/span><\/span><\/p>\n<p align=\"LEFT\"><span style=\"color: #000000;\"><span style=\"font-family: Arial, sans-serif;\"><span style=\"font-size: large;\">Luego de enviar un \u201cfuerte agradecimiento\u201d, a\u00a0<b>Carmelo Vidal\u00edn,<\/b>\u00a0a todos los votantes, dijo que \u201cson emociones lindas,<b>\u00a0realmente estamos muy contentos,\u00a0<\/b>quiero compartirlo con toda la familia, con los amigos, con los compa\u00f1eros que hicieron posible esto y pensar siempre en el departamento y en los ciudadanos\u201d.<\/span><\/span><\/span><\/p>\n","protected":false},"excerpt":{"rendered":"<p>Todas las miradas del espectro pol\u00edtico, en especial el Partido Nacional, estuvieron puestas el viernes de tarde en la\u00a0Oficina Electoral de Durazno, donde funcionarios de la\u00a0Corte Electoral; Oficina Electoral y Delegados partidarios, realizaron el conteo de los votos Observados, de la elecci\u00f3n del domingo 27 de Octubre.<\/p>\n","protected":false},"author":4,"featured_media":5987,"comment_status":"closed","ping_status":"closed","sticky":false,"template":"","format":"standard","meta":{"footnotes":""},"categories":[5],"tags":[],"class_list":["post-5986","post","type-post","status-publish","format-standard","has-post-thumbnail","hentry","category-durazno"],"_links":{"self":[{"href":"https:\/\/paginacero.com.uy\/index.php?rest_route=\/wp\/v2\/posts\/5986","targetHints":{"allow":["GET"]}}],"collection":[{"href":"https:\/\/paginacero.com.uy\/index.php?rest_route=\/wp\/v2\/posts"}],"about":[{"href":"https:\/\/paginacero.com.uy\/index.php?rest_route=\/wp\/v2\/types\/post"}],"author":[{"embeddable":true,"href":"https:\/\/paginacero.com.uy\/index.php?rest_route=\/wp\/v2\/users\/4"}],"replies":[{"embeddable":true,"href":"https:\/\/paginacero.com.uy\/index.php?rest_route=%2Fwp%2Fv2%2Fcomments&post=5986"}],"version-history":[{"count":1,"href":"https:\/\/paginacero.com.uy\/index.php?rest_route=\/wp\/v2\/posts\/5986\/revisions"}],"predecessor-version":[{"id":5988,"href":"https:\/\/paginacero.com.uy\/index.php?rest_route=\/wp\/v2\/posts\/5986\/revisions\/5988"}],"wp:featuredmedia":[{"embeddable":true,"href":"https:\/\/paginacero.com.uy\/index.php?rest_route=\/wp\/v2\/media\/5987"}],"wp:attachment":[{"href":"https:\/\/paginacero.com.uy\/index.php?rest_route=%2Fwp%2Fv2%2Fmedia&parent=5986"}],"wp:term":[{"taxonomy":"category","embeddable":true,"href":"https:\/\/paginacero.com.uy\/index.php?rest_route=%2Fwp%2Fv2%2Fcategories&post=5986"},{"taxonomy":"post_tag","embeddable":true,"href":"https:\/\/paginacero.com.uy\/index.php?rest_route=%2Fwp%2Fv2%2Ftags&post=5986"}],"curies":[{"name":"wp","href":"https:\/\/api.w.org\/{rel}","templated":true}]}}