{"id":5980,"date":"2024-11-04T16:15:41","date_gmt":"2024-11-04T19:15:41","guid":{"rendered":"https:\/\/paginacero.com.uy\/?p=5980"},"modified":"2024-11-04T16:15:41","modified_gmt":"2024-11-04T19:15:41","slug":"orsi-firmo-compromiso-de-apoyo-a-la-policia-si-gana-incorporara-2-000-efectivos","status":"publish","type":"post","link":"https:\/\/paginacero.com.uy\/?p=5980","title":{"rendered":"Orsi firm\u00f3 compromiso de apoyo a la Polic\u00eda; si gana incorporar\u00e1 2.000 efectivos."},"content":{"rendered":"<p><strong>El candidato a la Presidencia de la Rep\u00fablica, por el\u00a0Partido Frente Amplio, Prof. Yamand\u00fa Orsi,\u00a0estuvo este lunes en Durazno, manteniendo reuniones, rueda de prensa y firm\u00f3 un compromiso a nivel del sindicato policial.<\/strong><!--more--><\/p>\n<p id=\"geom_inter_1730747248607_77_24\" align=\"LEFT\"><span style=\"color: #000000;\"><span style=\"font-family: Arial, sans-serif;\"><span id=\"geom_inter_1730747248605_45_23\" style=\"font-size: large;\" data-olk-copy-source=\"MessageBody\">En plaza Sarand\u00ed en un mensaje al aire libre, Orsi, habl\u00f3 de la importancia de conducir los destinos del pa\u00eds, se\u00f1alando que \u201cel Parlamento qued\u00f3 constituido; un Senado donde tenemos mayor\u00eda y una C\u00e1mara Representante donde ninguno de los dos conglomerados tiene mayor\u00eda por lo tanto, en ese \u00e1mbito se tendr\u00e1 que negociar; no va a ser la primera vez que el Frente (Amplio) lo tiene que hacer, porque a ver, no nos olvidemos que hubo un momento en el que perdimos la mayor\u00eda cuando uno de nuestros legisladores se cambi\u00f3 de bando; eso puede pasar, as\u00ed que con un Senado como el que tenemos, con un Parlamento como el que tenemos, con la C\u00e1mara de Representantes como la tenemos, con un Partido pol\u00edtico que creci\u00f3 un 5%. El Partido pol\u00edtico que creci\u00f3 m\u00e1s desde el punto de vista proporcional en el Uruguay es el Frente Amplio; porque a veces nos quieren mostrar que no, y la gran novedad en estas elecci\u00f3n es que el Interior funcion\u00f3 de manera inesperada\u201d, dijo, y explic\u00f3 el razonamiento.<\/span><\/span><\/span><\/p>\n<p id=\"geom_inter_1730747305611_73_28\" align=\"LEFT\"><span style=\"color: #000000;\">\u201c<span style=\"font-family: Arial, sans-serif;\"><span id=\"geom_inter_1730747305608_23_25\" style=\"font-size: large;\">Que quiero decir con esto; Durazno es ejemplo, pero nuestra fuerza pol\u00edtica creci\u00f3 en absolutamente todos, todos, los departamentos\u201d<\/span><\/span><\/span><\/p>\n<p id=\"geom_inter_1730747687601_68_45\" align=\"LEFT\"><span style=\"color: #000000;\">\u201c<span style=\"font-family: Arial, sans-serif;\"><span style=\"font-size: large;\"><b>Nueva se\u00f1al de esperanza\u201d<\/b><\/span><\/span><\/span><\/p>\n<p id=\"geom_inter_1730747305609_94_27\" align=\"LEFT\"><span style=\"color: #000000;\"><span style=\"font-family: Arial, sans-serif;\"><span id=\"geom_inter_1730747305608_17_26\" style=\"font-size: large;\">Orsi, dijo en Durazno que esa realidad que emergi\u00f3 en las elecciones del pasado domingo 27 de octubre, \u201chabla de una nueva se\u00f1al de esperanza\u201d.<\/span><\/span><\/span><\/p>\n<p id=\"geom_inter_1730747654599_90_42\" align=\"LEFT\"><span style=\"color: #000000;\">\u201c<span style=\"font-family: Arial, sans-serif;\"><span style=\"font-size: large;\">Que ocurre ahora; que tenemos que ir hacia otra elecci\u00f3n, hacia el balotaje\u201d.<\/span><\/span><\/span><\/p>\n<p id=\"geom_inter_1730747306601_52_32\" align=\"LEFT\"><span style=\"color: #000000;\"><span style=\"font-family: Arial, sans-serif;\"><span id=\"geom_inter_1730747306598_50_29\" style=\"font-size: large;\">Situaci\u00f3n que implica, dijo \u201cque ahora lo que se vota entre dos personas, entre dos opciones; dos candidaturas, dos f\u00f3rmulas que van a conducir los destinos del pa\u00eds\u201d.<\/span><\/span><\/span><\/p>\n<p align=\"LEFT\"><span style=\"color: #000000;\">\u201c<span style=\"font-family: Arial, sans-serif;\"><span style=\"font-size: large;\"><b>Nos ha ido bastante bien en segunda vuelta\u201d<\/b><\/span><\/span><\/span><\/p>\n<p id=\"geom_inter_1730747306598_18_31\" align=\"LEFT\"><span style=\"color: #000000;\"><span style=\"font-family: Arial, sans-serif;\"><span id=\"geom_inter_1730747306598_13_30\" style=\"font-size: large;\">Ante la consulta sobre si el Frente Amplio tiene \u201cm\u00e1s seguro\u201d que la Coalici\u00f3n Republicana, retener los votos que lo apoyaron, el candidato oriundo de Canelones, dijo que \u201cno soy quien para determinar eso no soy polit\u00f3logo, simplemente hay que mirar lo que han sido los antecedentes del frente, es un partido y llev\u00f3 un candidato el resto de los partidos se van candidato distinto y ahora tienen que fidelizar y acompa\u00f1ar a alguien que no votaron entonces eso es todo una un desaf\u00edo. Bueno, se ver\u00e1, se ver\u00e1 de los antecedentes, han dicho han mostrado que a nosotros nos ha ido bastante bien en la segunda vuelta, pero a ver uno tiene que trancar.<\/span><\/span><\/span><\/p>\n<p id=\"geom_inter_1730747307600_43_33\" align=\"LEFT\"><span style=\"color: #000000;\"><span style=\"font-family: Arial, sans-serif;\"><span style=\"font-size: large;\">En la oportunidad, junto a Orsi estuvieron varios dirigentes locales, entre otros, la<b>\u00a0<\/b><b>Presidenta del FA Durazno, Dra. Magdalena Recoba.<\/b><\/span><\/span><\/span><\/p>\n<p id=\"geom_inter_1730747307601_63_36\" align=\"LEFT\"><span style=\"color: #000000;\"><span style=\"font-family: Arial, sans-serif;\"><span style=\"font-size: large;\"><b>Yamand\u00fa Orsi,<\/b><span id=\"geom_inter_1730747307600_49_34\">\u00a0en sus redes sociales, inform\u00f3 que \u201c<\/span><span id=\"geom_inter_1730747307600_91_35\">Durante la reuni\u00f3n con la Coordinadora Nacional de Sindicatos Policiales en Durazno, firm\u00e9 un documento con el compromiso de respaldar y proteger a la Polic\u00eda Nacional. Nuestro gobierno contar\u00e1 con 2.000 efectivos policiales nuevos y un sistema de becarios para comisar\u00edas.<\/span><\/span><\/span><\/span><\/p>\n<p id=\"geom_inter_1730747308608_50_38\" align=\"LEFT\"><span style=\"color: #000000;\"><span style=\"font-family: Arial, sans-serif;\"><span style=\"font-size: large;\"><span id=\"geom_inter_1730747308607_30_37\"><b>Ra\u00fal Licandro<\/b>, del sector\u00a0<b id=\"geom_inter_1730747689603_37_46\">Orejanos<\/b><span id=\"geom_inter_1730747689604_37_47\">, destac\u00f3 que \u201c<\/span>Orsi,comparti\u00f3 con la gente en Plaza Independencia. Tambi\u00e9n escuch\u00f3 a los trabajadores de Soof BPU Durazno, que le transmitieron su problem\u00e1tica, atendi\u00f3 a la prensa y se reuni\u00f3 con la Coordinadora Nacional de Sindicatos Policiales para hablar de seguridad, justo en momentos que \u00e9ste tema sacude la sociedad duraznense\u201d, inform\u00f3<\/span><\/span><\/span><\/span><\/p>\n","protected":false},"excerpt":{"rendered":"<p>El candidato a la Presidencia de la Rep\u00fablica, por el\u00a0Partido Frente Amplio, Prof. Yamand\u00fa Orsi,\u00a0estuvo este lunes en Durazno, manteniendo reuniones, rueda de prensa y firm\u00f3 un compromiso a nivel del sindicato policial.<\/p>\n","protected":false},"author":4,"featured_media":5981,"comment_status":"closed","ping_status":"closed","sticky":false,"template":"","format":"standard","meta":{"footnotes":""},"categories":[5],"tags":[],"class_list":["post-5980","post","type-post","status-publish","format-standard","has-post-thumbnail","hentry","category-durazno"],"_links":{"self":[{"href":"https:\/\/paginacero.com.uy\/index.php?rest_route=\/wp\/v2\/posts\/5980","targetHints":{"allow":["GET"]}}],"collection":[{"href":"https:\/\/paginacero.com.uy\/index.php?rest_route=\/wp\/v2\/posts"}],"about":[{"href":"https:\/\/paginacero.com.uy\/index.php?rest_route=\/wp\/v2\/types\/post"}],"author":[{"embeddable":true,"href":"https:\/\/paginacero.com.uy\/index.php?rest_route=\/wp\/v2\/users\/4"}],"replies":[{"embeddable":true,"href":"https:\/\/paginacero.com.uy\/index.php?rest_route=%2Fwp%2Fv2%2Fcomments&post=5980"}],"version-history":[{"count":1,"href":"https:\/\/paginacero.com.uy\/index.php?rest_route=\/wp\/v2\/posts\/5980\/revisions"}],"predecessor-version":[{"id":5982,"href":"https:\/\/paginacero.com.uy\/index.php?rest_route=\/wp\/v2\/posts\/5980\/revisions\/5982"}],"wp:featuredmedia":[{"embeddable":true,"href":"https:\/\/paginacero.com.uy\/index.php?rest_route=\/wp\/v2\/media\/5981"}],"wp:attachment":[{"href":"https:\/\/paginacero.com.uy\/index.php?rest_route=%2Fwp%2Fv2%2Fmedia&parent=5980"}],"wp:term":[{"taxonomy":"category","embeddable":true,"href":"https:\/\/paginacero.com.uy\/index.php?rest_route=%2Fwp%2Fv2%2Fcategories&post=5980"},{"taxonomy":"post_tag","embeddable":true,"href":"https:\/\/paginacero.com.uy\/index.php?rest_route=%2Fwp%2Fv2%2Ftags&post=5980"}],"curies":[{"name":"wp","href":"https:\/\/api.w.org\/{rel}","templated":true}]}}