{"id":5971,"date":"2024-11-01T10:46:16","date_gmt":"2024-11-01T13:46:16","guid":{"rendered":"https:\/\/paginacero.com.uy\/?p=5971"},"modified":"2024-11-01T10:46:16","modified_gmt":"2024-11-01T13:46:16","slug":"comision-de-descentralizacion-aprobo-dos-proyectos-para-durazno","status":"publish","type":"post","link":"https:\/\/paginacero.com.uy\/?p=5971","title":{"rendered":"Comisi\u00f3n de Descentralizaci\u00f3n aprob\u00f3 dos proyectos para Durazno"},"content":{"rendered":"<p><strong>El Congreso Nacional de Intendentes, a trav\u00e9s de la\u00a0Comisi\u00f3n Sectorial de Descentralizaci\u00f3n, mantuvo una nueva reuni\u00f3n el jueves, en donde abord\u00f3 un extenso orden del d\u00eda con enfoque en la aprobaci\u00f3n de proyectos estrat\u00e9gicos destinados a mejorar la infraestructura, los servicios y la calidad de vida en varios departamentos del pa\u00eds.\u00a0<\/strong><!--more--><\/p>\n<div id=\"geom_inter_1730468701368_40_29\"><span id=\"geom_inter_1730468708371_57_30\" style=\"font-size: large;\" data-olk-copy-source=\"MessageBody\">La sesi\u00f3n -de la que particip\u00f3 el\u00a0<b id=\"geom_inter_1730468701366_21_28\">Intendente de Durazno, Lic. Carmelo Vidal\u00edn-<\/b>\u00a0inici\u00f3 con la aprobaci\u00f3n del Acta de la reuni\u00f3n anterior del 26 de Septiembre 2024.<\/span><\/div>\n<p><span id=\"geom_inter_1730468725358_6_33\" style=\"font-size: large;\"><b id=\"geom_inter_1730468725357_45_32\">Fondo de Desarrollo del Interior (FDI)<\/b><br \/>\nSe presentaron 20 proyectos provenientes de Artigas, Canelones, Durazno, Florida, Lavalleja, R\u00edo Negro, Rivera, Rocha, Salto y Treinta y Tres, con una inversi\u00f3n total de $338.945.281.<br \/>\nPara el caso de la Intendencia de Durazno, los dos proyectos aprobados fueron los siguientes:<br \/>\nMejora de la circulaci\u00f3n en\u00a0<b id=\"geom_inter_1730468728361_59_34\">Avda. H\u00e9ctor Petrini de la Ciudad de Sarand\u00ed del Yi<\/b>, por una suma de<b>\u00a0$ 8.348.514\u00a0<\/b>y la adquisici\u00f3n de cami\u00f3n para el Municipio de\u00a0<b>Ciudad del Carmen, por $ 3.000.000.<\/b><\/span><span id=\"geom_inter_1730468728361_13_36\" style=\"font-size: large;\"><\/p>\n<p><b id=\"geom_inter_1730468728361_90_35\">Programa Caminos Rurales Productivos (PCRP)<\/b><br \/>\nEl informe del PCRP destac\u00f3 cinco proyectos en evaluaci\u00f3n en Cerro Largo, Colonia, Paysand\u00fa, Rocha y Soriano. En cuanto a la certificaci\u00f3n correspondiente a la ejecuci\u00f3n del mes de setiembre 2024, se inform\u00f3 que la misma asciende a $ 60:583.227.<br \/>\nSobre el informe del\u00a0<b>Programa Mantenimiento Caminer\u00eda Rural<\/b>, Proyecto 999, se aprob\u00f3 un plan de mantenimiento anual de\u00a0<b>caminer\u00eda rural en Montevideo.<\/b><br \/>\n<b id=\"geom_inter_1730468729351_7_37\">Informe Fondo de Incentivo a la Gesti\u00f3n Municipal (FIGM)<\/b><br \/>\nEn cuanto al Fondo de Incentivo a la Gesti\u00f3n Municipal (FIGM), se present\u00f3 un Plan Operativo Anual (POA) 2024 para el municipio de Porvenir (Paysand\u00fa) y varias modificaciones de planes pertenecientes a los municipios de Baltasar Brum del departamento de Artigas, Barros Blancos y Las Piedras del departamento de Canelones, Jos\u00e9 Batlle y Ordo\u00f1ez y Sol\u00eds de Mataojo del departamento de Lavalleja, Municipio A y CH del departamento de Montevideo y Municipio de Young del departamento de R\u00edo Negro.<br \/>\nAdem\u00e1s se inform\u00f3 que durante el mes de septiembre, se procesaron 221 certificaciones por un total de $ 153.503.756 en recursos transferidos a los Municipios.<br \/>\n<\/span><\/p>\n<div id=\"geom_inter_1730468730367_90_40\"><span id=\"geom_inter_1730468730363_32_38\" style=\"font-size: large;\">Con esta jornada, la comisi\u00f3n reafirma su compromiso con el desarrollo descentralizado del pa\u00eds y la mejora continua de las condiciones de vida en cada departamento. Actualmente la Comisi\u00f3n Sectorial de Descentralizaci\u00f3n es presidida por el\u00a0<b id=\"geom_inter_1730468730364_30_39\">Presidente del Congreso de Intendentes e Intendente de Maldonado Ing. Agr. Enrique Ant\u00eda.<\/b><\/span><\/div>\n","protected":false},"excerpt":{"rendered":"<p>El Congreso Nacional de Intendentes, a trav\u00e9s de la\u00a0Comisi\u00f3n Sectorial de Descentralizaci\u00f3n, mantuvo una nueva reuni\u00f3n el jueves, en donde abord\u00f3 un extenso orden del d\u00eda con enfoque en la aprobaci\u00f3n de proyectos estrat\u00e9gicos destinados a mejorar la infraestructura, los servicios y la calidad de vida en varios departamentos del pa\u00eds.\u00a0<\/p>\n","protected":false},"author":4,"featured_media":5972,"comment_status":"closed","ping_status":"closed","sticky":false,"template":"","format":"standard","meta":{"footnotes":""},"categories":[5],"tags":[],"class_list":["post-5971","post","type-post","status-publish","format-standard","has-post-thumbnail","hentry","category-durazno"],"_links":{"self":[{"href":"https:\/\/paginacero.com.uy\/index.php?rest_route=\/wp\/v2\/posts\/5971","targetHints":{"allow":["GET"]}}],"collection":[{"href":"https:\/\/paginacero.com.uy\/index.php?rest_route=\/wp\/v2\/posts"}],"about":[{"href":"https:\/\/paginacero.com.uy\/index.php?rest_route=\/wp\/v2\/types\/post"}],"author":[{"embeddable":true,"href":"https:\/\/paginacero.com.uy\/index.php?rest_route=\/wp\/v2\/users\/4"}],"replies":[{"embeddable":true,"href":"https:\/\/paginacero.com.uy\/index.php?rest_route=%2Fwp%2Fv2%2Fcomments&post=5971"}],"version-history":[{"count":1,"href":"https:\/\/paginacero.com.uy\/index.php?rest_route=\/wp\/v2\/posts\/5971\/revisions"}],"predecessor-version":[{"id":5973,"href":"https:\/\/paginacero.com.uy\/index.php?rest_route=\/wp\/v2\/posts\/5971\/revisions\/5973"}],"wp:featuredmedia":[{"embeddable":true,"href":"https:\/\/paginacero.com.uy\/index.php?rest_route=\/wp\/v2\/media\/5972"}],"wp:attachment":[{"href":"https:\/\/paginacero.com.uy\/index.php?rest_route=%2Fwp%2Fv2%2Fmedia&parent=5971"}],"wp:term":[{"taxonomy":"category","embeddable":true,"href":"https:\/\/paginacero.com.uy\/index.php?rest_route=%2Fwp%2Fv2%2Fcategories&post=5971"},{"taxonomy":"post_tag","embeddable":true,"href":"https:\/\/paginacero.com.uy\/index.php?rest_route=%2Fwp%2Fv2%2Ftags&post=5971"}],"curies":[{"name":"wp","href":"https:\/\/api.w.org\/{rel}","templated":true}]}}