{"id":5968,"date":"2024-11-01T10:44:35","date_gmt":"2024-11-01T13:44:35","guid":{"rendered":"https:\/\/paginacero.com.uy\/?p=5968"},"modified":"2024-11-01T10:44:35","modified_gmt":"2024-11-01T13:44:35","slug":"durazno-vivio-halloween-a-su-manera","status":"publish","type":"post","link":"https:\/\/paginacero.com.uy\/?p=5968","title":{"rendered":"Durazno vivi\u00f3 Halloween a su manera"},"content":{"rendered":"<p><strong>La celebraci\u00f3n colm\u00f3 las veredas en buena parte de la ciudad, con peque\u00f1os, y otros no tanto, pidiendo por caramelos y golosinas, a cambio de no hacer travesuras.<\/strong><!--more--><\/p>\n<p><span style=\"color: #000000; font-size: large;\"><span style=\"font-family: Arial, sans-serif;\"><span data-olk-copy-source=\"MessageBody\">Las mam\u00e1 y los pap\u00e1, los abuelos y las t\u00edas, acompa\u00f1aron de la mano, cuidadosamente a los m\u00e1s chiquitos, disfrazados de diablos, brujos, vampiros, pero tambi\u00e9n de princesas y doncellas.<\/span><\/span><\/span><\/p>\n<p><span style=\"color: #000000; font-size: large;\"><span style=\"font-family: Arial, sans-serif;\">En Durazno el jueves 31 desde la tardecita y hasta la noche, sitios como las\u00a0<b>plazas Sarand\u00ed, Independencia, Artigas,\u00a0<\/b>y diferentes puntos de la ciudad, se vistieron de fiesta para celebrar y divertirse.<\/span><\/span><\/p>\n<p><span style=\"color: #000000; font-size: large;\"><span style=\"font-family: Arial, sans-serif;\"><b>El significado de una fiesta \u201cfor\u00e1nea\u201d<\/b><\/span><\/span><\/p>\n<p><span style=\"color: #000000; font-size: large;\"><span style=\"font-family: Arial, sans-serif;\">Halloween o Hallowe&#8217;en, es una fiesta que se celebra el 31 de octubre, v\u00edspera de la fiesta cristiana occidental de Todos los Santos. Inicia la conmemoraci\u00f3n de Allhallowtide, el tiempo del a\u00f1o lit\u00fargico dedicado a recordar a los muertos, incluidos los santos, los m\u00e1rtires y todos los fieles difuntos<\/span><\/span><\/p>\n","protected":false},"excerpt":{"rendered":"<p>La celebraci\u00f3n colm\u00f3 las veredas en buena parte de la ciudad, con peque\u00f1os, y otros no tanto, pidiendo por caramelos y golosinas, a cambio de no hacer travesuras.<\/p>\n","protected":false},"author":4,"featured_media":5969,"comment_status":"closed","ping_status":"closed","sticky":false,"template":"","format":"standard","meta":{"footnotes":""},"categories":[5],"tags":[],"class_list":["post-5968","post","type-post","status-publish","format-standard","has-post-thumbnail","hentry","category-durazno"],"_links":{"self":[{"href":"https:\/\/paginacero.com.uy\/index.php?rest_route=\/wp\/v2\/posts\/5968","targetHints":{"allow":["GET"]}}],"collection":[{"href":"https:\/\/paginacero.com.uy\/index.php?rest_route=\/wp\/v2\/posts"}],"about":[{"href":"https:\/\/paginacero.com.uy\/index.php?rest_route=\/wp\/v2\/types\/post"}],"author":[{"embeddable":true,"href":"https:\/\/paginacero.com.uy\/index.php?rest_route=\/wp\/v2\/users\/4"}],"replies":[{"embeddable":true,"href":"https:\/\/paginacero.com.uy\/index.php?rest_route=%2Fwp%2Fv2%2Fcomments&post=5968"}],"version-history":[{"count":1,"href":"https:\/\/paginacero.com.uy\/index.php?rest_route=\/wp\/v2\/posts\/5968\/revisions"}],"predecessor-version":[{"id":5970,"href":"https:\/\/paginacero.com.uy\/index.php?rest_route=\/wp\/v2\/posts\/5968\/revisions\/5970"}],"wp:featuredmedia":[{"embeddable":true,"href":"https:\/\/paginacero.com.uy\/index.php?rest_route=\/wp\/v2\/media\/5969"}],"wp:attachment":[{"href":"https:\/\/paginacero.com.uy\/index.php?rest_route=%2Fwp%2Fv2%2Fmedia&parent=5968"}],"wp:term":[{"taxonomy":"category","embeddable":true,"href":"https:\/\/paginacero.com.uy\/index.php?rest_route=%2Fwp%2Fv2%2Fcategories&post=5968"},{"taxonomy":"post_tag","embeddable":true,"href":"https:\/\/paginacero.com.uy\/index.php?rest_route=%2Fwp%2Fv2%2Ftags&post=5968"}],"curies":[{"name":"wp","href":"https:\/\/api.w.org\/{rel}","templated":true}]}}