{"id":5961,"date":"2024-10-31T16:17:45","date_gmt":"2024-10-31T19:17:45","guid":{"rendered":"https:\/\/paginacero.com.uy\/?p=5961"},"modified":"2024-10-31T16:17:45","modified_gmt":"2024-10-31T19:17:45","slug":"300-competidores-estaran-en-sarandi-del-yi-en-diciembre","status":"publish","type":"post","link":"https:\/\/paginacero.com.uy\/?p=5961","title":{"rendered":"300 competidores estar\u00e1n en Sarand\u00ed del Yi en diciembre"},"content":{"rendered":"<p><strong>Dami\u00e1n Lorenzo y Virginia Torena, integrantes del grupo de deportistas\u00a0\u201cEl Abrojo\u201d,\u00a0dieron detalles de la convocatoria del domingo 15 de diciembre en el\u00a0\u201cParque El\u00edas Regules\u201d, de Sarand\u00ed del Yi,\u00a0a partir de la hora 09.00 y durante todo el d\u00eda.<\/strong><!--more--><\/p>\n<p align=\"LEFT\"><span style=\"color: #000000; font-size: large;\" data-olk-copy-source=\"MessageBody\">\u201c<span style=\"font-family: Arial, sans-serif;\">Me encanta que lleven adelante esta jornada de Mountain Bike el 15 de diciembre con \u201cEl Abrojo\u201d. Nos encanta estar desde la Sala Valent\u00edn Arias, para promover esta actividad.\u00a0<\/span><\/span><\/p>\n<p align=\"LEFT\"><span style=\"color: #000000; font-size: large;\"><span style=\"font-family: Arial, sans-serif;\">Como Intendente veo esta actividad con muy buenos ojos, primero, deporte, segundo, recreaci\u00f3n, tercero, amistad, cuarto, uni\u00f3n, quinto, confraternidad, y puedo seguir agregando otra serie de calificaciones que son todas aplicables a lo que es esta actividad\u201d, dijo el<b>\u00a0Intendente de Durazno, Lic. Carmelo Vidal\u00edn<\/b>, qui\u00e9n destac\u00f3 la serie de eventos que se estar\u00e1n cumpliendo en Sarand\u00ed del Yi, \u00abest\u00e1<\/span><span style=\"font-family: Arial, sans-serif;\">\u00a0de fiesta desde ahora. Tenemos el\u00a0<b>Cordero Pesado<\/b>; tenemos esta fiesta que organiza<b>\u00a0El Abrojo;<\/b>\u00a0tenemos despu\u00e9s el<b>\u00a0149 aniversario de Sarand\u00ed del Yi el 29 de diciembre<\/b>\u201d, resalt\u00f3 el jefe comunal.<\/span><\/span><\/p>\n<p align=\"LEFT\"><span style=\"font-family: Arial, sans-serif; font-size: large;\"><b>Oscar Reyes: \u201cActividad muy importante para Sarand\u00ed del Yi\u201d.<\/b><\/span><\/p>\n<p><span style=\"font-size: large;\">\u201c<span style=\"font-family: Arial, sans-serif;\">Para m\u00ed como Alcalde, para el Concejo y para Sarand\u00ed del Yi, es un orgullo tener un grupo como El Abrojo, la manera como ellos se desempe\u00f1an, y con todos los atributos que \u201cCacho\u201d (Vidal\u00edn) recibi\u00f3, totalmente de acuerdo, y es muy importante esta actividad, que es un desempe\u00f1o. Solo los quiero saludar, indudablemente, es muy importante todo eso y espero que sigan adelante y que la actividad que van a tener el 15 de diciembre, sea un \u00e9xito\u201d, dijo Reyes.<\/span><\/span><\/p>\n<p><span style=\"font-family: Arial, sans-serif; font-size: large;\"><b>Organizadores: Convocatoria sin fines de lucro<\/b><\/span><\/p>\n<p><span style=\"color: #000000; font-size: large;\">\u201c<span style=\"font-family: Arial, sans-serif;\">Esto para nosotros tiene un valor muy alto, que nos ayuden a promocionar, que nos tengan en cuenta, es algo muy importante, porque esta carrera en s\u00ed, es como la frutilla de la torta de lo que hacemos o de lo que desde el grupo se quiso hacer; porque el grupo en realidad, como dijo \u201cCacho\u201d (Vidal\u00edn), es divertirse, no es competici\u00f3n, es salir a rodar y a disfrutar\u201d.<\/span><\/span><\/p>\n<p><span style=\"font-size: large;\">\u201c<span style=\"font-family: Arial, sans-serif;\">Y con esta carrera lo que hacemos tambi\u00e9n, que cabe aclarar que es sin fin de lucro, lo que ingresa con la carrera, que son las inscripciones y eso, tratamos de volcar de nuevo a la sociedad. Lo que queremos en nuestra ciudad es volcarlo nuevamente\u201d, se\u00f1al\u00f3\u00a0<span style=\"color: #000000;\"><b>Dami\u00e1n Lorenzo<\/b>.<\/span><\/span><\/span><\/p>\n<p><span style=\"font-family: Arial, sans-serif; font-size: large;\"><span style=\"color: #000000;\">Agreg\u00f3 que un tiempo atr\u00e1s se produjo un\u00a0<\/span>siniestro de tr\u00e1nsito y ayudaron al ciclista involucrado, \u201ctratamos de estar en todo lo que sea posible, somos un grupo de amigos, es un conjunto y estamos para disfrutar. Y la carrera es la frutilla de la torta, que nos sacamos el gusto para hacerla, como as\u00ed nosotros vamos todos los fines de semana a otro lado\u201d.<\/span><\/p>\n<p><span style=\"font-family: Arial, sans-serif; font-size: large;\">La prueba competitiva son aproximadamente 55 kil\u00f3metros, y la promociona 30 kil\u00f3metros\u201d y el participante \u201cque quiera hacer 30 o prefiera 55 kil\u00f3metros, se espera hasta que llegue a la meta; cada uno lo hace a su ritmo y hasta que el \u00faltimo llegue\u201d.<\/span><\/p>\n<p><span style=\"font-family: Arial, sans-serif; font-size: large;\">Una largada ser\u00e1 a la hora 09.00, \u201cdespu\u00e9s tenemos circuitos para ni\u00f1os, tenemos para todos los competidores; premiamos del primero al quinto puesto y medallas para todos los que completen el recorrido\u201d. La organizaci\u00f3n espera la presencia de unos 300 competidores en total.\u00a0<span style=\"color: #000000;\">Se dispondr\u00e1 de\u00a0<\/span>varios puestos de hidrataci\u00f3n, mesa de frutas a la llegada, regalos de las marcas que colaboran, informaron.\u00a0<\/span><span style=\"font-size: large;\">\u201c<span style=\"font-family: Arial, sans-serif;\">Tambi\u00e9n tenemos la parte de comidas y se lo damos a instituciones sociales que en este momento no est\u00e1n todav\u00eda definidas; generalmente tratamos de que sean, por ejemplo, escuelas o grupos de Sarand\u00ed del Yi\u201d, subray\u00f3,\u00a0<\/span><\/span><span style=\"color: #000000; font-size: large;\"><span style=\"font-family: Arial, sans-serif;\"><b>Virginia Torena.<\/b><\/span><\/span><\/p>\n<p><span style=\"font-family: Arial, sans-serif; font-size: large;\"><b>Rivas: \u201cevento promueve las conductas saludables\u201d<\/b><\/span><\/p>\n<p><span style=\"font-family: Arial, sans-serif; font-size: large;\"><span style=\"color: #000000;\">Por su parte, el\u00a0<b>Prof. Mauricio Rivas, Inspector Departamental de la Secretar\u00eda Nacional del Deporte (Senade),<\/b>\u00a0dijo que \u201ces una obligaci\u00f3n moral y un placer acompa\u00f1ar a este grupo de deportistas, que promueven las conductas saludables, que es el objetivo principal, y a los calificativos que, con mucha certeza mencion\u00f3 el\u00a0<b>Intendente Departamental (Lic. Carmelo Vidal\u00edn),<\/b>\u00a0yo le agregar\u00eda que este movimiento deja traslucir un concepto de familia, no?; hay padres, hay compa\u00f1eras, esposas, primos, abuelas, y me parece que ese es el camino que debe recorrer el deporte comunitario. De mi parte, en nombre de la Secretar\u00eda Nacional del Deporte, felicitar la iniciativa\u201d.<\/span><\/span><\/p>\n<p align=\"LEFT\"><span style=\"color: #000000; font-size: large;\"><span style=\"font-family: Arial, sans-serif;\">Pre inscripci\u00f3n en:\u00a0<a id=\"LPlnk506857\" href=\"http:\/\/www.cronomtb.uy\/\" target=\"_blank\" rel=\"noopener noreferrer\" data-auth=\"NotApplicable\" data-linkindex=\"0\">www.cronomtb.uy<\/a>\u00a0&#8211;<\/span><\/span><span style=\"font-family: Arial, sans-serif; font-size: large;\"><span style=\"color: #000000;\">099978107 o 099 937 893<\/span><\/span><\/p>\n","protected":false},"excerpt":{"rendered":"<p>Dami\u00e1n Lorenzo y Virginia Torena, integrantes del grupo de deportistas\u00a0\u201cEl Abrojo\u201d,\u00a0dieron detalles de la convocatoria del domingo 15 de diciembre en el\u00a0\u201cParque El\u00edas Regules\u201d, de Sarand\u00ed del Yi,\u00a0a partir de la hora 09.00 y durante todo el d\u00eda.<\/p>\n","protected":false},"author":4,"featured_media":5962,"comment_status":"closed","ping_status":"closed","sticky":false,"template":"","format":"standard","meta":{"footnotes":""},"categories":[5],"tags":[],"class_list":["post-5961","post","type-post","status-publish","format-standard","has-post-thumbnail","hentry","category-durazno"],"_links":{"self":[{"href":"https:\/\/paginacero.com.uy\/index.php?rest_route=\/wp\/v2\/posts\/5961","targetHints":{"allow":["GET"]}}],"collection":[{"href":"https:\/\/paginacero.com.uy\/index.php?rest_route=\/wp\/v2\/posts"}],"about":[{"href":"https:\/\/paginacero.com.uy\/index.php?rest_route=\/wp\/v2\/types\/post"}],"author":[{"embeddable":true,"href":"https:\/\/paginacero.com.uy\/index.php?rest_route=\/wp\/v2\/users\/4"}],"replies":[{"embeddable":true,"href":"https:\/\/paginacero.com.uy\/index.php?rest_route=%2Fwp%2Fv2%2Fcomments&post=5961"}],"version-history":[{"count":1,"href":"https:\/\/paginacero.com.uy\/index.php?rest_route=\/wp\/v2\/posts\/5961\/revisions"}],"predecessor-version":[{"id":5963,"href":"https:\/\/paginacero.com.uy\/index.php?rest_route=\/wp\/v2\/posts\/5961\/revisions\/5963"}],"wp:featuredmedia":[{"embeddable":true,"href":"https:\/\/paginacero.com.uy\/index.php?rest_route=\/wp\/v2\/media\/5962"}],"wp:attachment":[{"href":"https:\/\/paginacero.com.uy\/index.php?rest_route=%2Fwp%2Fv2%2Fmedia&parent=5961"}],"wp:term":[{"taxonomy":"category","embeddable":true,"href":"https:\/\/paginacero.com.uy\/index.php?rest_route=%2Fwp%2Fv2%2Fcategories&post=5961"},{"taxonomy":"post_tag","embeddable":true,"href":"https:\/\/paginacero.com.uy\/index.php?rest_route=%2Fwp%2Fv2%2Ftags&post=5961"}],"curies":[{"name":"wp","href":"https:\/\/api.w.org\/{rel}","templated":true}]}}