{"id":5958,"date":"2024-10-31T16:15:09","date_gmt":"2024-10-31T19:15:09","guid":{"rendered":"https:\/\/paginacero.com.uy\/?p=5958"},"modified":"2024-10-31T16:15:09","modified_gmt":"2024-10-31T19:15:09","slug":"montes-de-oca-confirmo-formula-a-la-idd-con-adriana-vinales","status":"publish","type":"post","link":"https:\/\/paginacero.com.uy\/?p=5958","title":{"rendered":"Montes de Oca confirm\u00f3 f\u00f3rmula a la IDD con Adriana Vi\u00f1ales"},"content":{"rendered":"<p><strong>\u00abQue Durazno ya empiece a saber quien es el candidato del Partido Colorado\u201d, sostuvo quien fue el m\u00e1s votado en el departamento en las elecciones Internas y en las Nacionales por el\u00a0Partido Colorado, Gabriel Montes de Oca, Lista 318.<\/strong><!--more--><\/p>\n<p><span style=\"color: #000000;\"><span style=\"font-family: Arial, sans-serif;\"><span style=\"font-size: large;\"><b data-olk-copy-source=\"MessageBody\">Confirm\u00f3 as\u00ed\u00a0<\/b>la primera candidatura que tendr\u00e1 su Partido hacia la comuna duraznense, f\u00f3rmula que integrar\u00e1 con\u00a0<b>Adriana Vi\u00f1ales,<\/b>\u00a0docente Analista de Sistemas -hija del recordado dirigente Colorado,\u00a0<b>Manuel \u201cPil\u00edn\u201d Vi\u00f1ales.<\/b><\/span><\/span><\/span><\/p>\n<p><span style=\"color: #000000;\">\u201c<span style=\"font-family: Arial, sans-serif;\"><span style=\"font-size: large;\">Gracias a todo este equipo que me respalda y un gracias enorme a Dios porque siempre me ha dado la fortaleza y la sabidur\u00eda para transitar en estos caminos y m\u00e1s cuando hay que en estos desaf\u00edos, que son dif\u00edciles, competir con tres o cuatro listas que van contra vos, es muy importante porque nos fortalece y nos da sabidur\u00eda\u201d.<\/span><\/span><\/span><\/p>\n<p><span style=\"color: #000000;\">\u201c<span style=\"font-family: Arial, sans-serif;\"><span style=\"font-size: large;\">Yo tengo un debe con Dios, no tengo un debe con el Partido Colorado, que llevamos a recuperar la Diputaci\u00f3n y en ese camino estamos transitando hoy el Partido est\u00e1 con el 20 %, le aseguro que voy a dar la batalla en Mayo con la departamental y ya voy a proclamar la f\u00f3rmula\u00a0<b>Montes de Oca (Adriana) Vi\u00f1ales<\/b>\u201d, manifest\u00f3.<\/span><\/span><\/span><\/p>\n<p><span style=\"color: #000000;\">\u201c<span style=\"font-family: Arial, sans-serif;\"><span style=\"font-size: large;\">Lo puedo decir con autoridad, porque tenemos la mayor\u00eda en la Convenci\u00f3n Departamental, o sea que vamos a ir a la Convenci\u00f3n, ya con esa f\u00f3rmula planteada y plasmada, para que ya Durazno empiece a saber qui\u00e9n es el candidato al Partido Colorado; hoy el Partido Colorado tiene que sentirse orgulloso; toda esta gente que nos respald\u00f3, que se debe a toda esta gente que est\u00e1 ac\u00e1; este trabajo, este triunfo y es un triunfo para todos ustedes gente, y les agradezco a todos los dirigentes y tambi\u00e9n voy a felicitar a mis correligionarios, que hoy estuvieron en la cancha transpirando la camiseta por el Partido Colorado, y ese<b>\u00a020 %\u00a0<\/b>tambi\u00e9n le pertenece a ellos, as\u00ed que felicitaciones y gracias por seguir trabajando en todo el Partido Colorado\u201d.<\/span><\/span><\/span><\/p>\n<p><span style=\"color: #000000;\">\u201c<span style=\"font-family: Arial, sans-serif;\"><span style=\"font-size: large;\"><b>Durazno necesita un cambio; estamos dispuestos a dar la batalla\u201d.<\/b><\/span><\/span><\/span><\/p>\n<p><span style=\"color: #000000;\"><span style=\"font-family: Arial, sans-serif;\"><span style=\"font-size: large;\">M\u00e1s adelante el integrante del sector del\u00a0<b>Dr. Andr\u00e9s Ojeda,<\/b>\u00a0se refiri\u00f3 al retorno a la actividad pol\u00edtica del\u00a0<b>Dr. Pedro Bordaberry.<\/b><\/span><\/span><\/span><\/p>\n<p><span style=\"color: #000000;\">\u201c<span style=\"font-family: Arial, sans-serif;\"><span style=\"font-size: large;\">Yo le ven\u00eda diciendo al equipo t\u00e9cnico y al equipo log\u00edstico con el que ven\u00edamos trabajando; que no compet\u00edamos con los candidatos departamentales; est\u00e1bamos compitiendo con un gran legislador como\u00a0<b>Pedro Bordaberry<\/b>, y bueno, tiene que sentirse orgullosa esta gente, todos ustedes, este equipo, tienen que sentirse orgullosos porque est\u00e1bamos hoy dando la batalla a\u00a0<b>Pedro Bordaberry,<\/b>\u00a0a un gran legislador como es Pedro\u201d.<\/span><\/span><\/span><\/p>\n<p><span style=\"color: #000000;\">\u201c<span style=\"font-family: Arial, sans-serif;\"><span style=\"font-size: large;\">Esperemos que sea Legislador, que sea Senador, porque el Partido (Colorado) lo necesita en la cancha y lo necesita en el Senado\u201d.<\/span><\/span><\/span><\/p>\n<p><span style=\"color: #000000;\">\u201c<span style=\"font-family: Arial, sans-serif;\"><span style=\"font-size: large;\">Yo me siento orgulloso de todo el equipo que me acompa\u00f1\u00f3, no tengo palabras de agradecimiento a toda esa gente que puso el voto hoy, que confi\u00f3 en nosotros, y que ma\u00f1ana tenemos que dar la cara con responsabilidad y con compromiso para darle soluci\u00f3n a esa gente, al Interior profundo, a todos los dirigentes, a La Paloma, Blanquillo, San Jorge, Carlos Reyles, Centenario, Carmen; Sarand\u00ed del Yi; a todos esos dirigentes un abrazo enorme, un agradecimiento enorme, y que ma\u00f1ana empezamos a trabajar por Durazno, para dar la batalla a la I<b>ntendencia Departamental de Durazno,<\/b>\u00a0porque necesita un cambio Durazno, y hoy\u00a0estamos dispuestos a dar la batalla\u201d.<\/span><\/span><\/span><\/p>\n<p><span style=\"color: #000000;\"><span style=\"font-family: Arial, sans-serif;\"><span style=\"font-size: large;\"><b>Montes de Oca<\/b>, resalt\u00f3 que \u201csea cual sea el resultado, nos gustan los desaf\u00edos, y en los desaf\u00edos tenemos voluntad para ganar\u201d.<\/span><\/span><\/span><\/p>\n<p><span style=\"color: #000000;\">\u201c<span style=\"font-family: Arial, sans-serif;\"><span style=\"font-size: large;\">Esta es la decisi\u00f3n del sector, tiene mayor\u00eda entre la Convenci\u00f3n, la vamos a nombrar a la Convenci\u00f3n en diciembre, y ya vamos a ir con esta f\u00f3rmula. Que los otros junten los convencionales y nombren sus otras candidaturas, porque le tenemos que dar al Partido (Colorado), dos candidaturas potentes\u201d.<\/span><\/span><\/span><\/p>\n<p><span style=\"color: #000000;\"><span style=\"font-family: Arial, sans-serif;\"><span style=\"font-size: large;\"><b>Vi\u00f1ales<\/b>, viene haciendo en este 2024, sus primeras apariciones como activa dirigente en el \u00e1mbito pol\u00edtico partidario, integrando el equipo de asesores de\u00a0<b>Montes de Oca<\/b>.<\/span><\/span><\/span><\/p>\n<p><span style=\"color: #000000; font-size: large;\">Con 32 a\u00f1os de experiencia en educaci\u00f3n, lleg\u00f3 al sector convocada por\u00a0<b>Montes de Oca<\/b>, para brindar su aporte de formaci\u00f3n y gesti\u00f3n en las \u00e1reas de educaci\u00f3n y empleabilidad. explicando que \u00abencontr\u00f3 un grupo comprometido, formado, con vocaci\u00f3n de servicio\u00bb.<br \/>\n\u00abPara la empleabilidad y la culminaci\u00f3n de estudios es importante dos ejes, acreditaci\u00f3n de saberes y formaci\u00f3n profesional\u00bb, dijo, se\u00f1alando que para la acreditaci\u00f3n de saberes \u00abcualquier persona que haya tenido una experiencia laboral de tres a\u00f1os puede en UTU acreditar ese saber, rinde una prueba, una evaluaci\u00f3n y accede a la certificaci\u00f3n de esa acreditaci\u00f3n de esa experiencia laboral\u00bb, comentando la importancia de tener el diploma para posteriormente poder pasar a otro nivel, caso de finalizar<b>\u00a0Ciclo B\u00e1sico, Bachillerato,<\/b>\u00a0o para presentar en una empresa\u00bb, trat\u00e1ndose de un m\u00e9rito oficial, dado que el examen que se toma es a trav\u00e9s de un organismo oficial (UTU), y aplica para distintos tipos de oficios, call center, marketing, comunicaci\u00f3n, etc.<\/span><\/p>\n","protected":false},"excerpt":{"rendered":"<p>\u00abQue Durazno ya empiece a saber quien es el candidato del Partido Colorado\u201d, sostuvo quien fue el m\u00e1s votado en el departamento en las elecciones Internas y en las Nacionales por el\u00a0Partido Colorado, Gabriel Montes de Oca, Lista 318.<\/p>\n","protected":false},"author":4,"featured_media":5959,"comment_status":"closed","ping_status":"closed","sticky":false,"template":"","format":"standard","meta":{"footnotes":""},"categories":[5],"tags":[],"class_list":["post-5958","post","type-post","status-publish","format-standard","has-post-thumbnail","hentry","category-durazno"],"_links":{"self":[{"href":"https:\/\/paginacero.com.uy\/index.php?rest_route=\/wp\/v2\/posts\/5958","targetHints":{"allow":["GET"]}}],"collection":[{"href":"https:\/\/paginacero.com.uy\/index.php?rest_route=\/wp\/v2\/posts"}],"about":[{"href":"https:\/\/paginacero.com.uy\/index.php?rest_route=\/wp\/v2\/types\/post"}],"author":[{"embeddable":true,"href":"https:\/\/paginacero.com.uy\/index.php?rest_route=\/wp\/v2\/users\/4"}],"replies":[{"embeddable":true,"href":"https:\/\/paginacero.com.uy\/index.php?rest_route=%2Fwp%2Fv2%2Fcomments&post=5958"}],"version-history":[{"count":1,"href":"https:\/\/paginacero.com.uy\/index.php?rest_route=\/wp\/v2\/posts\/5958\/revisions"}],"predecessor-version":[{"id":5960,"href":"https:\/\/paginacero.com.uy\/index.php?rest_route=\/wp\/v2\/posts\/5958\/revisions\/5960"}],"wp:featuredmedia":[{"embeddable":true,"href":"https:\/\/paginacero.com.uy\/index.php?rest_route=\/wp\/v2\/media\/5959"}],"wp:attachment":[{"href":"https:\/\/paginacero.com.uy\/index.php?rest_route=%2Fwp%2Fv2%2Fmedia&parent=5958"}],"wp:term":[{"taxonomy":"category","embeddable":true,"href":"https:\/\/paginacero.com.uy\/index.php?rest_route=%2Fwp%2Fv2%2Fcategories&post=5958"},{"taxonomy":"post_tag","embeddable":true,"href":"https:\/\/paginacero.com.uy\/index.php?rest_route=%2Fwp%2Fv2%2Ftags&post=5958"}],"curies":[{"name":"wp","href":"https:\/\/api.w.org\/{rel}","templated":true}]}}