{"id":5955,"date":"2024-10-31T16:11:52","date_gmt":"2024-10-31T19:11:52","guid":{"rendered":"https:\/\/paginacero.com.uy\/?p=5955"},"modified":"2024-10-31T16:11:52","modified_gmt":"2024-10-31T19:11:52","slug":"luis-alberto-heber-tuvimos-en-las-urnas-90-000-votos-mas-y-es-mucho-voto","status":"publish","type":"post","link":"https:\/\/paginacero.com.uy\/?p=5955","title":{"rendered":"Luis Alberto Heber \u00bb tuvimos en las urnas 90.000 votos m\u00e1s, y es mucho voto\u00bb."},"content":{"rendered":"<p><strong>La persona que une al Uruguay se llama Alvaro Delgado\u00bb, sostuvo Heber en Durazno.<\/strong><!--more--><\/p>\n<div><span style=\"color: #000000; font-size: large;\" data-olk-copy-source=\"MessageBody\">Los Senadores electos del Partido Nacional, iniciaron una gira por todo el pa\u00eds, y llegaron al departamento, donde mantuvieron una reuni\u00f3n y Conferencia de Prensa en el sal\u00f3n de eventos del Hotel Central.<\/span><\/div>\n<div><span style=\"color: #000000; font-size: large;\"><b>Luis Alberto Heber, Sebasti\u00e1n Da Silva, Jos\u00e9 Luis Falero, Carlos Cam\u00ed, Graciela Bianchi, Nicol\u00e1s Olivera<\/b>; la titular del Directorio del Partido Nacional,<b>\u00a0Macarena Rubio<\/b>, entre otros, adem\u00e1s de la dirigencia nacionalista local, entre ellos el\u00a0<b>Intendente, Carmelo Vidal\u00edn; Diputado Felipe Algorta<\/b>,\u00a0<b>Jorge Reyna, Domingo Rielli, Jos\u00e9 Luis Morena, Francisco Valetta, Mario Pereyra<\/b>, entre otros.\u00a0<\/span><\/div>\n<div><span style=\"font-size: large;\"><span style=\"color: #000000;\"><b>Heber<\/b>, dijo que el sector que conforma la\u00a0<b>Coalici\u00f3n Republicana,<\/b>\u00a0fue la m\u00e1s votada en las elecciones del pasado domingo 27 de Octubre, se\u00f1alando \u00ab<\/span><span class=\"x_gmail-cursor-pointer x_gmail-group\" title=\"Reproducir desde 0:03\"><span class=\"x_gmail-group-hover:bg-base-200 x_gmail-rounded x_gmail-p-0.5 x_gmail--m-0.5\">el agradecimiento al trabajo pol\u00edtico que ha llevado que el Partido Nacional haya votado como haya votado, a pesar de las encuestas, que\u00a0<\/span><\/span><span class=\"x_gmail-cursor-pointer x_gmail-group\" title=\"Reproducir desde 0:16\"><span class=\"x_gmail-group-hover:bg-base-200 x_gmail-rounded x_gmail-p-0.5 x_gmail--m-0.5\">hasta el \u00faltimo momento estuvieron diciendo que marc\u00e1bamos mucho menos y despu\u00e9s que se abrieron las urnas se demostr\u00f3 el grave error y la equivocaci\u00f3n que tuvieron muchas encuestas a la hora de tener que evaluar al Partido Nacional.<\/span><\/span><span class=\"x_gmail-opacity-80 x_gmail-text-sm\">\u00a0<\/span><span class=\"x_gmail-cursor-pointer x_gmail-group\" title=\"Reproducir desde 0:37\"><span class=\"x_gmail-group-hover:bg-base-200 x_gmail-rounded x_gmail-p-0.5 x_gmail--m-0.5\">Nosotros hemos conseguido la mayor\u00eda de las voluntades del pueblo uruguayo, para el proyecto pol\u00edtico que le pod\u00edamos poner. Como lo habl\u00e1bamos en Flores; el\u00a0<\/span><\/span><span class=\"x_gmail-cursor-pointer x_gmail-group\" title=\"Reproducir desde 0:58\"><span class=\"x_gmail-group-hover:bg-base-200 x_gmail-rounded x_gmail-p-0.5 x_gmail--m-0.5\">proyecto de obras y de libertad,\u00a0<b>tuvo el 48 %; noventa\u00a0<\/b><\/span><\/span><span class=\"x_gmail-cursor-pointer x_gmail-group\" title=\"Reproducir desde 1:11\"><span class=\"x_gmail-group-hover:bg-base-200 x_gmail-rounded x_gmail-p-0.5 x_gmail--m-0.5\"><b>mil votos m\u00e1s<\/b>. El problema es que los restos de los Partidos no los unimos porque no votamos en el mismo Lema; y\u00a0<\/span><\/span><span class=\"x_gmail-cursor-pointer x_gmail-group\" title=\"Reproducir desde 1:11\"><span class=\"x_gmail-group-hover:bg-base-200 x_gmail-rounded x_gmail-p-0.5 x_gmail--m-0.5\">eso termina por perjudicar la representaci\u00f3n real, la que tuvimos en las urnas y en el Pueblo; pero 90.000 votos m\u00e1s<\/span><\/span><span class=\"x_gmail-cursor-pointer x_gmail-group\" title=\"Reproducir desde 1:31\"><span class=\"x_gmail-group-hover:bg-base-200 x_gmail-rounded x_gmail-p-0.5 x_gmail--m-0.5\">, es mucho voto, y son otros los que tienen que remontar la monta\u00f1a; es m\u00e1s de\u00a0<\/span><\/span><span class=\"x_gmail-cursor-pointer x_gmail-group\" title=\"Reproducir desde 1:31\"><span class=\"x_gmail-group-hover:bg-base-200 x_gmail-rounded x_gmail-p-0.5 x_gmail--m-0.5\">un Senador, pagan con luz un Senador. La diferencia que le sac\u00f3 la Coalici\u00f3n al Frente Amplio\u00bb.<\/span><\/span><\/span><\/div>\n<div><span style=\"font-size: large;\"><span class=\"x_gmail-cursor-pointer x_gmail-group\" title=\"Reproducir desde 1:31\"><span class=\"x_gmail-group-hover:bg-base-200 x_gmail-rounded x_gmail-p-0.5 x_gmail--m-0.5\">Dijo que hay temas que le parecen importante se\u00f1alar, \u00abu<\/span><\/span>no de ellos es que nosotros estamos parados frente a una instancia donde el Pueblo nos dijo claramente; nadie tiene mayor\u00eda parlamentaria; nadie; no la tenemos nosotros, no la tienen ellos.\u00a0<span class=\"x_gmail-cursor-pointer x_gmail-group\" title=\"Reproducir desde 2:09\"><span class=\"x_gmail-group-hover:bg-base-200 x_gmail-rounded x_gmail-p-0.5 x_gmail--m-0.5\">Si hubi\u00e9ramos estado en el mismo Lema, lo hubi\u00e9ramos tenido nosotros, pero no fue as\u00ed. Ser\u00e1 tema para pensar m\u00e1s adelante. Pero lo cierto es que nos dijeron, tienen que acordar entre ustedes, se tienen que poner de acuerdo entre ustedes;\u00a0tienen q<\/span><\/span><span class=\"x_gmail-cursor-pointer x_gmail-group\" title=\"Reproducir desde 2:30\"><span class=\"x_gmail-group-hover:bg-base-200 x_gmail-rounded x_gmail-p-0.5 x_gmail--m-0.5\">ue generar la mayor\u00eda para poder tener m\u00ednimamente presupuesto. y si no se tiene que pasar\u00e1?\u00bb, se pregunt\u00f3, \u00abnada\u00bb, respondi\u00f3, \u00abcontin\u00faa el presupuesto vigente y bueno, se tendr\u00e1 que tener los votos suficientes\u00a0<\/span><\/span>para las venias para los entes aut\u00f3nomos\u00bb.<\/span><\/div>\n<div><span style=\"font-size: large;\">\u00ab<span class=\"x_gmail-cursor-pointer x_gmail-group\" title=\"Reproducir desde 2:53\"><span class=\"x_gmail-group-hover:bg-base-200 x_gmail-rounded x_gmail-p-0.5 x_gmail--m-0.5\">Y si no se tiene que pasar\u00e1?, nada, contin\u00faan los nuestros, en los entes aut\u00f3nomos, gobernando las empresas p\u00fablicas, porque no se tienen los votos para poder sustituir. As\u00ed que no hagamos de esto un problema.<\/span><\/span><span class=\"x_gmail-opacity-80 x_gmail-text-sm\">\u00a0<\/span><span class=\"x_gmail-cursor-pointer x_gmail-group\" title=\"Reproducir desde 3:10\"><span class=\"x_gmail-group-hover:bg-base-200 x_gmail-rounded x_gmail-p-0.5 x_gmail--m-0.5\">El mensaje del Pueblo fue, acuerden entre ustedes, y es\u00a0<\/span><\/span>necesario siempre\u00a0preferible tener mayor\u00eda. S\u00ed, claro que s\u00ed. No voy a decir ahora que no, pero s<span class=\"x_gmail-cursor-pointer x_gmail-group\" title=\"Reproducir desde 3:21\"><span class=\"x_gmail-group-hover:bg-base-200 x_gmail-rounded x_gmail-p-0.5 x_gmail--m-0.5\">\u00ed tambi\u00e9n es cierto que hoy nosotros tenemos al hombre del momento, que es\u00a0<b>Alvaro Delgado.<\/b>\u00a0Es un hombre que yo lo he visto desde el Parlamento Nacional, articular, negociar, acercar, incluso con gente que est\u00e1 en el otro extremo pol\u00edtico de nuestros pensamientos.<\/span><\/span><span class=\"x_gmail-opacity-80 x_gmail-text-sm\">\u00a0<\/span><span class=\"x_gmail-cursor-pointer x_gmail-group\" title=\"Reproducir desde 3:45\"><span class=\"x_gmail-group-hover:bg-base-200 x_gmail-rounded x_gmail-p-0.5 x_gmail--m-0.5\">Y lo visto sacar resultados.\u00a0<\/span><\/span>Lo vi en el Parlamento. Y nadie podr\u00e1 negar que tengo unos cuantos a\u00f1os en el Parlamento, como para poder tener credenciales como para ponderar la acci\u00f3n que tuvo\u00a0<b>Alvaro Delgado<\/b>: primero como Coordinador de Diputados y despu\u00e9s en el Senado.\u00a0<span class=\"x_gmail-cursor-pointer x_gmail-group\" title=\"Reproducir desde 4:03\"><span class=\"x_gmail-group-hover:bg-base-200 x_gmail-rounded x_gmail-p-0.5 x_gmail--m-0.5\">Y lo mismo todos nosotros en la Secretar\u00eda de la Presidencia. Teniendo reuniones p\u00fablicas y teniendo reuniones reservadas, que busc\u00f3 generar la mayor\u00eda como para que aqu\u00ed las diferencias ideol\u00f3gicas no generaran una grieta enorme entre un pensamiento y otro, sino uniendo el pa\u00eds.<\/span><\/span><span class=\"x_gmail-opacity-80 x_gmail-text-sm\">\u00a0<\/span><span class=\"x_gmail-cursor-pointer x_gmail-group\" title=\"Reproducir desde 4:28\"><span class=\"x_gmail-group-hover:bg-base-200 x_gmail-rounded x_gmail-p-0.5 x_gmail--m-0.5\">La persona que une al Uruguay se llama Alvaro Delgado\u00bb, sostuvo\u00a0<b>Luis Alberto Heber<\/b>.<\/span><\/span><\/span><\/div>\n<div><b>\u00a0<\/b><\/div>\n<div><b>Ruta 6: \u00ab50 a\u00f1os para que un Presidente inaugurara\u00bb<\/b><\/div>\n<div><span class=\"x_gmail-cursor-pointer x_gmail-group\" title=\"Reproducir desde 2:30\"><span class=\"x_gmail-group-hover:bg-base-200 x_gmail-rounded x_gmail-p-0.5 x_gmail--m-0.5\"><span style=\"color: #000000; font-size: large;\"><span class=\"x_gmail-cursor-pointer x_gmail-group\" title=\"Reproducir desde 4:40\">\u00abNo me gustar\u00eda irme sin decir el orgullo que tengo como blanco, del gobierno que ha tenido y que ha llevado adelante\u00a0<b>Luis Lacalle Pou,\u00a0<\/b>que\u00a0<\/span><span class=\"x_gmail-cursor-pointer x_gmail-group\" title=\"Reproducir desde 4:55\">ha sido un Presidente y que ya debe tener acalambrada la mano de las tijeras y de las cintas que ha cortado todo el pa\u00eds. Escuelas, liceos, policl\u00ednicas, hospitales, rutas, puentes. Ha\u00a0<\/span><span class=\"x_gmail-cursor-pointer x_gmail-group\" title=\"Reproducir desde 5:11\">generado un antes y un despu\u00e9s, y\u00a0esperemos que esto tenga continuidad por la felicidad del Pueblo uruguayo. Durazno, es testigo porque hubo una multitud en la ruta 6, reclamos hist\u00f3ricos que yo cuando ingres\u00e9 por primera vez hace cuarenta a\u00f1os al Parlamento, ya ten\u00eda el reclamo de gente que viv\u00eda en Sarand\u00ed del Yi y que viv\u00eda en La Paloma, en Blanquillo, como en Tacuaremb\u00f3, en\u00a0<\/span><span class=\"x_gmail-cursor-pointer x_gmail-group\" title=\"Reproducir desde 5:39\">i querido departamento de Rivera, en Vichadero, reclamaban la Ruta 6, que hoy es una realidad. Hubo que\u00a0pasar cincuenta a\u00f1os a que viniera un Presidente blanco a cortar la cinta y darle esperanza a la gente que ya la hab\u00eda perdido.<\/span><span class=\"x_gmail-opacity-80 x_gmail-text-sm\">\u00a0<\/span><span class=\"x_gmail-cursor-pointer x_gmail-group\" title=\"Reproducir desde 6:01\">Entonces, mis amigos, es un tiempo de continuidad. Y si es un tiempo de continuidad, yo les pido a todos los compa\u00f1eros, aquellos que hoy pueden estar nerviosos porque se est\u00e1 jugando hasta el \u00faltimo momento, el tema.\u00a0Me gusta m\u00e1s.<\/span><span class=\"x_gmail-opacity-80 x_gmail-text-sm\">\u00a0<\/span><span class=\"x_gmail-cursor-pointer x_gmail-group\" title=\"Reproducir desde 6:18\">Porque ah\u00ed prueban que son blancos, que est\u00e1n en las buenas y en las malas, ganen o pierdan. Ac\u00e1 nadie desensilla el caballo;\u00a0nos\u00a0bajamos del caballo para apretar la cincha, para ir por el triunfo del Partido Nacional\u00bb.<\/span><\/span><\/span><\/span><\/div>\n","protected":false},"excerpt":{"rendered":"<p>La persona que une al Uruguay se llama Alvaro Delgado\u00bb, sostuvo Heber en Durazno.<\/p>\n","protected":false},"author":4,"featured_media":5956,"comment_status":"closed","ping_status":"closed","sticky":false,"template":"","format":"standard","meta":{"footnotes":""},"categories":[5],"tags":[],"class_list":["post-5955","post","type-post","status-publish","format-standard","has-post-thumbnail","hentry","category-durazno"],"_links":{"self":[{"href":"https:\/\/paginacero.com.uy\/index.php?rest_route=\/wp\/v2\/posts\/5955","targetHints":{"allow":["GET"]}}],"collection":[{"href":"https:\/\/paginacero.com.uy\/index.php?rest_route=\/wp\/v2\/posts"}],"about":[{"href":"https:\/\/paginacero.com.uy\/index.php?rest_route=\/wp\/v2\/types\/post"}],"author":[{"embeddable":true,"href":"https:\/\/paginacero.com.uy\/index.php?rest_route=\/wp\/v2\/users\/4"}],"replies":[{"embeddable":true,"href":"https:\/\/paginacero.com.uy\/index.php?rest_route=%2Fwp%2Fv2%2Fcomments&post=5955"}],"version-history":[{"count":1,"href":"https:\/\/paginacero.com.uy\/index.php?rest_route=\/wp\/v2\/posts\/5955\/revisions"}],"predecessor-version":[{"id":5957,"href":"https:\/\/paginacero.com.uy\/index.php?rest_route=\/wp\/v2\/posts\/5955\/revisions\/5957"}],"wp:featuredmedia":[{"embeddable":true,"href":"https:\/\/paginacero.com.uy\/index.php?rest_route=\/wp\/v2\/media\/5956"}],"wp:attachment":[{"href":"https:\/\/paginacero.com.uy\/index.php?rest_route=%2Fwp%2Fv2%2Fmedia&parent=5955"}],"wp:term":[{"taxonomy":"category","embeddable":true,"href":"https:\/\/paginacero.com.uy\/index.php?rest_route=%2Fwp%2Fv2%2Fcategories&post=5955"},{"taxonomy":"post_tag","embeddable":true,"href":"https:\/\/paginacero.com.uy\/index.php?rest_route=%2Fwp%2Fv2%2Ftags&post=5955"}],"curies":[{"name":"wp","href":"https:\/\/api.w.org\/{rel}","templated":true}]}}