{"id":5942,"date":"2024-10-30T15:50:39","date_gmt":"2024-10-30T18:50:39","guid":{"rendered":"https:\/\/paginacero.com.uy\/?p=5942"},"modified":"2024-10-30T19:24:47","modified_gmt":"2024-10-30T22:24:47","slug":"reyna-felices-porque-la-gente-tiene-una-opcion-mas","status":"publish","type":"post","link":"https:\/\/paginacero.com.uy\/?p=5942","title":{"rendered":"Reyna: \u201cFelices porque la gente tiene una opci\u00f3n m\u00e1s\u201d"},"content":{"rendered":"<p><strong>El sector \u201cJUNTOS POR DURAZNO\u201d, Lista 40, sigue de cerca -al igual que los dem\u00e1s Partidos y sectores- la tarea que se viene realizando post elecci\u00f3n nacional, en la Oficina Electoral de Durazno.<\/strong><!--more--><\/p>\n<p align=\"LEFT\"><span style=\"color: #000000; font-size: large;\"><span style=\"font-family: Arial, sans-serif;\" data-olk-copy-source=\"MessageBody\">Los principales dirigentes del sector, el\u00a0<b>Dr. Felipe Algorta\u00a0<\/b>y el<b>\u00a0Cr. Jorge Reyna Gerem\u00edas<\/b>, coincidieron en se\u00f1alar el domingo de noche que hab\u00eda que esperar con tranquilidad, el desarrollo de las jornadas siguientes a la jornada c\u00edvica del domingo 27 pr\u00f3ximo pasado.<\/span><\/span><\/p>\n<p align=\"LEFT\"><span style=\"color: #000000; font-size: large;\">\u201c<span style=\"font-family: Arial, sans-serif;\">Queremos esperar un poquito, porque al parecer son bastante cortos los m\u00e1rgenes. Ahora estamos viendo las distintos resultados de tierra adentro\u201d, dijeron en las horas posteriores al cierre de los circuitos.<\/span><\/span><\/p>\n<p align=\"LEFT\"><span style=\"color: #000000; font-size: large;\">\u201c<span style=\"font-family: Arial, sans-serif;\">Nosotros realmente estamos tranquilos y estamos felices de esto que hemos logrado. Fijate lo que es el ambiente que nosotros tenemos, lo que hemos logrado de conformar una fuerza pol\u00edtica en el departamento; que la gente nos reconozca, que tiene que tener una opci\u00f3n m\u00e1s; hace ya veinticinco a\u00f1os que no la hab\u00eda y hoy en d\u00eda la gente tiene una opci\u00f3n m\u00e1s para elegir\u201d.<\/span><\/span><\/p>\n<p align=\"LEFT\"><span style=\"color: #000000; font-size: large;\">\u201c<span style=\"font-family: Arial, sans-serif;\">Entonces nosotros nos sentimos orgullosos del equipo que se arm\u00f3, de como trabajamos\u201d, \u201cten\u00edamos la tranquilidad que hab\u00edamos hecho todo para para llegar hoy a c\u00f3mo llegamos y a competir contra esta estructura gigantesca y el poder que hoy est\u00e1n; nos sentimos felices; hay que esperar los resultados tranquilos\u201d, dijo\u00a0<b>Reyna,<\/b>\u00a0candidato a la c\u00e1mara baja.<\/span><\/span><\/p>\n<p align=\"LEFT\"><span style=\"color: #000000; font-size: large;\">\u201c<span style=\"font-family: Arial, sans-serif;\"><b>Estamos construyendo hacia el futuro\u201d<\/b><\/span><\/span><\/p>\n<p align=\"LEFT\"><span style=\"color: #000000; font-size: large;\"><span style=\"font-family: Arial, sans-serif;\">Dijo que la labor que se viene realizando, no es \u201csolamente ahora en Mayo. Esto es una fuerza pol\u00edtica que estamos construyendo de aqu\u00ed en m\u00e1s a futuro. Felipe (Algorta) es una persona joven que ya tiene much\u00edsima experiencia, ahora es el Diputado por nuestro departamento y hemos conformado un grupo,\u00a0<b>Ana Laura (Gadea); el \u201cPampa\u201d (Jos\u00e9 Luis Morena); la \u201cTurca\u201d (L\u00f3pez)<\/b>, etc\u00e9tera; compa\u00f1eros que que ven en esto una renovaci\u00f3n, ven en esto una forma diferente de hacer las cosas, una forma diferente de hacer la pol\u00edtica, y un ambiente diferente. Nos sentimos orgullosos de eso; de eso lo hablamos el \u00faltimo d\u00eda que tuvimos el Plenario, de que la gente ac\u00e1 se sinti\u00f3 de otra forma.\u00a0Entonces nosotros hoy a pesar de los resultados, que sea el que sea, nosotros ya ganamos, fue una victoria la que obtuvimos. Eso es lo que vemos y el an\u00e1lisis que hacemos; vamos a esperar los resultados y que es parejo; hoy en d\u00eda estamos parejos todav\u00eda, como ser\u00e1 si estaremos contentos que con los resultados, todav\u00eda tenemos posibilidad de ganar\u201d.<\/span><\/span><\/p>\n<p align=\"LEFT\"><span style=\"color: #000000; font-size: large;\"><span style=\"font-family: Arial, sans-serif;\">De igual forma \u201csentimos un orgullo tremendo que este grupo, este equipo, esta persona que tengo ac\u00e1 (por\u00a0<b>Jorge Reyna)<\/b>, la verdad que no tengo palabras; haber levantado tan alto la bandera de la renovaci\u00f3n y estar &#8216;cabeza a cabeza&#8217; en una elecci\u00f3n, la verdad que nos pone con un orgullo enorme\u201d, dec\u00eda\u00a0<b>Algorta<\/b><\/span><\/span><\/p>\n<p align=\"LEFT\"><span style=\"color: #000000; font-size: large;\"><span style=\"font-family: Arial, sans-serif;\">Sobre el plan de acci\u00f3n previsto a nivel departamental y pensando en la segunda vuelta a nivel nacional,\u00a0<b>Algorta,<\/b>\u00a0sostuvo en entrevista con\u00a0<b>Durazno TV<\/b>\u00a0el domingo de noche, que \u201cvamos a dejar todo en la cancha porque nos merecemos seguir gobernando como Coalici\u00f3n y que el Partido (Nacional) lidere la misma\u201d.<\/span><\/span><\/p>\n<p align=\"LEFT\"><span style=\"color: #000000; font-size: large;\">\u201c<span style=\"font-family: Arial, sans-serif;\">Nuestra sede va a seguir abierta, como estuvo abierta desde el primer momento y toda nuestra gente va a estar trabajando para lograr ese objetivo, as\u00ed que esto sigue\u201d.<\/span><\/span><\/p>\n<p align=\"LEFT\"><span style=\"color: #000000; font-size: large;\"><span style=\"font-family: Arial, sans-serif;\">Coment\u00f3 el desgaste que genera una campa\u00f1a, se\u00f1alando que \u201cla verdad que es un poco agotadora a veces la campa\u00f1a, estamos con Jorge (Reyna) deseando alg\u00fan descansito en alg\u00fan momento, pero pero a la vez estamos con un orgullo tan grande dentro de cada uno de nosotros que nos sentimos herramienta de cambio y generadores desde esto, que de repente si no lo hubi\u00e9semos generado, la mitad de la gente esta capaz que estaba en la casa o votando otra cosa, y ahora est\u00e1 con un entusiasmo brutal y es lo que precisamos en todo el pa\u00eds para que la Coalici\u00f3n siga gobernando\u201d.<\/span><\/span><\/p>\n<p align=\"LEFT\"><span style=\"color: #000000; font-size: large;\"><span style=\"font-family: Arial, sans-serif;\">Respecto a la fecha de reuni\u00f3n de la Convenci\u00f3n Departamental, para establecer las candidaturas a la Intendencia de Durazno,\u00a0<b>Algorta,<\/b>\u00a0manifest\u00f3 que \u201cestamos preparados para cuando sea, no esperamos grandes sorpresas por m\u00e1s que nos tiene acostumbrado de que cualquier cosa puede pasar, digo nosotros estamos tranquilos de que vamos a estar en esa pelea y adem\u00e1s tenemos el convencimiento de que vamos a ganar, pero eso ser\u00e1 para otro momento\u201d.<\/span><\/span><\/p>\n","protected":false},"excerpt":{"rendered":"<p>El sector \u201cJUNTOS POR DURAZNO\u201d, Lista 40, sigue de cerca -al igual que los dem\u00e1s Partidos y sectores- la tarea que se viene realizando post elecci\u00f3n nacional, en la Oficina Electoral de Durazno.<\/p>\n","protected":false},"author":4,"featured_media":5948,"comment_status":"closed","ping_status":"closed","sticky":false,"template":"","format":"standard","meta":{"footnotes":""},"categories":[5,31],"tags":[],"class_list":["post-5942","post","type-post","status-publish","format-standard","has-post-thumbnail","hentry","category-durazno","category-entrevista-politica"],"_links":{"self":[{"href":"https:\/\/paginacero.com.uy\/index.php?rest_route=\/wp\/v2\/posts\/5942","targetHints":{"allow":["GET"]}}],"collection":[{"href":"https:\/\/paginacero.com.uy\/index.php?rest_route=\/wp\/v2\/posts"}],"about":[{"href":"https:\/\/paginacero.com.uy\/index.php?rest_route=\/wp\/v2\/types\/post"}],"author":[{"embeddable":true,"href":"https:\/\/paginacero.com.uy\/index.php?rest_route=\/wp\/v2\/users\/4"}],"replies":[{"embeddable":true,"href":"https:\/\/paginacero.com.uy\/index.php?rest_route=%2Fwp%2Fv2%2Fcomments&post=5942"}],"version-history":[{"count":3,"href":"https:\/\/paginacero.com.uy\/index.php?rest_route=\/wp\/v2\/posts\/5942\/revisions"}],"predecessor-version":[{"id":5951,"href":"https:\/\/paginacero.com.uy\/index.php?rest_route=\/wp\/v2\/posts\/5942\/revisions\/5951"}],"wp:featuredmedia":[{"embeddable":true,"href":"https:\/\/paginacero.com.uy\/index.php?rest_route=\/wp\/v2\/media\/5948"}],"wp:attachment":[{"href":"https:\/\/paginacero.com.uy\/index.php?rest_route=%2Fwp%2Fv2%2Fmedia&parent=5942"}],"wp:term":[{"taxonomy":"category","embeddable":true,"href":"https:\/\/paginacero.com.uy\/index.php?rest_route=%2Fwp%2Fv2%2Fcategories&post=5942"},{"taxonomy":"post_tag","embeddable":true,"href":"https:\/\/paginacero.com.uy\/index.php?rest_route=%2Fwp%2Fv2%2Ftags&post=5942"}],"curies":[{"name":"wp","href":"https:\/\/api.w.org\/{rel}","templated":true}]}}