{"id":5939,"date":"2024-10-30T15:45:32","date_gmt":"2024-10-30T18:45:32","guid":{"rendered":"https:\/\/paginacero.com.uy\/?p=5939"},"modified":"2024-10-30T15:45:32","modified_gmt":"2024-10-30T18:45:32","slug":"alfonso-dominguez-convoco-seleccion-sub-18","status":"publish","type":"post","link":"https:\/\/paginacero.com.uy\/?p=5939","title":{"rendered":"Alfonso Dom\u00ednguez convoc\u00f3 Selecci\u00f3n Sub 18"},"content":{"rendered":"<p><strong>El\u00a0Entrenador Alfonso Enrique Dom\u00ednguez Maidana,\u00a0dio a conocer la lista de jugadores de la\u00a0Selecci\u00f3n de la Liga de F\u00fatbol Ciudad de Durazno Sub 18,\u00a0que jugar\u00e1 la Copa Nacional de la organizaci\u00f3n de F\u00fatbol del Interior (OFI( 2025.<\/strong><!--more--><\/p>\n<p id=\"geom_inter_1730313850996_82_20\"><span style=\"color: #000000; font-size: large;\"><span id=\"geom_inter_1730313850990_51_18\" style=\"font-family: Arial, sans-serif;\" data-olk-copy-source=\"MessageBody\">El Cuerpo T\u00e9cnico, adem\u00e1s de Dom\u00ednguez, lo integran, Asistente T\u00e9cnico:\u00a0<b id=\"geom_inter_1730313883999_92_25\">Entrenador Alvaro Gabard;<\/b>\u00a0Preparador F\u00edsico:\u00a0<b id=\"geom_inter_1730313882980_49_24\">Prof. Mat\u00edas Zabala<\/b>; Kinesiologa:\u00a0<b>Giuliana Silvera;\u00a0<\/b>Utilero:\u00a0<b>Rub\u00e9 Almada;<\/b>\u00a0Coordinador\u00a0<b>Gregorio Bozzano.<br \/>\n<\/b><\/span><\/span><\/p>\n<p id=\"geom_inter_1730313884004_30_27\"><span style=\"color: #000000; font-size: large;\"><span id=\"geom_inter_1730313883999_56_26\" style=\"font-family: Arial, sans-serif;\"><b>Nacional:<\/b>\u00a0M\u00e1ximo Rusch, Iv\u00e1n Santacruz, Yhojan Valiente.<br \/>\n<b>Juvenil:<\/b>\u00a0Antonhy Barnech, Lucas Bozzano, Facundo Cabrera<br \/>\n<b>Racing<\/b>: Lucas Rojas, Andr\u00e9s Su\u00e1rez, David Mansilla, Marcos Mansilla.<br \/>\n<b>Molles FC<\/b>: Facundo Ramos<br \/>\n<b>Central:<\/b>\u00a0Ramiro Luci\u00e1n, Gabriel Castro<br \/>\n<b>La Lanera<\/b>: Emiliano Fern\u00e1ndez, Bautista Pe\u00f1alosa<br \/>\n<b>Wanderers<\/b>: Germ\u00e1n Idiarte, Lucas Bazzi, Lautaro Luj\u00e1n, Enzo Figueira,<br \/>\nTom\u00e1s Gonz\u00e1lez, Facundo Saracho<\/span><\/span><\/p>\n<p id=\"geom_inter_1730313886979_38_28\"><span style=\"color: #000000; font-size: large;\"><span style=\"font-family: Arial, sans-serif;\"><b>Un grande del f\u00fatbol uruguayo<\/b><\/span><\/span><\/p>\n<p id=\"geom_inter_1730313886980_90_30\"><span id=\"geom_inter_1730313887989_65_31\" style=\"color: #000000; font-size: large;\"><span id=\"geom_inter_1730313887990_3_32\" style=\"font-family: Arial, sans-serif;\"><span id=\"geom_inter_1730313886980_30_29\">Nacido el 24 de Setiembre de 1965, entre sus palmar\u00e9s destaca los t\u00edtulos de Campe\u00f3n Uruguayo con Pe\u00f1arol a\u00f1os 1985 y 1986. Campe\u00f3n de la Copa Libertadores de Am\u00e9rica a\u00f1o 1987 con el Club A. Pe\u00f1arol. Campe\u00f3n de la Copa Am\u00e9rica de Selecciones con Uruguay a\u00f1o 1987. Campe\u00f3n en la Asociaci\u00f3n Argentina de F\u00fatbol (AFA) con River Plate, a\u00f1os 1993 y 1994. Mundialista en Italia 1990; Campe\u00f3n de la Liguilla 1996 con el Club Nacional de F\u00fatbol; Como jugador, Campe\u00f3n del Sur y BI Campe\u00f3n del Interior, con la selecci\u00f3n de Durazno, a\u00f1os 2001 al 2003; DT Vice Campe\u00f3n del Interior, con Durazno, Uruguay (Sub 18) a\u00f1o 2013; DT Vice Campe\u00f3n del Interior, con Durazno, Uruguay (Mayores) a\u00f1o 2015\/16;DT Campe\u00f3n del SUR, con Durazno, Uruguay (Mayores) 2016\/17;\u00a0<\/span>DT Campe\u00f3n del SUR y del INTERIOR 2017 con Durazno (Mayores); DT Campe\u00f3n con Wanderers LFCD 2022 (LFCD), entre otros t\u00edtulos; DT Campe\u00f3n con Nacional y con Wanderers (LFCD); DT Campe\u00f3n Sub 20 con Racing 2024 (LFCD), entre otros.<\/span><\/span><\/p>\n","protected":false},"excerpt":{"rendered":"<p>El\u00a0Entrenador Alfonso Enrique Dom\u00ednguez Maidana,\u00a0dio a conocer la lista de jugadores de la\u00a0Selecci\u00f3n de la Liga de F\u00fatbol Ciudad de Durazno Sub 18,\u00a0que jugar\u00e1 la Copa Nacional de la organizaci\u00f3n de F\u00fatbol del Interior (OFI( 2025.<\/p>\n","protected":false},"author":4,"featured_media":5940,"comment_status":"closed","ping_status":"closed","sticky":false,"template":"","format":"standard","meta":{"footnotes":""},"categories":[5],"tags":[],"class_list":["post-5939","post","type-post","status-publish","format-standard","has-post-thumbnail","hentry","category-durazno"],"_links":{"self":[{"href":"https:\/\/paginacero.com.uy\/index.php?rest_route=\/wp\/v2\/posts\/5939","targetHints":{"allow":["GET"]}}],"collection":[{"href":"https:\/\/paginacero.com.uy\/index.php?rest_route=\/wp\/v2\/posts"}],"about":[{"href":"https:\/\/paginacero.com.uy\/index.php?rest_route=\/wp\/v2\/types\/post"}],"author":[{"embeddable":true,"href":"https:\/\/paginacero.com.uy\/index.php?rest_route=\/wp\/v2\/users\/4"}],"replies":[{"embeddable":true,"href":"https:\/\/paginacero.com.uy\/index.php?rest_route=%2Fwp%2Fv2%2Fcomments&post=5939"}],"version-history":[{"count":1,"href":"https:\/\/paginacero.com.uy\/index.php?rest_route=\/wp\/v2\/posts\/5939\/revisions"}],"predecessor-version":[{"id":5941,"href":"https:\/\/paginacero.com.uy\/index.php?rest_route=\/wp\/v2\/posts\/5939\/revisions\/5941"}],"wp:featuredmedia":[{"embeddable":true,"href":"https:\/\/paginacero.com.uy\/index.php?rest_route=\/wp\/v2\/media\/5940"}],"wp:attachment":[{"href":"https:\/\/paginacero.com.uy\/index.php?rest_route=%2Fwp%2Fv2%2Fmedia&parent=5939"}],"wp:term":[{"taxonomy":"category","embeddable":true,"href":"https:\/\/paginacero.com.uy\/index.php?rest_route=%2Fwp%2Fv2%2Fcategories&post=5939"},{"taxonomy":"post_tag","embeddable":true,"href":"https:\/\/paginacero.com.uy\/index.php?rest_route=%2Fwp%2Fv2%2Ftags&post=5939"}],"curies":[{"name":"wp","href":"https:\/\/api.w.org\/{rel}","templated":true}]}}