{"id":5932,"date":"2024-10-29T15:32:16","date_gmt":"2024-10-29T18:32:16","guid":{"rendered":"https:\/\/paginacero.com.uy\/?p=5932"},"modified":"2024-10-29T15:32:16","modified_gmt":"2024-10-29T18:32:16","slug":"brenda-alzamendi-escritora-de-narrativa-de-trayectoria","status":"publish","type":"post","link":"https:\/\/paginacero.com.uy\/?p=5932","title":{"rendered":"Brenda Alzamendi, escritora de narrativa de trayectoria"},"content":{"rendered":"<p><strong>El pr\u00f3ximo viernes 8 de Noviembre, en el Museo Hist\u00f3rico de Durazno \u00abCasa de Rivera\u00bb, a la hora 20.00 y en el marco de la 18va Feria del Libro, se presenta el trabajo literario sobre Antonio Alzamendi.\u00a0<\/strong><!--more--><\/p>\n<p id=\"geom_inter_1730226665378_65_117\" align=\"LEFT\"><span style=\"color: #000000;\"><span style=\"font-family: Arial, sans-serif;\"><span id=\"geom_inter_1730226665378_51_116\" style=\"font-size: large;\" data-olk-copy-source=\"MessageBody\">La labor fue encomendada a Brenda Alzamendi, prima del popular \u00abHormiga\u00bb, que adem\u00e1s de su parentesco, Brenda es una escritora de narrativa reconocida y de importante trayectoria.<\/span><\/span><\/span><\/p>\n<p id=\"geom_inter_1730226665379_56_119\" align=\"LEFT\"><span style=\"color: #000000;\"><span style=\"font-family: Arial, sans-serif;\"><span id=\"geom_inter_1730226665378_65_118\" style=\"font-size: large;\">Por eso en este art\u00edculo proponemos conocer m\u00e1s sobre la autora del libro \u00abReencuentro con mi Historia. Antonio Alzamendi\u00bb, recogiendo palabras sobre Brenda, de una persona que ha estado en parte de su recorrido, el ex diputado,\u00a0<b id=\"geom_inter_1730226684366_34_122\">Lic. Miguel Angel Irrazabal.<\/b><\/span><\/span><\/span><\/p>\n<p id=\"geom_inter_1730226682369_42_121\" align=\"LEFT\"><span id=\"geom_inter_1730226682365_4_120\" style=\"font-size: large;\">Brenda, nacida en Durazno, est\u00e1 radicada desde hace muchos a\u00f1os en Montevideo, y es poseedora de un importante n\u00famero de trabajos literarios publicados, y tiene en su haber varios premios y destaques por su labor.<\/span><\/p>\n<p id=\"geom_inter_1730226684371_26_124\" align=\"LEFT\"><span style=\"color: #000000;\"><span style=\"font-family: Arial, sans-serif;\"><span id=\"geom_inter_1730226684367_3_123\" style=\"font-size: large;\">Primer premio AEDI por libro Edito \u201cHilos Invisibles\u201d y segundo premio del libro \u201cLas Lavanderas del Yi\u201d; adem\u00e1s fue distinguida por la Embajada de Uruguay en Argentina por la obra: \u201cJuan Manuel Blanes; Pintor de las dos Orillas\u201d; distinguida por la Fundaci\u00f3n Somos L\u00edder Latinoamericana; y por la Intendencia de Durazno por su trabajo \u201cLetras del Bicentenario\u201d.<\/span><\/span><\/span><\/p>\n<p align=\"LEFT\"><span style=\"color: #000000;\"><span style=\"font-family: Arial, sans-serif;\"><span style=\"font-size: large;\">Brenda, fue finalista del concurso \u201cMundial Literaria Editi\u00f3n en Seattle USA\u201d, obra publicada en la biblioteca de Autores Latinoamericanos.<br \/>\nEl Museo de la Palabra C\u00e9sar \u00c9gido Serrano (Toledo Espa\u00f1a) la destac\u00f3 como Distingue Embajadora de la Palabra y la Concordia\u201d, y tambi\u00e9n como \u201cEmbajadora del Idioma Espa\u00f1ol\u201d.<\/span><\/span><\/span><\/p>\n<p align=\"LEFT\"><span style=\"color: #000000;\"><span style=\"font-family: Arial, sans-serif;\"><span style=\"font-size: large;\">En una de las ediciones de la Feria del Libro y las Artes de Durazno, fue depositaria de una plaqueta distinci\u00f3n por parte de la Ministra de Educaci\u00f3n y Cultura de la \u00e9poca, Dra. Mar\u00eda Julia Mu\u00f1oz.<\/span><\/span><\/span><\/p>\n<p id=\"geom_inter_1730226685374_74_128\" align=\"LEFT\"><span style=\"color: #000000;\"><span style=\"font-family: Arial, sans-serif;\"><span id=\"geom_inter_1730226685373_15_125\" style=\"font-size: large;\">Asimismo, Brenda Alzamendi, cuenta con alrededor de setenta premios literarios a nivel nacional e internacional; fue distinguida con el Premio Escritores del Bicentenario otorgado en Durazno; y por la Biblioteca del Palacio Legislativo, por sus aportes a la cultura cuando realizara la digitalizaci\u00f3n de sus libros para lectura gratuita.<\/span><\/span><\/span><\/p>\n<p align=\"LEFT\"><span style=\"color: #000000;\"><span style=\"font-family: Arial, sans-serif;\"><span style=\"font-size: large;\"><b>Irrazabal: \u00abSiempre est\u00e1 interesada en escribir sobre historias de Durazno\u00bb<br \/>\n<\/b><\/span><\/span><\/span><\/p>\n<p id=\"geom_inter_1730226685374_98_127\" align=\"LEFT\"><span style=\"color: #000000;\"><span style=\"font-family: Arial, sans-serif;\"><span id=\"geom_inter_1730226685374_77_126\" style=\"font-size: large;\">El Lic. Miguel Angel Irrazabal -exdiputado y tambi\u00e9n Coordinador de Cultura de la IDD-, dijo que conoce a Brenda hace m\u00e1s de diez a\u00f1os,\u00a0 \u00abes una persona de siempre muy integrada a la sociedad, preocupada por las cosas de Durazno siempre atenta y escribiendo permanentemente sobre historias de Durazno, de nosotros, en cuentos cortos sobre el vivir duraznense\u00bb, \u00aben esas publicaciones que hemos tenido la suerte de colaborar y ayudar, nunca se hab\u00eda decidido a escribir un libro al alcance, al tama\u00f1o, y a la importancia y a la mirada externa, que va a tener el libro sobre Antonio Alzamendi\u00bb.<br \/>\n<\/span><\/span><\/span><\/p>\n<p id=\"geom_inter_1730226686366_38_130\" align=\"LEFT\"><span style=\"color: #000000;\"><span style=\"font-family: Arial, sans-serif;\"><span id=\"geom_inter_1730226686365_69_129\" style=\"font-size: large;\">Creo que es un desaf\u00edo que afront\u00f3, dijo, agregando que \u00abtuvo temor al comienzo en hacerlo, pero cambi\u00f3 esa visi\u00f3n y fue de a poco pensando como hacerlo, de qu\u00e9 manera; si a trav\u00e9s de entrevistas o anecdotario, quienes eran los referentes que pod\u00edan ayudarla y yo estuve cerca con ella mirando cual era la mejor manera\u00bb.<\/span><\/span><\/span><\/p>\n<p id=\"geom_inter_1730226686366_29_132\" align=\"LEFT\"><span style=\"color: #000000;\"><span style=\"font-family: Arial, sans-serif;\"><span id=\"geom_inter_1730226686366_15_131\" style=\"font-size: large;\">Dijo que el libro \u00abme gusta mucho, me parece muy cercano, muy duraznense, con muchas an\u00e9cdotas y el esfuerzo que ha realizado va a ser exitoso\u00bb.<br \/>\n<\/span><\/span><\/span><\/p>\n<p id=\"geom_inter_1730226686368_88_134\" align=\"LEFT\"><span style=\"color: #000000;\"><span style=\"font-family: Arial, sans-serif;\"><span id=\"geom_inter_1730226686366_39_133\" style=\"font-size: large;\">Irrazabal, destac\u00f3 tambi\u00e9n el gesto de Brenda, contribuyendo a la riqueza literaria local, colaborando con obras del Quijote, de Cervantes, con la donaci\u00f3n de una escultura de Quijote, a la Biblioteca \u00abProf. Carlos Scaffo\u00bb, por lo que hay un aporte muy grande, muy sol\u00edcito siempre de estar presente\u00bb.<\/span><\/span><\/span><\/p>\n<p align=\"LEFT\"><span style=\"color: #000000;\"><span style=\"font-family: Arial, sans-serif;\"><span style=\"font-size: large;\">\u00abCreo que tambi\u00e9n nosotros le debemos a ella el reconocimiento por su colaboraci\u00f3n\u00bb.<\/span><\/span><\/span><\/p>\n","protected":false},"excerpt":{"rendered":"<p>El pr\u00f3ximo viernes 8 de Noviembre, en el Museo Hist\u00f3rico de Durazno \u00abCasa de Rivera\u00bb, a la hora 20.00 y en el marco de la 18va Feria del Libro, se presenta el trabajo literario sobre Antonio Alzamendi.\u00a0<\/p>\n","protected":false},"author":4,"featured_media":5933,"comment_status":"closed","ping_status":"closed","sticky":false,"template":"","format":"standard","meta":{"footnotes":""},"categories":[5],"tags":[],"class_list":["post-5932","post","type-post","status-publish","format-standard","has-post-thumbnail","hentry","category-durazno"],"_links":{"self":[{"href":"https:\/\/paginacero.com.uy\/index.php?rest_route=\/wp\/v2\/posts\/5932","targetHints":{"allow":["GET"]}}],"collection":[{"href":"https:\/\/paginacero.com.uy\/index.php?rest_route=\/wp\/v2\/posts"}],"about":[{"href":"https:\/\/paginacero.com.uy\/index.php?rest_route=\/wp\/v2\/types\/post"}],"author":[{"embeddable":true,"href":"https:\/\/paginacero.com.uy\/index.php?rest_route=\/wp\/v2\/users\/4"}],"replies":[{"embeddable":true,"href":"https:\/\/paginacero.com.uy\/index.php?rest_route=%2Fwp%2Fv2%2Fcomments&post=5932"}],"version-history":[{"count":1,"href":"https:\/\/paginacero.com.uy\/index.php?rest_route=\/wp\/v2\/posts\/5932\/revisions"}],"predecessor-version":[{"id":5934,"href":"https:\/\/paginacero.com.uy\/index.php?rest_route=\/wp\/v2\/posts\/5932\/revisions\/5934"}],"wp:featuredmedia":[{"embeddable":true,"href":"https:\/\/paginacero.com.uy\/index.php?rest_route=\/wp\/v2\/media\/5933"}],"wp:attachment":[{"href":"https:\/\/paginacero.com.uy\/index.php?rest_route=%2Fwp%2Fv2%2Fmedia&parent=5932"}],"wp:term":[{"taxonomy":"category","embeddable":true,"href":"https:\/\/paginacero.com.uy\/index.php?rest_route=%2Fwp%2Fv2%2Fcategories&post=5932"},{"taxonomy":"post_tag","embeddable":true,"href":"https:\/\/paginacero.com.uy\/index.php?rest_route=%2Fwp%2Fv2%2Ftags&post=5932"}],"curies":[{"name":"wp","href":"https:\/\/api.w.org\/{rel}","templated":true}]}}