{"id":5929,"date":"2024-10-29T15:30:23","date_gmt":"2024-10-29T18:30:23","guid":{"rendered":"https:\/\/paginacero.com.uy\/?p=5929"},"modified":"2024-10-29T15:30:23","modified_gmt":"2024-10-29T18:30:23","slug":"vidalin-fe-por-lucha-electoral-sana-tenemos-que-gobernar-unidos","status":"publish","type":"post","link":"https:\/\/paginacero.com.uy\/?p=5929","title":{"rendered":"Vidal\u00edn: \u00abFe por lucha electoral sana; tenemos que gobernar unidos\u00bb"},"content":{"rendered":"<p><strong><span title=\"Reproducir desde 2:22\"><span title=\"Reproducir desde 4:11\"><span title=\"Reproducir desde 10:52\">El\u00a0Intendente de Durazno, Lic. Carmelo Vidal\u00edn\u00a0-que vot\u00f3 el domingo poco despu\u00e9s de la hora 13.00 como es habitual en uno de los circuitos de la\u00a0Escuela 1-\u00a0dijo que tiene \u00abFe que la sana competencia<\/span>\u00a0<span title=\"Reproducir desde 11:01\">permita que el Partido Nacional vote de buena forma en el mes de Mayo\u00bb y se\u00f1al\u00f3 que \u00abtanto\u00a0Domingo<\/span><\/span><\/span>\u00a0Rielli, como\u00a0Felipe Algorta, son muy buenos candidatos\u00bb.<\/strong><!--more--><\/p>\n<div><span title=\"Reproducir desde 2:22\"><span title=\"Reproducir desde 4:11\"><span style=\"color: #000000; font-size: large;\"><span title=\"Reproducir desde 6:01\"><span data-olk-copy-source=\"MessageBody\">\u00abLas dos Listas, la<\/span><\/span><span title=\"Reproducir desde 6:09\">\u00a0<b>404<\/b>\u00a0que yo integro al Senado y que lleva como diputado a mi amigo<b>\u00a0Domingo Rielli<\/b>\u00a0y<\/span><span title=\"Reproducir desde 6:15\">\u00a0la Lista\u00a0<b>40 del Senador (Dr. Javier) Garc\u00eda,<\/b>\u00a0que lleva como diputado a\u00a0<b>Jorge Reyna<\/b>,\u00a0<\/span><span title=\"Reproducir desde 6:21\">tuvieron una linda competencia departamental,<\/span>\u00a0<span title=\"Reproducir desde 6:25\">y eso hizo que el Partido Nacional tuviera un porcentaje elevado de votos tambi\u00e9n en todo el departamento\u00bb, comenz\u00f3 diciendo Vidal\u00edn,\u00a0 horas despu\u00e9s del cierre de los circuitos de votaci\u00f3n, entrevistado por\u00a0<b>Durazno TV,<\/b>\u00a0y cuando a\u00fan perduraba la duda sobre el resultado departamental a Diputados en el Partido Nacional.<\/span><\/span><\/span><\/span><\/div>\n<div><span style=\"color: #000000; font-size: large;\"><span title=\"Reproducir desde 6:33\">Se\u00f1al\u00f3 que la lucha interna que se dio \u00abes muy sano para el Partido; creo que la lucha interna,<\/span>\u00a0<span title=\"Reproducir desde 6:38\">en la medida que se ha llevado adelante con respeto,<\/span>\u00a0<span title=\"Reproducir desde 6:42\">con un di\u00e1logo coherente y fluido entre los dirigentes,<\/span>\u00a0<span title=\"Reproducir desde 6:48\">le hace muy bien al Partido\u00bb, \u00abtenemos q<\/span><span title=\"Reproducir desde 6:50\">ue cuidar a veces esos roces que no nos hacen bien en otros niveles\u00bb.<\/span><\/span><\/div>\n<div><span style=\"color: #000000; font-size: large;\"><span title=\"Reproducir desde 7:04\">En el momento de ser consultado precis\u00f3 no tener a\u00fan datos concretos de la votaci\u00f3n a nivel nacional, empero dijo que \u00abe<\/span><span title=\"Reproducir desde 7:14\">l porcentaje del Partido es un porcentaje que supera lo que hab\u00edan anunciado las encuestas\u00bb, que finalmente en todo el pa\u00eds se\u00a0ubic\u00f3 en el\u00a0<b>26,77 %.<\/b><\/span><\/span><\/div>\n<div><span style=\"color: #000000; font-size: large;\"><span title=\"Reproducir desde 7:14\"><b>Vidal\u00edn,<\/b>\u00a0hizo referencia a la publicidad pol\u00edtica hacia la campa\u00f1a de las elecciones del pasado domingo, sosteniendo que \u00absiempre\u00a0<\/span><span title=\"Reproducir desde 7:23\">digo, depende c\u00f3mo se maneje la propaganda.<\/span>\u00a0<span title=\"Reproducir desde 7:27\">La propaganda del\u00a0<b>Partido Colorado<\/b>, y en especial del l\u00edder que surge dentro del Partido Colorado, con<\/span><span title=\"Reproducir desde 7:36\">\u00a0esa propaganda que dec\u00eda,<b>\u00a0(Dr. Andr\u00e9s) Ojeda\u00a0<\/b>est\u00e1 por encima de\u00a0<b>(Dr. Alvaro) Delgado,<\/b>\u00a0somos capaces de ganarle al\u00a0<b>Frente Amplio<\/b>; y\u00a0<\/span><span title=\"Reproducir desde 7:42\">mucha gente que vive lo que yo denomino el v\u00e9rtigo de la prisa,<\/span>\u00a0<span title=\"Reproducir desde 7:46\">que simplemente escucha al pasar sin saber si es una informaci\u00f3n o es propaganda,<\/span>\u00a0<span title=\"Reproducir desde 7:52\">yo pens\u00e9 que se iba a inclinar mucho m\u00e1s hacia el Partido Colorado.\u00a0<\/span><span title=\"Reproducir desde 7:56\">No obstante eso, debo valorar y reconocer que hubo una suba importante de votantes dentro de ese Partido.<\/span>\u00a0<span title=\"Reproducir desde 8:02\">No obstante eso, creo que a quien m\u00e1s perjudic\u00f3 fue al Partido\u00a0<b>Cabildo Abierto.<\/b><\/span>\u00a0<span title=\"Reproducir desde 8:12\">A nosotros los blancos, alg\u00fan &#8216;votito&#8217; tambi\u00e9n nos sac\u00f3 m\u00e1s la decisi\u00f3n de haber incorporado a la f\u00f3rmula a<\/span><span title=\"Reproducir desde 8:20\">\u00a0la se\u00f1ora\u00a0<b>Valeria Ripoll,<\/b>\u00a0la que espero que nos d\u00e9 resultado ahora con miras al balotaje\u00bb.<\/span><\/span><\/div>\n<div><span title=\"Reproducir desde 8:25\"><span style=\"color: #000000; font-size: large;\">\u00a0<\/span><\/span><\/div>\n<div><span title=\"Reproducir desde 8:25\"><span style=\"color: #000000; font-size: large;\"><b>Intendencia modelo en el pa\u00eds<\/b><\/span><\/span><\/div>\n<div><span style=\"color: #000000; font-size: large;\"><span title=\"Reproducir desde 8:25\">Consultado sobre la votaci\u00f3n que se dio a nivel departamental, y pensando en las elecciones del mes de\u00a0<b>Mayo 2025,<\/b>\u00a0donde estar\u00e1n en puja las<b>\u00a0Intendencias y los Municipios,<\/b>\u00a0Vidal\u00edn, respondi\u00f3 que \u00abuno\u00a0<\/span><span title=\"Reproducir desde 8:36\">siempre debe estar atento y debe manejarse, como dec\u00eda anteriormente,<\/span>\u00a0<span title=\"Reproducir desde 8:45\">marcando las diferencias entre los diferentes sectores, pero sabiendo que tenemos que gobernar unidos.<\/span>\u00a0<span title=\"Reproducir desde 8:50\">Yo he predicado con el ejemplo durante los a\u00f1os que me ha tocado gobernar<\/span>\u00a0<span title=\"Reproducir desde 8:57\">y he aprendido de elecciones anteriores donde hab\u00eda luchas fratricidas entre los blancos,\u00a0<\/span><span title=\"Reproducir desde 9:04\">que en alg\u00fan momento tuve miedo que se volvieran a repetir ahora, pero gracias a Dios no se dio<\/span>\u00a0<span title=\"Reproducir desde 9:10\">y espero que no se d\u00e9. Pero le tengo mucha Fe a mi Partido para Mayo\u00bb.<\/span><\/span><\/div>\n<div><span style=\"color: #000000; font-size: large;\"><span title=\"Reproducir desde 9:10\">Sostuvo que \u00abh<\/span><span title=\"Reproducir desde 9:15\">ay mucha gente que en las elecciones nacionales vota el color partidario,<\/span>\u00a0<span title=\"Reproducir desde 9:19\">pero despu\u00e9s, cuando llegan las elecciones departamentales, vota el Partido Nacional.<\/span>\u00a0<span title=\"Reproducir desde 9:25\">M\u00e1xime, siento un poco de verg\u00fcenza de decirlo, o que se me vaya a malinterpretar,<\/span>\u00a0<span title=\"Reproducir desde 9:34\">que nuestra Intendencia es una Intendencia modelo a nivel pa\u00eds, que\u00a0<\/span><span title=\"Reproducir desde 9:39\">ha sido buena administradora, que paga todos los 29 cada mes;\u00a0<\/span><span title=\"Reproducir desde 9:43\">este mes como dimos feriado el d\u00eda de ma\u00f1ana, no le<\/span><span title=\"Reproducir desde 9:46\">\u00a0puedo pedir m\u00e1s sacrificio a la gente de Hacienda y de Mecanizada en especial,<\/span>\u00a0<span title=\"Reproducir desde 9:51\">por lo tanto vamos a cobrar reci\u00e9n el d\u00eda martes 29. Ese\u00a0<\/span><span title=\"Reproducir desde 9:58\">d\u00eda (por este martes) vamos a estar cobrando, que tenemos adem\u00e1s de una administraci\u00f3n saneada,\u00a0<\/span><span title=\"Reproducir desde 10:03\">estamos haciendo obras permanentemente, que trabajamos en lo deportivo,<\/span>\u00a0<span title=\"Reproducir desde 10:07\">en lo social y en lo cultural\u00bb.<\/span><\/span><\/div>\n<div><span style=\"color: #000000; font-size: large;\"><span title=\"Reproducir desde 10:07\">\u00abCreo que la gente en Mayo va a estar acompa\u00f1ando a nuestro Partido;\u00a0<\/span><span title=\"Reproducir desde 10:12\">adem\u00e1s va<\/span><span title=\"Reproducir desde 10:16\">\u00a0a llevar dos muy buenos candidatos, si la Convenci\u00f3n lo reafirma,<\/span>\u00a0<span title=\"Reproducir desde 10:21\">tanto mi candidato\u00a0<b>Domingo Rielli,\u00a0<\/b>como\u00a0<b>Felipe Algorta,<\/b>\u00a0son muy buenos candidatos\u00bb.<\/span><\/span><\/div>\n<div><span style=\"color: #000000; font-size: large;\"><span title=\"Reproducir desde 10:52\">\u00abLe tengo mucha fe que la sana competencia, vuelvo a usar la palabra &#8216;sana competencia&#8217;, que<\/span>\u00a0<span title=\"Reproducir desde 11:01\">permita que el Partido Nacional vote de buena forma en el mes de Mayo\u00bb<\/span><\/span><\/div>\n","protected":false},"excerpt":{"rendered":"<p>El\u00a0Intendente de Durazno, Lic. Carmelo Vidal\u00edn\u00a0-que vot\u00f3 el domingo poco despu\u00e9s de la hora 13.00 como es habitual en uno de los circuitos de la\u00a0Escuela 1-\u00a0dijo que tiene \u00abFe que la sana competencia\u00a0permita que el Partido Nacional vote de buena forma en el mes de Mayo\u00bb y se\u00f1al\u00f3 que \u00abtanto\u00a0Domingo\u00a0Rielli, como\u00a0Felipe Algorta, son muy buenos [&hellip;]<\/p>\n","protected":false},"author":4,"featured_media":5930,"comment_status":"closed","ping_status":"closed","sticky":false,"template":"","format":"standard","meta":{"footnotes":""},"categories":[5],"tags":[],"class_list":["post-5929","post","type-post","status-publish","format-standard","has-post-thumbnail","hentry","category-durazno"],"_links":{"self":[{"href":"https:\/\/paginacero.com.uy\/index.php?rest_route=\/wp\/v2\/posts\/5929","targetHints":{"allow":["GET"]}}],"collection":[{"href":"https:\/\/paginacero.com.uy\/index.php?rest_route=\/wp\/v2\/posts"}],"about":[{"href":"https:\/\/paginacero.com.uy\/index.php?rest_route=\/wp\/v2\/types\/post"}],"author":[{"embeddable":true,"href":"https:\/\/paginacero.com.uy\/index.php?rest_route=\/wp\/v2\/users\/4"}],"replies":[{"embeddable":true,"href":"https:\/\/paginacero.com.uy\/index.php?rest_route=%2Fwp%2Fv2%2Fcomments&post=5929"}],"version-history":[{"count":1,"href":"https:\/\/paginacero.com.uy\/index.php?rest_route=\/wp\/v2\/posts\/5929\/revisions"}],"predecessor-version":[{"id":5931,"href":"https:\/\/paginacero.com.uy\/index.php?rest_route=\/wp\/v2\/posts\/5929\/revisions\/5931"}],"wp:featuredmedia":[{"embeddable":true,"href":"https:\/\/paginacero.com.uy\/index.php?rest_route=\/wp\/v2\/media\/5930"}],"wp:attachment":[{"href":"https:\/\/paginacero.com.uy\/index.php?rest_route=%2Fwp%2Fv2%2Fmedia&parent=5929"}],"wp:term":[{"taxonomy":"category","embeddable":true,"href":"https:\/\/paginacero.com.uy\/index.php?rest_route=%2Fwp%2Fv2%2Fcategories&post=5929"},{"taxonomy":"post_tag","embeddable":true,"href":"https:\/\/paginacero.com.uy\/index.php?rest_route=%2Fwp%2Fv2%2Ftags&post=5929"}],"curies":[{"name":"wp","href":"https:\/\/api.w.org\/{rel}","templated":true}]}}