{"id":5926,"date":"2024-10-29T15:28:38","date_gmt":"2024-10-29T18:28:38","guid":{"rendered":"https:\/\/paginacero.com.uy\/?p=5926"},"modified":"2024-10-29T15:28:38","modified_gmt":"2024-10-29T18:28:38","slug":"montes-de-oca-confianza-de-votantes-hizo-crecer-al-partido-colorado","status":"publish","type":"post","link":"https:\/\/paginacero.com.uy\/?p=5926","title":{"rendered":"Montes de Oca:\u00a0 confianza de votantes\u00a0hizo crecer al Partido\u00a0Colorado"},"content":{"rendered":"<p><strong>En una votaci\u00f3n que supera largamente la de las \u00faltimas elecciones del Partido Colorado en el departamento de Durazno, habiendo alcanzado el domingo un total de\u00a09.041 votos,\u00a0que significa\u00a0m\u00e1s del 21 %\u00a0del total de sufragios emitidos, la\u00a0Lista 318 fue la mas votada con 2.238 votos.<\/strong><!--more--><\/p>\n<div id=\"geom_inter_1730226365389_91_71\"><span id=\"geom_inter_1730226365385_6_70\" style=\"font-size: large;\" data-olk-copy-source=\"MessageBody\">El candidato a la Diputaci\u00f3n por el\u00a0<b id=\"geom_inter_1730226365378_33_69\">Partido Colorado, Lista 318, Gabriel Montes de Oca,\u00a0<\/b>que a nivel nacional responde al sector del\u00a0<b>Dr. Daniel Ojeda<\/b>, valor\u00f3 en sus redes sociales el apoyo alcanzado en las urnas el domingo, que ubic\u00f3 a su agrupaci\u00f3n en la mayor preferencia dentro del Partido.<\/span><\/div>\n<p><span id=\"geom_inter_1730226374387_77_72\" style=\"font-size: large;\">\u00abGracias a todos que con su voto hicieron crecer el Partido Colorado y depositaron su confianza\u00bb, destac\u00f3 el dirigente<\/span><\/p>\n<div id=\"geom_inter_1730226386399_74_75\"><span id=\"geom_inter_1730226386392_49_74\" style=\"font-size: large;\">En los comicios del domingo, la Lista 318 alcanz\u00f3 2.238 adhesiones, seguida de la candidata\u00a0<b>Dra. Ana Hunter,<\/b>\u00a0con 2.024 votos; el\u00a0<b>Dr. Daniel Lerena Silva,\u00a0<\/b>con 1.982, y los dem\u00e1s postulantes totalizaron 3.073 sufragios, seg\u00fan datos oficiales de la Corte Electoral.<\/span><\/div>\n<div id=\"geom_inter_1730226408380_85_77\"><span style=\"font-size: large;\"><span id=\"geom_inter_1730226407377_61_76\" style=\"color: #000000; font-family: -apple-system, BlinkMacSystemFont, Segoe UI, Roboto, Helvetica, Arial, sans-serif;\"><b>Montes de Oca,<\/b>\u00a0antes del acto eleccionario, tuvo el gesto incluso en publicar en sus redes sociales una foto en la que aparecen dirigentes y votantes de varios Partidos y sectores, con el texto: \u00ab<\/span><span id=\"geom_inter_1730226413372_81_78\">Gracias a todos los que de a pie hacen sentir la democracia m\u00e1s fuerte que nunca en nuestro pa\u00eds! Gran parte de ella depende del hermoso trabajo de militancia\u00bb y en la fotograf\u00eda aparecen, entre otros,\u00a0<b>Alberto \u00abTito\u00bb Fumero<\/b>, que fue candidato a Diputado por uno de los sectores del Frente Amplio.<\/span><\/span><\/div>\n<div id=\"geom_inter_1730226422383_21_80\"><span id=\"geom_inter_1730226422383_84_79\" style=\"font-size: large;\">En nota anterior con\u00a0<b>P\u00e1gina Cero<\/b>, hizo referencia a las elecciones de Mayo, se\u00f1alando que el o los candidatos a Intendente de Durazno, es un tema que est\u00e1 sin definir y que se resolver\u00e1\u00a0<span id=\"geom_inter_1730226425384_0_81\">en diciembre en la Convenci\u00f3n Departamental del Partido Colorado, donde surgir\u00e1 el nombre que postular\u00e1 su sector, que cuenta con 20 Convencionales, luego de haber sido la fuerza m\u00e1s votada dentro del Partido en las elecciones internas\u00a0y ahora en las nacionales.<\/span><\/span><\/div>\n<div id=\"geom_inter_1730226473375_21_86\"><span style=\"font-size: large;\"><b>T\u00e9cnicos en todas las \u00e1reas<\/b><br \/>\n<span id=\"geom_inter_1730226473373_44_82\">Para ello, subray\u00f3 \u201cempec\u00e9 a rodearme de un equipo t\u00e9cnico, personas humildes que dieron todo por la sociedad. Les golpe\u00e9 la puerta, les plante\u00e9 las ideas que ten\u00eda; ellos quedaron encantados por eso form\u00e9 un equipo de 24 personas\u201d, entre los que se cuenta a ingeniero agr\u00f3nomo, veterinario, profesores, \u201cque ya tenemos el programa de gobierno para la Intendencia Departamental. Una vez que tengamos proclamada la candidatura a la intendencia, ese mismo d\u00eda vamos a dar a conocer todas las propuestas que Durazno merece mejorar y que es posible mejorar\u201d<\/span><\/span><\/div>\n<div><span style=\"font-size: large;\">\u00a0<\/span><\/div>\n<div id=\"geom_inter_1730226473375_94_85\"><b id=\"geom_inter_1730226473374_4_83\">Fotos de Instagram\u00a0gabriel_montes.de.oca<\/b><\/div>\n","protected":false},"excerpt":{"rendered":"<p>En una votaci\u00f3n que supera largamente la de las \u00faltimas elecciones del Partido Colorado en el departamento de Durazno, habiendo alcanzado el domingo un total de\u00a09.041 votos,\u00a0que significa\u00a0m\u00e1s del 21 %\u00a0del total de sufragios emitidos, la\u00a0Lista 318 fue la mas votada con 2.238 votos.<\/p>\n","protected":false},"author":4,"featured_media":5927,"comment_status":"closed","ping_status":"closed","sticky":false,"template":"","format":"standard","meta":{"footnotes":""},"categories":[5],"tags":[],"class_list":["post-5926","post","type-post","status-publish","format-standard","has-post-thumbnail","hentry","category-durazno"],"_links":{"self":[{"href":"https:\/\/paginacero.com.uy\/index.php?rest_route=\/wp\/v2\/posts\/5926","targetHints":{"allow":["GET"]}}],"collection":[{"href":"https:\/\/paginacero.com.uy\/index.php?rest_route=\/wp\/v2\/posts"}],"about":[{"href":"https:\/\/paginacero.com.uy\/index.php?rest_route=\/wp\/v2\/types\/post"}],"author":[{"embeddable":true,"href":"https:\/\/paginacero.com.uy\/index.php?rest_route=\/wp\/v2\/users\/4"}],"replies":[{"embeddable":true,"href":"https:\/\/paginacero.com.uy\/index.php?rest_route=%2Fwp%2Fv2%2Fcomments&post=5926"}],"version-history":[{"count":1,"href":"https:\/\/paginacero.com.uy\/index.php?rest_route=\/wp\/v2\/posts\/5926\/revisions"}],"predecessor-version":[{"id":5928,"href":"https:\/\/paginacero.com.uy\/index.php?rest_route=\/wp\/v2\/posts\/5926\/revisions\/5928"}],"wp:featuredmedia":[{"embeddable":true,"href":"https:\/\/paginacero.com.uy\/index.php?rest_route=\/wp\/v2\/media\/5927"}],"wp:attachment":[{"href":"https:\/\/paginacero.com.uy\/index.php?rest_route=%2Fwp%2Fv2%2Fmedia&parent=5926"}],"wp:term":[{"taxonomy":"category","embeddable":true,"href":"https:\/\/paginacero.com.uy\/index.php?rest_route=%2Fwp%2Fv2%2Fcategories&post=5926"},{"taxonomy":"post_tag","embeddable":true,"href":"https:\/\/paginacero.com.uy\/index.php?rest_route=%2Fwp%2Fv2%2Ftags&post=5926"}],"curies":[{"name":"wp","href":"https:\/\/api.w.org\/{rel}","templated":true}]}}