{"id":5916,"date":"2024-10-28T12:19:44","date_gmt":"2024-10-28T15:19:44","guid":{"rendered":"https:\/\/paginacero.com.uy\/?p=5916"},"modified":"2024-10-28T12:19:44","modified_gmt":"2024-10-28T15:19:44","slug":"votos-observados-definen-la-diputacion-blanca","status":"publish","type":"post","link":"https:\/\/paginacero.com.uy\/?p=5916","title":{"rendered":"Votos Observados definen la Diputaci\u00f3n blanca"},"content":{"rendered":"<p><strong>Entre Domingo Rielli y Jorge\u00a0Reyna Gerem\u00edas, saldr\u00e1 el electo Diputado por el Partido Nacional\u00a0en Durazno.<\/strong><!--more--><\/p>\n<p dir=\"ltr\" data-olk-copy-source=\"MessageBody\">Son solo\u00a0<b>23\u00a0<\/b>votos la diferencia en todo el departamento, entre uno y otro postulante y resta a\u00fan la dilucidacion de los Observados que son poco m\u00e1s de 800 en todo el departamento para todos los Partidos.<\/p>\n<p dir=\"ltr\">En un final \u00abcabeza a cabeza\u00bb, el\u00a0<b>Cr. Jorge Reyna Gerem\u00edas<\/b>, de 45 a\u00f1os de edad, perteneciente al sector\u00a0<b>\u00abTodos Juntos\u00bb, Lista 40<\/b>, aventaja en la elecci\u00f3n a la Diputaci\u00f3n en el departamento de Durazno, a<b>\u00a0Domingo Rielli, Lista 404,\u00a0<\/b>pero el acotado margen de votos hace que con el conteo a\u00fan pendiente de los sufragios observados, no haya a esta hora una definici\u00f3n.<\/p>\n<p dir=\"ltr\">El desenlace tiene como protagonistas a los dos postulados del nacionalismo y ha sido tan re\u00f1ido que incluso en la misma noche del acto eleccionario, hab\u00eda trascendido que a nivel de la consulta \u00abboca de urna\u00bb, el elegido hab\u00eda sido Rielli, aspecto que incluso en ese momento el propio candidato de la 404 se mostr\u00f3 en todo momento sumamente cauto, sabiendo por informaci\u00f3n propia de la incertidumbre que a\u00fan a esa hora y transcurridos 60 minutos del cierre del horario de votaci\u00f3n, se manten\u00eda en la pareja instancia que fue hasta la apertura de la \u00faltima urna, \u00abvoto a voto\u00bb.<\/p>\n<p dir=\"ltr\">La paridad porcentual del resultado de acuerdo al escrutinio Departamental en el departamento de Durazno, es tal que solo algunas d\u00e9cimas separan a uno y otro candidato.<\/p>\n<p dir=\"ltr\"><b>Jorge Reyna Gerem\u00edas<\/b>\u00a07.072 votos<\/p>\n<p dir=\"ltr\"><b>Domingo Rielli San Mart\u00edn<\/b>\u00a07.049 votos<\/p>\n<p dir=\"ltr\"><b>Juan Sartori Pi\u00f1eyro<\/b>\u00a0456 votos<\/p>\n<p dir=\"ltr\">Otros 735 votos<\/p>\n","protected":false},"excerpt":{"rendered":"<p>Entre Domingo Rielli y Jorge\u00a0Reyna Gerem\u00edas, saldr\u00e1 el electo Diputado por el Partido Nacional\u00a0en Durazno.<\/p>\n","protected":false},"author":4,"featured_media":5917,"comment_status":"closed","ping_status":"closed","sticky":false,"template":"","format":"standard","meta":{"footnotes":""},"categories":[5],"tags":[],"class_list":["post-5916","post","type-post","status-publish","format-standard","has-post-thumbnail","hentry","category-durazno"],"_links":{"self":[{"href":"https:\/\/paginacero.com.uy\/index.php?rest_route=\/wp\/v2\/posts\/5916","targetHints":{"allow":["GET"]}}],"collection":[{"href":"https:\/\/paginacero.com.uy\/index.php?rest_route=\/wp\/v2\/posts"}],"about":[{"href":"https:\/\/paginacero.com.uy\/index.php?rest_route=\/wp\/v2\/types\/post"}],"author":[{"embeddable":true,"href":"https:\/\/paginacero.com.uy\/index.php?rest_route=\/wp\/v2\/users\/4"}],"replies":[{"embeddable":true,"href":"https:\/\/paginacero.com.uy\/index.php?rest_route=%2Fwp%2Fv2%2Fcomments&post=5916"}],"version-history":[{"count":1,"href":"https:\/\/paginacero.com.uy\/index.php?rest_route=\/wp\/v2\/posts\/5916\/revisions"}],"predecessor-version":[{"id":5918,"href":"https:\/\/paginacero.com.uy\/index.php?rest_route=\/wp\/v2\/posts\/5916\/revisions\/5918"}],"wp:featuredmedia":[{"embeddable":true,"href":"https:\/\/paginacero.com.uy\/index.php?rest_route=\/wp\/v2\/media\/5917"}],"wp:attachment":[{"href":"https:\/\/paginacero.com.uy\/index.php?rest_route=%2Fwp%2Fv2%2Fmedia&parent=5916"}],"wp:term":[{"taxonomy":"category","embeddable":true,"href":"https:\/\/paginacero.com.uy\/index.php?rest_route=%2Fwp%2Fv2%2Fcategories&post=5916"},{"taxonomy":"post_tag","embeddable":true,"href":"https:\/\/paginacero.com.uy\/index.php?rest_route=%2Fwp%2Fv2%2Ftags&post=5916"}],"curies":[{"name":"wp","href":"https:\/\/api.w.org\/{rel}","templated":true}]}}