{"id":5903,"date":"2024-10-25T15:53:12","date_gmt":"2024-10-25T18:53:12","guid":{"rendered":"https:\/\/paginacero.com.uy\/?p=5903"},"modified":"2024-10-25T15:53:12","modified_gmt":"2024-10-25T18:53:12","slug":"feria-del-libro-cuatro-dias-de-novedades-literarias-exposiciones-y-espectaculos-artisticos","status":"publish","type":"post","link":"https:\/\/paginacero.com.uy\/?p=5903","title":{"rendered":"Feria del Libro: Cuatro d\u00edas de novedades literarias; exposiciones y espect\u00e1culos art\u00edsticos"},"content":{"rendered":"<p><strong>\u201c<span style=\"font-family: Arial, sans-serif;\"><span id=\"geom_inter_1729882298022_71_24\" style=\"font-size: large;\">Cada una de las Ferias del Libro que se han realizado aqu\u00ed en nuestro Durazno, organizadas por Promoci\u00f3n Social, Divisi\u00f3n de Cultura, han sido realmente un \u00e9xito. Por lo tanto, aspiramos a que \u00e9sta lo sea m\u00e1s a\u00fan\u201d, dijo en la apertura el\u00a0Intendente, Lic. Carmelo Vidal\u00edn.<\/span><\/span><\/strong><!--more--><\/p>\n<p id=\"geom_inter_1729882313030_74_28\" align=\"LEFT\"><span style=\"color: #000000;\"><span style=\"font-family: Arial, sans-serif;\"><span id=\"geom_inter_1729882313029_37_27\" style=\"font-size: large;\" data-olk-copy-source=\"MessageBody\">Se\u00f1al\u00f3 que el evento tendr\u00e1 \u201cla presentaci\u00f3n de muchos libros, a nivel nacional; libros de gente de nuestro Durazno que a m\u00ed me interesa much\u00edsimo. Entre ellos tambi\u00e9n va a estar el libro de un \u00eddolo de todos los duraznenses, como es nuestro gran Antonio Alzamendi. Tambi\u00e9n tenemos alg\u00fan otro libro vinculado a lo que es el crecimiento y el desarrollo de la educaci\u00f3n en Durazno, vinculado a alguna formaci\u00f3n que se realiza en la UTEC, por lo que hay para todos los gustos\u201d.<\/span><\/span><\/span><\/p>\n<p id=\"geom_inter_1729882331024_42_30\" align=\"LEFT\"><span style=\"color: #000000;\"><span style=\"font-family: Arial, sans-serif;\"><span id=\"geom_inter_1729882330026_9_29\" style=\"font-size: large;\"><b>Vidal\u00edn<\/b>, es asiduo lector en sus momentos de descanso, se\u00f1ala ser un \u201clector empedernido\u201d, \u201cleo todos los d\u00edas dos o tres horas por lo menos\u201d, y se\u00f1ala que \u201cla lectura es buena, me enriquece el alma\u201d, donde, dijo \u201clo importante es nutrirse de conocimientos y en la medida que m\u00e1s nos nutrimos de conocimientos, nos damos cuenta de qu\u00e9 infinito es el mundo y qu\u00e9 peque\u00f1ez tenemos nosotros, y esa peque\u00f1ez, justamente a trav\u00e9s de la lectura, por lo pronto la vamos nutriendo de peque\u00f1os \u00e1tomos, de peque\u00f1os elementos que se van sumando para hacernos mejores personas y para acercarnos a un ser superior, ll\u00e1mese como le llame, a trav\u00e9s de la inteligencia y la raz\u00f3n\u201d.<\/span><\/span><\/span><\/p>\n<p align=\"LEFT\"><span style=\"color: #000000;\"><span style=\"font-family: Arial, sans-serif;\"><span id=\"geom_inter_1729882331024_11_31\" style=\"font-size: large;\">Junto a Vidal\u00edn, estuvieron en la ceremonia de lanzamiento, el Director del Departamento de Promoci\u00f3n Social, Luis Iturria; Coordinador de Cultura,\u00a0<b>Walter Fumero;<\/b>\u00a0Director del Museo Hist\u00f3rico Casa de Rivera,\u00a0<b>Cristian Pintos; Directora de Divisi\u00f3n Cultura, Valentina Nikitchuk\u00a0<\/b>y la encargada de la Biblioteca \u201cProf. Carlos Scaffo\u201d,<b id=\"geom_inter_1729882332026_64_34\">\u00a0Beatriz Vi\u00f1ales<\/b><\/span><\/span><\/span><\/p>\n<p align=\"LEFT\"><span style=\"color: #000000;\"><span style=\"font-family: Arial, sans-serif;\"><span style=\"font-size: large;\"><b id=\"geom_inter_1729882332025_76_32\">Fumero: \u201cLibrer\u00edas y editoriales de todo el pa\u00eds\u201d<\/b><\/span><\/span><\/span><\/p>\n<p id=\"geom_inter_1729882332026_84_35\"><span style=\"color: #000000;\"><span style=\"font-family: Arial, sans-serif;\"><span id=\"geom_inter_1729882332026_49_33\" style=\"font-size: large;\">Luego de agradecer al Intendente Vidal\u00edn \u201cque siempre nos da una absoluta libertad para trabajar en la organizaci\u00f3n y el contenido de esta Feria y a todo el equipo de Cultura, de Museo, de Biblioteca, que son los m\u00e1s cercanos; de Promoci\u00f3n Social que l\u00f3gicamente se hace toda la gesti\u00f3n tambi\u00e9n\u201d, Fumero destac\u00f3 que el evento contar\u00e1 con \u201cunos 20 escritores, otro tanto de expositores con sus editoriales y librer\u00edas de Durazno y tambi\u00e9n de otras partes del pa\u00eds, que vienen con grandes colecciones\u201d.<\/span><\/span><\/span><\/p>\n<p id=\"geom_inter_1729882333030_42_37\"><span style=\"color: #000000;\">\u201c<span style=\"font-family: Arial, sans-serif;\"><span id=\"geom_inter_1729882333028_15_36\" style=\"font-size: large;\">Vamos a tener desde el jueves (7 de Noviembre), hasta el domingo (10), en el Museo Hist\u00f3rico Casa de Rivera, esta expoferia y venta de libros donde hay una gran variedad y ser\u00e1 una muy buena oportunidad entonces para recorrer en familia durante toda la jornada; conocer las nuevas publicaciones, y l\u00f3gicamente que despu\u00e9s tener la oportunidad tambi\u00e9n de ver a cada uno de los autores que va a estar llegando ; como dec\u00eda y adelantaba el Intendente (Carmelo Vidal\u00edn) tratamos de tener una variedad de g\u00e9neros literarios; hay poes\u00eda, narrativa, cr\u00f3nica\u201d.<\/span><\/span><\/span><\/p>\n<p><span style=\"color: #000000;\"><span style=\"font-family: Arial, sans-serif;\"><span id=\"geom_inter_1729882334028_11_38\" style=\"font-size: large;\">El escritor\u00a0<b>Jos\u00e9 Pedro Rodr\u00edguez,<\/b>\u00a0presentar\u00e1 una publicaci\u00f3n de su autor\u00eda sobre Mar\u00eda Cayetana Leguizam\u00f3n, alias\u00a0 \u201cLa Guayre\u00f1a\u201d.<\/span><\/span><\/span><\/p>\n<p id=\"geom_inter_1729882334029_37_40\"><span style=\"color: #000000;\"><span style=\"font-family: Arial, sans-serif;\"><span id=\"geom_inter_1729882334028_46_39\" style=\"font-size: large;\">Sobre la recordada mujer, dijo que \u201chay varios libros duraznenses, que si bien algunos ya se presentaron hace un tiempo, en Durazno todav\u00eda no se hab\u00edan presentado, as\u00ed que cre\u00edamos que era la oportunidad de hacerlo\u201d.<\/span><\/span><\/span><\/p>\n<p id=\"geom_inter_1729882335031_29_42\"><span style=\"color: #000000;\"><span style=\"font-family: Arial, sans-serif;\"><span id=\"geom_inter_1729882335031_90_41\" style=\"font-size: large;\">Adem\u00e1s, habr\u00e1 libros sobre instituciones, como la Universidad Tecnol\u00f3gica (UTEC), \u201cque hace referencia a todo lo que es el estudio de la energ\u00eda y el medio ambiente, un libro que adem\u00e1s se public\u00f3 a nivel internacional con una universidad de Brasil; pero tambi\u00e9n hay uno que recoge lo que es la historia de UTU, que tambi\u00e9n van a estar aqu\u00ed y van a estar presentando este libro y de otras instituciones, como es por ejemplo la Corte Electoral, que en estas \u00e9pocas es tan importante que a veces no valorizamos\u201d.<\/span><\/span><\/span><\/p>\n<p id=\"geom_inter_1729882336032_62_44\"><span style=\"color: #000000;\"><span style=\"font-family: Arial, sans-serif;\"><span id=\"geom_inter_1729882336032_43_43\" style=\"font-size: large;\">Nombrando otros autores, cit\u00f3 la presencia en Durazno de \u201cuna figura vinculada al deporte, periodista de muchos a\u00f1os que es\u00a0<b>Atilio Garrido,<\/b>\u00a0reconocido a nivel internacional; el libro de<b>\u00a0(Antonio) Alzamendi<\/b>\u00a0tambi\u00e9n, que sin duda un libro que va m\u00e1s all\u00e1 del deporte, que cuenta la vida de Antonio Alzamendi, autor\u00eda de Brenda Alzamendi.<\/span><\/span><\/span><\/p>\n","protected":false},"excerpt":{"rendered":"<p>\u201cCada una de las Ferias del Libro que se han realizado aqu\u00ed en nuestro Durazno, organizadas por Promoci\u00f3n Social, Divisi\u00f3n de Cultura, han sido realmente un \u00e9xito. Por lo tanto, aspiramos a que \u00e9sta lo sea m\u00e1s a\u00fan\u201d, dijo en la apertura el\u00a0Intendente, Lic. Carmelo Vidal\u00edn.<\/p>\n","protected":false},"author":4,"featured_media":5904,"comment_status":"closed","ping_status":"closed","sticky":false,"template":"","format":"standard","meta":{"footnotes":""},"categories":[5],"tags":[],"class_list":["post-5903","post","type-post","status-publish","format-standard","has-post-thumbnail","hentry","category-durazno"],"_links":{"self":[{"href":"https:\/\/paginacero.com.uy\/index.php?rest_route=\/wp\/v2\/posts\/5903","targetHints":{"allow":["GET"]}}],"collection":[{"href":"https:\/\/paginacero.com.uy\/index.php?rest_route=\/wp\/v2\/posts"}],"about":[{"href":"https:\/\/paginacero.com.uy\/index.php?rest_route=\/wp\/v2\/types\/post"}],"author":[{"embeddable":true,"href":"https:\/\/paginacero.com.uy\/index.php?rest_route=\/wp\/v2\/users\/4"}],"replies":[{"embeddable":true,"href":"https:\/\/paginacero.com.uy\/index.php?rest_route=%2Fwp%2Fv2%2Fcomments&post=5903"}],"version-history":[{"count":1,"href":"https:\/\/paginacero.com.uy\/index.php?rest_route=\/wp\/v2\/posts\/5903\/revisions"}],"predecessor-version":[{"id":5905,"href":"https:\/\/paginacero.com.uy\/index.php?rest_route=\/wp\/v2\/posts\/5903\/revisions\/5905"}],"wp:featuredmedia":[{"embeddable":true,"href":"https:\/\/paginacero.com.uy\/index.php?rest_route=\/wp\/v2\/media\/5904"}],"wp:attachment":[{"href":"https:\/\/paginacero.com.uy\/index.php?rest_route=%2Fwp%2Fv2%2Fmedia&parent=5903"}],"wp:term":[{"taxonomy":"category","embeddable":true,"href":"https:\/\/paginacero.com.uy\/index.php?rest_route=%2Fwp%2Fv2%2Fcategories&post=5903"},{"taxonomy":"post_tag","embeddable":true,"href":"https:\/\/paginacero.com.uy\/index.php?rest_route=%2Fwp%2Fv2%2Ftags&post=5903"}],"curies":[{"name":"wp","href":"https:\/\/api.w.org\/{rel}","templated":true}]}}