{"id":5899,"date":"2024-10-24T17:11:55","date_gmt":"2024-10-24T20:11:55","guid":{"rendered":"https:\/\/paginacero.com.uy\/?p=5899"},"modified":"2024-10-24T17:11:55","modified_gmt":"2024-10-24T20:11:55","slug":"zona-este-de-durazno-se-beneficiara-con-historica-obra-de-saneamiento","status":"publish","type":"post","link":"https:\/\/paginacero.com.uy\/?p=5899","title":{"rendered":"Zona Este de Durazno se beneficiar\u00e1 con hist\u00f3rica obra de Saneamiento"},"content":{"rendered":"<p><strong>El\u00a0Presidente de OSE, Ing. Ra\u00fal Montero Gust\u00e1, y asesores, brindaron el martes en el\u00a0Municipio de Sarand\u00ed del Yi,\u00a0informaci\u00f3n sobre el\u00a0\u00abProyecto Universalizaci\u00f3n del Saneamiento en el Uruguay\u00bb.<\/strong><!--more--><\/p>\n<p><span style=\"font-size: large;\" data-olk-copy-source=\"MessageBody\">La\u00a0<b>Licitaci\u00f3n P\u00fablica Internacional N\u00ba 24711<\/b>, abarca\u00a0<b>61 localidade<\/b>s de todo el pa\u00eds; prev\u00e9 la construcci\u00f3n de<b>\u00a042 nuevas Plantas de Tratamiento<\/b>; con una extensi\u00f3n de\u00a0<b>850 kil\u00f3metros\u00a0<\/b>de Redes de Alcantarillado y\u00a0<b>55.000 conexiones<\/b>\u00a0domiciliarias.<br \/>\n<\/span><\/p>\n<div><span style=\"font-size: large;\">En Durazno, beneficiar\u00e1 a la poblaci\u00f3n de\u00a0<b>Sarand\u00ed del Yi, Cerro Chato, Carlos Reyles, Carmen y La Paloma.<\/b><\/span><\/div>\n<p><span style=\"font-size: large;\">Comenzar\u00e1n en 2025; siendo los meses probables:\u00a0<b>Marzo en Cerro Chato; Mayo en Carmen; Junio en La Paloma; Septiembre en Sarand\u00ed del Yi; Octubre en Carlos Reyles.<\/b>\u00a0El contrato es por\u00a0<b>dos a\u00f1os.<\/b><\/span><\/p>\n<div><span style=\"font-size: large;\">El\u00a0<b>Intendente de Durazno, Lic. Carmelo Vidal\u00edn<\/b>, al participar de la presentaci\u00f3n del proyect\u00f3, felicit\u00f3 la iniciativa y destac\u00f3 la tarea institucional de OSE y la de su Presidente, Ra\u00fal Montero, al tiempo que aprovech\u00f3 la ocasi\u00f3n para reiterar a instar a los vecinos, a informarse sobre el servicio, a partir de la posibilidad de realizar una vez habilitada la obra las conexiones domiciliarias de saneamiento, lo que redundar\u00e1 en una mejor calidad de vida de las familias beneficiarias y de toda la comunidad.<\/span><\/div>\n<p><span style=\"font-size: large;\"><b>Asegurar agua potable a futuro<\/b><br \/>\nEn el informe brindado el martes en el Municipio de Sarand\u00ed del Yi, el Presidente de OSE, subray\u00f3 que para evitar esos problemas referidos anteriormente, \u00abestamos embarcados en un proyecto muy importante, como el de Arazat\u00ed; al que se le han puesto todos los palos en la rueda que nosotros hayamos podido imaginar. Pero que a veces se nos interpone el art\u00edculo 47 de la Constituci\u00f3n para ponernos en contra de ese proyecto. Y nosotros decimos que nosotros no lo hacemos por el art\u00edculo 47 de la Constituci\u00f3n (de la rep\u00fablica), porque entre otras cosas el art\u00edculo 47 dice que el agua es un derecho humano fundamental; el agua potable, o sea que justamente estamos haciendo una obra para que la gente tenga agua potable\u00bb.<br \/>\nSobre el proyecto, dijo que \u00abcon todo eso, y para lograr todo eso, tenemos el orgullo de decir que a pesar de todo eso que vivimos, pudimos prender las luces largas y mirar este proyecto que para nosotros es muy importante para el Interior de nuestro pa\u00eds. Aqu\u00ed en Sarand\u00ed del Y\u00ed, pero no es solo en Sarand\u00ed; vamos a tener obra en Carlos Reyles, ciudad de Carmen, La Paloma y en Cerro Chato\u00bb<br \/>\n<\/span><\/p>\n<div><span style=\"font-size: large;\"><b>Montero,<\/b>\u00a0dijo que la inversi\u00f3n estimada para la obra asciende a unos 16 millones de d\u00f3lares, se\u00f1alando que es una cifra \u00abno menor\u00bb, y que \u00absi la sumamos a la obra que tenemos que hacer en Sarand\u00ed que va por fuera de este proyecto, que es la planta, le tenemos que sumar unos 9 millones y &#8216;pico&#8217;; o sea que la obra en el departamento va a ser muy importante. Todas estas obras van a estar comenzando entre abril y junio del a\u00f1o que viene. Un poco escalonadas.<\/span><\/div>\n<p><span style=\"font-size: large;\">El primer grupo de obra en\u00a0<b>San Jos\u00e9\u00a0<\/b>ya est\u00e1 empezando; vamos a comenzar en\u00a0<b>La Paloma, Rocha<\/b>; vamos a tener alguna obra en\u00a0<b>Canelones,<\/b>\u00a0y seguramente tambi\u00e9n comencemos en estas semanas, pero es imposible empezar en todos lados a la vez, porque ser\u00edan 61 frentes de obra, a pesar de que son empresas muy importantes las que ganaron la licitaci\u00f3n\u00bb.<br \/>\n<\/span><\/p>\n<div><span style=\"font-size: large;\">Inform\u00f3 adem\u00e1s que \u00abel pliego de la licitaci\u00f3n es muy flexible en cuanto al tema de los subcontratos. La idea es que pueda haber muchos subcontratos de ejecuci\u00f3n, apuntando a empresas chicas locales que puedan tener una influencia tambi\u00e9n en mano de obra local\u00bb.<\/span><\/div>\n<div><span style=\"font-size: large;\">\u00a0<\/span><\/div>\n<div><span style=\"font-size: large;\"><b>Fechas de inicio a nivel departamental<br \/>\n<\/b><\/span><\/div>\n<p><span style=\"font-size: large;\">\u00abTambi\u00e9n hay un compromiso de las empresas, para uso de mano de obra local; as\u00ed que creo que es una buena noticia doble, porque estamos solucionando un problema que es la necesidad del servicio de alcantarillado sanitario, y adem\u00e1s, mientras dure la obra, estamos tambi\u00e9n dando mano de obra, que es un tema importante para todos nuestros compatriotas\u00bb.<br \/>\n<\/span><\/p>\n<div><span style=\"font-size: large;\">Sobre fechas de inicio de obras, inform\u00f3 que \u00aben junio del a\u00f1o que viene La Paloma; Carmen, mayo del a\u00f1o que viene; Cerro Chato, marzo del a\u00f1o que viene; Carlos Reyles, octubre del a\u00f1o que viene. Realmente, que son much\u00edsimos frentes de obra. El contrato es por dos a\u00f1os, total, o sea, las obras tienen que estar, en estos dos a\u00f1os terminadas; despu\u00e9s hay un a\u00f1o m\u00e1s de operaci\u00f3n de algunas plantas m\u00e1s complejas \u00a0que puedan haber, pero no de obra. Por lo tanto, en esos dos a\u00f1os tiene que entrar todo ese rompecabezas de todas las 61 localidades\u00bb.<\/span><\/div>\n<div><span style=\"font-size: large;\">\u00abEl origen de esta obra que incluye 61 localidades fue justamente eso, sembrar saneamiento en aquellos lugares en que no estaba formalizado el saneamiento.<br \/>\n<\/span><\/div>\n<div><\/div>\n<div><span style=\"font-size: large;\">En general, las capitales ya est\u00e1n, en algunas localidades de capitales el saneamiento tiene casi 100 a\u00f1os. En Sarand\u00ed del Yi es un poco menor, es un saneamiento que, si no recuerdo mal, se inaugur\u00f3 en el ochenta y pico. Pero justamente, el origen era responder a lo que nosotros entendemos que es una necesidad sentida por el saneamiento\u00bb, dijo el Ing. Ra\u00fal Montero Gust\u00e1.<\/span><\/div>\n<div><span style=\"font-size: large;\">Sostuvo que el proyecto demand\u00f3 un importante esfuerzo, al sostener que \u00abesto nos cost\u00f3 mucho y en algunas peleas y discusiones que ten\u00edamos, sobre todo con gente que tiene hace m\u00e1s de 150 a\u00f1os saneamiento y que tambi\u00e9n tiene cord\u00f3n cuneta y hormig\u00f3n hace 150 a\u00f1os. Y les dec\u00edamos, bueno, quien no ha saltado una cuneta con agua servida para llegar a su casa, no entiende lo que es saneamiento o la necesidad de saneamiento. Yo estoy seguro que todos los que estamos aqu\u00ed sabemos eso\u00bb.\u00a0<\/span><\/div>\n<div><span style=\"font-size: large;\">\u00abAs\u00ed que, para m\u00ed era una necesidad sentida, nos cost\u00f3 mucho. Esta es una obra de; con las cosas que se nos agregaron, nos lleg\u00f3 a\u00a0<b>440 millones de d\u00f3lares<\/b>\u00ab, inform\u00f3 y traz\u00f3 un paralelismo, al se\u00f1alar que \u00abel presupuesto de OSE es de 550 (millones de d\u00f3lares) anuales y tenemos, promedialmente, unos\u00a0<b>70, 80 millones de d\u00f3lares de inversi\u00f3n por a\u00f1o.<\/b>\u00a0O sea que, f\u00edjense lo que implica hacer de un &#8216;saque&#8217; 440 millones de inversi\u00f3n. Se tuvieron que alinear much\u00edsimos astros para que esto pasara, para que hoy estuvi\u00e9ramos aqu\u00ed anunci\u00e1ndoles esto\u00bb.<\/span><\/div>\n<p><span style=\"font-size: large;\">Continu\u00f3 historiando el tema, al se\u00f1alar que \u00abhubo que hacer una Ley, votada por todos los Partidos pol\u00edticos; una Ley que sali\u00f3 con unanimidad para aprobar una transferencia de 360 millones de d\u00f3lares de Rentas Generales hacia OSE. Por primera vez en la historia eso. O sea, hubo algunas veces, algunas transferencias que fueron para &#8216;tapar&#8217; algunas crisis importantes, pero nunca hubo una transferencia para que OSE pudiera pagar un pr\u00e9stamo y para hacer una inversi\u00f3n de este tipo; o sea que es un tema hist\u00f3rico que se hizo en este gobierno que creo que no tiene marcha atr\u00e1s\u00bb.<br \/>\n<\/span><\/p>\n<div><span style=\"font-size: large;\">\u00abNosotros siempre hablamos que estas 61 localidades, son la primera etapa; yo creo que va a ser muy dif\u00edcil que despu\u00e9s no se siga con esto, porque realmente hay un antes y un despu\u00e9s del saneamiento\u00bb, coment\u00f3 Montero.<\/span><\/div>\n<div><\/div>\n<div><span style=\"font-size: large;\">M\u00e1s adelante dijo que el saneamiento \u00abcumple con dos premisas b\u00e1sicas. Una es alejar las aguas servidas de las viviendas, y la otra es tratar el agua para que cuando la devolvamos hacia la naturaleza, de donde extrajimos el agua para potabilizar, esa devoluci\u00f3n sea lo m\u00e1s amigable posible; no sea da\u00f1ina para el medio ambiente\u00bb.<\/span><\/div>\n<p><span style=\"font-size: large;\"><b>En qu\u00e9 consiste la obra f\u00edsica<\/b><br \/>\nMontero, acompa\u00f1ado de t\u00e9cnicos y del asesor legal, Dr. Gonzalo Sp\u00ednola, dijo que la obra trata de \u00abcolocar colectores, casi 800 kil\u00f3metros de colectores en todo el pa\u00eds. Y tambi\u00e9n toda agua que recojamos, toda agua servida, tratarla para que sea amigable con el medio ambiente en lo que le devolvamos!.<br \/>\n\u00abSi hay un orgullo por estos cinco a\u00f1os, es justamente ese. O sea, empezamos con la pandemia. Yo siempre digo que conoc\u00ed a la gente de tapabocas y despu\u00e9s la tuve que conocer sin tapabocas. Esa pandemia nos trajo cerca de 20 millones de morosidad, porque no le cort\u00e1bamos el agua a la gente\u00bb, \u00abde esa morosidad de 20 millones de d\u00f3lares todav\u00eda no nos hemos encontrado con ella. O sea, podremos haber recuperado la mitad y por supuesto sin multa y sin recargo. Y luego nos aparece una sequ\u00eda, la m\u00e1s grande de los \u00faltimos 50, 80, 100 a\u00f1os tal vez, que realmente nos produjo un estr\u00e9s muy duro de soportar. Pero creo que aqu\u00ed en Sarand\u00ed del Yi, particularmente se trabaj\u00f3 mucho; se bombearon algunas lagunas aguas arriba\u00bb.<br \/>\n<\/span><\/p>\n<div><span style=\"font-size: large;\">\u00abSe trabaj\u00f3 m\u00e1s en otros lados. San Jos\u00e9, Nueva Helvecia, Rosario, Minas, Montevideo por supuesto; Montevideo fue extremadamente cr\u00edtico, pero creo que tenemos el orgullo de decir que nunca interrumpimos el servicio. Con algunas modificaciones a la calidad, s\u00ed, pero nunca; siempre hubo agua para tirar la cisterna, que a ustedes les parecer\u00e1 banal, pero es fundamental desde el punto de vista de la salud, desde el punto de vista sanitario, o sea, que nosotros podamos alejar nuestras aguas de nuestras casas es un tema fundamental.Eso lo mantuvimos siempre\u00bb, coment\u00f3.<\/span><\/div>\n<p><span style=\"font-size: large;\">Alcalde: \u00abes mejora de vida de los vecinos\u00bb<br \/>\n<\/span><\/p>\n<div><span style=\"font-size: large;\">\u00abEs un gusto tenerlos por ac\u00e1, porque realmente es un proyecto muy importante el que van a presentar hoy ac\u00e1 en Sarand\u00ed del Yi; todo lo que es bueno para Sarand\u00ed es bueno para nosotros, para los vecinos Entonces me parece a m\u00ed que es una instancia muy importante, porque tambi\u00e9n est\u00e1 lo que mejora la vida de los vecinos, el poder contar con saneamiento. A m\u00ed me parece que son momentos importantes \u00a0y que nosotros los tenemos que valorar de esa manera\u00bb, dijo Oscar Reyes.<\/span><\/div>\n","protected":false},"excerpt":{"rendered":"<p>El\u00a0Presidente de OSE, Ing. Ra\u00fal Montero Gust\u00e1, y asesores, brindaron el martes en el\u00a0Municipio de Sarand\u00ed del Yi,\u00a0informaci\u00f3n sobre el\u00a0\u00abProyecto Universalizaci\u00f3n del Saneamiento en el Uruguay\u00bb.<\/p>\n","protected":false},"author":4,"featured_media":5900,"comment_status":"closed","ping_status":"closed","sticky":false,"template":"","format":"standard","meta":{"footnotes":""},"categories":[5],"tags":[],"class_list":["post-5899","post","type-post","status-publish","format-standard","has-post-thumbnail","hentry","category-durazno"],"_links":{"self":[{"href":"https:\/\/paginacero.com.uy\/index.php?rest_route=\/wp\/v2\/posts\/5899","targetHints":{"allow":["GET"]}}],"collection":[{"href":"https:\/\/paginacero.com.uy\/index.php?rest_route=\/wp\/v2\/posts"}],"about":[{"href":"https:\/\/paginacero.com.uy\/index.php?rest_route=\/wp\/v2\/types\/post"}],"author":[{"embeddable":true,"href":"https:\/\/paginacero.com.uy\/index.php?rest_route=\/wp\/v2\/users\/4"}],"replies":[{"embeddable":true,"href":"https:\/\/paginacero.com.uy\/index.php?rest_route=%2Fwp%2Fv2%2Fcomments&post=5899"}],"version-history":[{"count":1,"href":"https:\/\/paginacero.com.uy\/index.php?rest_route=\/wp\/v2\/posts\/5899\/revisions"}],"predecessor-version":[{"id":5901,"href":"https:\/\/paginacero.com.uy\/index.php?rest_route=\/wp\/v2\/posts\/5899\/revisions\/5901"}],"wp:featuredmedia":[{"embeddable":true,"href":"https:\/\/paginacero.com.uy\/index.php?rest_route=\/wp\/v2\/media\/5900"}],"wp:attachment":[{"href":"https:\/\/paginacero.com.uy\/index.php?rest_route=%2Fwp%2Fv2%2Fmedia&parent=5899"}],"wp:term":[{"taxonomy":"category","embeddable":true,"href":"https:\/\/paginacero.com.uy\/index.php?rest_route=%2Fwp%2Fv2%2Fcategories&post=5899"},{"taxonomy":"post_tag","embeddable":true,"href":"https:\/\/paginacero.com.uy\/index.php?rest_route=%2Fwp%2Fv2%2Ftags&post=5899"}],"curies":[{"name":"wp","href":"https:\/\/api.w.org\/{rel}","templated":true}]}}