{"id":5896,"date":"2024-10-24T17:09:43","date_gmt":"2024-10-24T20:09:43","guid":{"rendered":"https:\/\/paginacero.com.uy\/?p=5896"},"modified":"2024-10-24T17:09:43","modified_gmt":"2024-10-24T20:09:43","slug":"nueva-iluminacion-led-en-el-estadio-de-futbol-infantil-de-sarandi-del-yi","status":"publish","type":"post","link":"https:\/\/paginacero.com.uy\/?p=5896","title":{"rendered":"Nueva iluminaci\u00f3n LED en el estadio de F\u00fatbol Infantil de Sarand\u00ed del Yi"},"content":{"rendered":"<p><strong>En un acuerdo entre UTE, el Municipio de Sarand\u00ed del Yi y la Intendencia de Durazno, qued\u00f3 inaugurada el martes la nueva red lum\u00ednica del estadio de F\u00fatbol Infantil en la Plaza Rossell y Rius<\/strong><!--more--><\/p>\n<div id=\"geom_inter_1729800504696_47_27\"><span id=\"geom_inter_1729800504696_86_26\" style=\"font-size: large;\" data-olk-copy-source=\"MessageBody\">Estuvieron presentes autoridades departamentales encabezadas por el\u00a0<b>Intendente, Lic. Carmelo Vidal\u00edn,<\/b>\u00a0del Deporte; UTE, el Ministro de Transportes y Obras P\u00fablicas,\u00a0<b>Jos\u00e9 Luis Falero<\/b>; Diputado,\u00a0<b>Dr. Felipe Algorta;<\/b>\u00a0<\/span><span style=\"font-size: large;\">Alcalde,\u00a0<b>Oscar Reyes<\/b>;\u00a0<\/span><span style=\"font-size: large;\">Concejales, Ediles, entre otros.<\/span><\/div>\n<p><b><span style=\"font-size: large;\">Alcalde \u00ab<\/span><span style=\"font-size: large;\">algo est\u00e1 bien es hacer deporte\u00bb.<\/span><\/b><\/p>\n<div id=\"geom_inter_1729800528695_37_29\"><span id=\"geom_inter_1729800528695_34_28\" style=\"font-size: large;\">\u00abPor suerte es una noche que realmente nos llena de orgullo, porque este a\u00f1o, el 24 de enero, inauguramos la luz del estadio de mayores (\u00abJuan Ram\u00f3n Carrasco\u00bb), qued\u00f3 muy bien iluminado y es bueno resaltarlo, porque tambi\u00e9n se hizo la iluminaci\u00f3n nueva del gimnasio municipal, y hoy estamos inaugurando ac\u00e1, en el estadio de menores la luz LED. Hemos hecho la prueba y ha quedado espectacular y queremos agradecerle a UTE, a ONFI, a la Intendencia y lo que el Municipio tambi\u00e9n hizo\u00bb. \u00abPara nosotros es un gusto estar ac\u00e1, me encanta estar en estas inauguraciones porque si algo est\u00e1 bien es hacer algo por el deporte, me parece a m\u00ed, aunque se han hecho otras cosas, pero hoy estamos inaugurando por el deporte\u00bb, dijo el Alcalde.<br \/>\n<\/span><\/div>\n<p><span id=\"geom_inter_1729800529690_95_30\" style=\"font-size: large;\"><b>Vidal\u00edn anunci\u00f3 nuevas obras e inauguraciones<\/b><br \/>\n\u00abLos protagonistas andan por all\u00e1 atr\u00e1s &#8216;calentando&#8217; y los vamos a disfrutar mucho\u00bb, empez\u00f3 diciendo Vidal\u00edn, valorando la presencia de jugadores de f\u00fatbol de edad infantil, solicitando la presencia junto a \u00e9l, del Alcalde y Concejales del Municipio de Sarand\u00ed del Yi y de la Presidenta de la Liga de F\u00fatbol Infantil, se\u00f1ora Marta Antonio.<br \/>\n\u00abQuiero que ellos est\u00e9n ac\u00e1, porque trabajamos realmente a gusto en todo momento\u00bb, se\u00f1al\u00f3 Vidal\u00edn.<br \/>\n\u00abYo les quiero hacer un peque\u00f1o racconto, porque hace un ratito est\u00e1bamos inaugurando las luces con el Ministro (Jos\u00e9 Luis Falero, Mtop) y un vecino me dec\u00eda, los sarandiyenses somos de poca memoria\u00bb, \u00abo cuando pedimos algo, lo pedimos, pero despu\u00e9s no lo queremos enfrente a casa y si nos ponen enfrente a casa, lo rechazamos; no es solo en Sarand\u00ed del Yi; en Durazno (ciudad) tambi\u00e9n, y a de pasar lo mismo en San Jos\u00e9, en Montevideo y en otros lados. Entonces, ac\u00e1 con estos compa\u00f1eros, con el Alcalde y con los Concejales, hemos ido trabajando de manera conjunta realmente maravilloso. Y lo hacemos mucho m\u00e1s seguido de lo que ustedes piensan. Nos sentamos en torno a una mesa y ah\u00ed discutimos y analizamos los temas y yo realmente me siento feliz de que as\u00ed sea\u00bb<br \/>\n<\/span><\/p>\n<div><span style=\"font-size: large;\">Coment\u00f3 luego que en ese lugar \u00aben pocos d\u00edas vamos a estar inaugurando la Casa de los Deportes, en pocos d\u00edas seguramente antes que finalice noviembre\u00bb.<\/span><\/div>\n<p><span id=\"geom_inter_1729800530695_72_31\" style=\"font-size: large;\"><b>Estadio Carrasco; piscina de Cerro Chato<\/b><br \/>\nAgreg\u00f3 adem\u00e1s que \u00aben \u00e9stos d\u00edas se llam\u00f3 a licitaci\u00f3n por dos obras; en el estadio \u00abJuan Ram\u00f3n Carrasco\u00bb, se\u00f1alando que junto con el Alcalde y los Concejales, tenemos que mantener un di\u00e1logo fecundo con los integrantes de la Liga (de F\u00fatbol de Sarand\u00ed del Yi), para que cuando venga el Campeonato del Sur, encuentre el estadio realmente remozado y si no est\u00e1 el estadio a\u00fan finalizado podamos, sobre la base del di\u00e1logo, encontrar una soluci\u00f3n que nos d\u00e9 satisfacci\u00f3n a todos, pero a sabiendas que el estadio es del Municipio\u00bb.<br \/>\nVidal\u00edn, hizo referencia luego a la obra realizada por la IDD de cerramiento y climatizaci\u00f3n de la piscina, agregando que en todo el pa\u00eds hay \u00abmenos de 30 piscinas climatizadas cerradas, y Sarand\u00ed del Yi, tiene una; Durazno ciudad tiene otra; Ciudad del Carmen tiene otra, y en los pr\u00f3ximos d\u00edas construimos otra tambi\u00e9n en Cerro Chato, y seguramente me estoy olvidando de algunas otras obras de infraestructura deportivas\u00bb.<br \/>\n\u00abQuiero decirles que tambi\u00e9n\u00a0<b id=\"geom_inter_1729800531694_32_32\">tenemos m\u00e1s de 500 alumnos\u00a0<\/b>que participan de las escuelas deportivas de la Intendencia y del Municipio. M\u00e1s de<b>\u00a0500 alumnos<\/b>\u00a0en las escuelas de f\u00fatbol, b\u00e1squetbol, voleibol, etc, y ayudamos con horas a Cenpadi (Centro de Padres y Amigos de Discapacitados de Sarand\u00ed del Yi) y el INAU, y lo hacemos con placer y con mucho gusto\u00bb.<br \/>\nEl jefe comunal duraznense, resalt\u00f3 luego \u00ablo que m\u00e1s satisfacci\u00f3n me ha dado fue el otro d\u00eda cuando participaron los chicos de Sarand\u00ed del Yi en los Juegos Paradeportivos nacionales; de lo que es ese grupo maravilloso de personas que forman el equipo de \u00abFuerza Inclusiva\u00bb. Esas son las pol\u00edticas a las cuales el Alcalde y con los Concejales apostamos. Porque nosotros queremos que el deporte se d\u00e9 en cada uno de los rincones de nuestro departamento\u00bb.<br \/>\nFinalmente, al inaugurar las nuevas luces del estadio, agradeci\u00f3 a UTE y a todos \u00abquienes participaron en que esto se transformara en realidad\u00bb<br \/>\n<\/span><\/p>\n<div id=\"geom_inter_1729800532701_18_34\"><span id=\"geom_inter_1729800532700_2_33\" style=\"font-size: large;\">\u00abQueremos que la familia tambi\u00e9n sea part\u00edcipe de esto. Pero la familia no la queremos que desde afuera le grite; no, eso no nos gusta. Nos gusta otra cosa.\u00a0<b>Nos gusta a la familia integrada<\/b>\u00a0para apoyar a esos &#8216;gurises&#8217; que tenemos que tambi\u00e9n ser muy cautelosos y sinceros, de no venderles espejitos de colores e ilusiones.\u00a0 En el f\u00fatbol los que llegan son pocos y en el estudio los que llegan son muchos. Por lo tanto es muy lindo el deporte, es muy lindo el f\u00edsico, pero es tambi\u00e9n muy lindo cultivar la mente. Si cultivamos las dos cosas; la mente y el f\u00edsico, indudablemente vamos por buen camino\u00bb, subray\u00f3.<\/span><\/div>\n<p><span id=\"geom_inter_1729800533713_46_35\" style=\"font-size: large;\"><b>Vicepresidente de UTE, Pablo Ferrari<\/b><br \/>\n\u00abEste es un programa que se llama \u00abIluminar Deporte\u00bb, que nos toc\u00f3 elaborar ese acuerdo all\u00e1 por el 2021. Yo en ese momento estaba de Subsecretario de Deportes, y con\u00a0<b>(Diputado, Dr.) Felipe Algorta<\/b>, los dos por nuestra profesi\u00f3n de abogado, nos toc\u00f3 elaborar ah\u00ed el acuerdo. Acuerdo por el cual estamos iluminando canchas de Baby F\u00fatbol, del f\u00fatbol del Interior, y se juntan instituciones que van por el mismo camino, por el camino de tratar que el deporte est\u00e9 cada d\u00eda m\u00e1s practicado. El deporte es una herramienta social, una herramienta de educaci\u00f3n\u00bb, dijo Ferrari.<br \/>\n\u00abLo que pretendemos con estas ni\u00f1as y ni\u00f1os es que practiquen Baby F\u00fatbol ac\u00e1, que conozcan sus reglas, que respeten las reglas, respeten al rival, respeten a los jueces, al p\u00fablico, y con eso se vayan formando como ciudadanos, m\u00e1s all\u00e1 de todos los valores que le inculca la familia. En este programa \u00abIluminar Deporte\u00bb, la UTE ya lleva invertidos 16 millones de pesos. Y cuando a veces se habla de n\u00fameros, de gastos, nosotros no lo entendemos como un gasto, lo entendemos como una inversi\u00f3n\u00bb.<br \/>\nAgreg\u00f3 que \u00abescuchaba atentamente al\u00a0<b>Ministro (Jos\u00e9 Luis) Falero<\/b>, en la inauguraci\u00f3n de las luces de la rotonda de la Ruta 6 y la 14; de dos cosas que dijo usted, Ministro, la verdad que me dejaron pensando. Las dificultades que pas\u00f3 este gobierno; a m\u00ed me toc\u00f3 en ese momento estar cerrando los gimnasios, cerrando el deporte, pero despu\u00e9s abri\u00e9ndolo; cerrando las perillas y abriendo esas perillas. Y as\u00ed como hay indicadores de que fuimos muy buenos en la pandemia, fuimos el primer pa\u00eds en toda Sudam\u00e9rica en tener actividades f\u00edsicas al aire libre y despu\u00e9s en espacios cerrados; por eso vinieron muchos eventos internacionales al pa\u00eds\u00bb.<br \/>\n\u00abY la UTE tambi\u00e9n tuvo que trabajar much\u00edsimo. Con el tema de la conectividad; permitir que la energ\u00eda llegue a todos los lugares para que Antel tambi\u00e9n tuviera esa posibilidad de que la educaci\u00f3n siguiera andando y fuimos l\u00edderes. Y otro tema importante que me parece que toc\u00f3 el Ministro, es el tema de las inversiones. En este programa de la unidad de deporte , UTE lleva invertido 16 millones de pesos, pero llevamos invertido miles y miles de d\u00f3lares en personas que no estaban regularizadas, que estaban en asentamientos; m\u00e1s de 78.000 personas, se han venido beneficiadas por el bono social con el Mides y estamos llevando luz a esos lugares donde hab\u00eda accidentes, hab\u00eda muertes, hab\u00eda personas que estaban excluidas. Hoy tiene una factura, hoy pagan solo el 10% de la factura y con esa factura se sienten ciudadanos, son parte de la sociedad y creo que es ah\u00ed lo que tenemos que destacar. Este gobierno se preocup\u00f3 de incluir a la gente, no dej\u00f3 a nadie atr\u00e1s\u00bb.<\/span><\/p>\n","protected":false},"excerpt":{"rendered":"<p>En un acuerdo entre UTE, el Municipio de Sarand\u00ed del Yi y la Intendencia de Durazno, qued\u00f3 inaugurada el martes la nueva red lum\u00ednica del estadio de F\u00fatbol Infantil en la Plaza Rossell y Rius<\/p>\n","protected":false},"author":4,"featured_media":5897,"comment_status":"closed","ping_status":"closed","sticky":false,"template":"","format":"standard","meta":{"footnotes":""},"categories":[5],"tags":[],"class_list":["post-5896","post","type-post","status-publish","format-standard","has-post-thumbnail","hentry","category-durazno"],"_links":{"self":[{"href":"https:\/\/paginacero.com.uy\/index.php?rest_route=\/wp\/v2\/posts\/5896","targetHints":{"allow":["GET"]}}],"collection":[{"href":"https:\/\/paginacero.com.uy\/index.php?rest_route=\/wp\/v2\/posts"}],"about":[{"href":"https:\/\/paginacero.com.uy\/index.php?rest_route=\/wp\/v2\/types\/post"}],"author":[{"embeddable":true,"href":"https:\/\/paginacero.com.uy\/index.php?rest_route=\/wp\/v2\/users\/4"}],"replies":[{"embeddable":true,"href":"https:\/\/paginacero.com.uy\/index.php?rest_route=%2Fwp%2Fv2%2Fcomments&post=5896"}],"version-history":[{"count":1,"href":"https:\/\/paginacero.com.uy\/index.php?rest_route=\/wp\/v2\/posts\/5896\/revisions"}],"predecessor-version":[{"id":5898,"href":"https:\/\/paginacero.com.uy\/index.php?rest_route=\/wp\/v2\/posts\/5896\/revisions\/5898"}],"wp:featuredmedia":[{"embeddable":true,"href":"https:\/\/paginacero.com.uy\/index.php?rest_route=\/wp\/v2\/media\/5897"}],"wp:attachment":[{"href":"https:\/\/paginacero.com.uy\/index.php?rest_route=%2Fwp%2Fv2%2Fmedia&parent=5896"}],"wp:term":[{"taxonomy":"category","embeddable":true,"href":"https:\/\/paginacero.com.uy\/index.php?rest_route=%2Fwp%2Fv2%2Fcategories&post=5896"},{"taxonomy":"post_tag","embeddable":true,"href":"https:\/\/paginacero.com.uy\/index.php?rest_route=%2Fwp%2Fv2%2Ftags&post=5896"}],"curies":[{"name":"wp","href":"https:\/\/api.w.org\/{rel}","templated":true}]}}