{"id":5886,"date":"2024-10-23T15:18:23","date_gmt":"2024-10-23T18:18:23","guid":{"rendered":"https:\/\/paginacero.com.uy\/?p=5886"},"modified":"2024-10-23T15:18:23","modified_gmt":"2024-10-23T18:18:23","slug":"hernandez-no-salimos-hoy-hace-anos-que-recorremos-el-departamento","status":"publish","type":"post","link":"https:\/\/paginacero.com.uy\/?p=5886","title":{"rendered":"Hern\u00e1ndez: \u201cNo salimos &#8216;hoy&#8217;, hace a\u00f1os que recorremos el departamento\u201d"},"content":{"rendered":"<p>Pedro Hugo Hern\u00e1ndez Ara\u00fajo,\u00a0tiene 66 a\u00f1os de edad, nacido en 20 de Septiembre de 1958 en el Interior del departamento de Durazno, la localidad<!--more--><\/p>\n<p><span data-olk-copy-source=\"MessageBody\">Conociendo a los candidatos a la Diputaci\u00f3n<\/span><\/p>\n<p><span style=\"font-family: Arial, sans-serif;\"><span style=\"font-size: large;\" data-olk-copy-source=\"MessageBody\">Cuchilla Ram\u00edrez (7\u00b0 secci\u00f3n).<\/span><\/span><\/p>\n<p><span style=\"font-family: Arial, sans-serif;\"><span style=\"font-size: large;\">Casado desde hace 44 a\u00f1os con Silvana Bongiorni Mangano; dos hijos : Edinson Guillermo (T\u00e9cnico en Generaci\u00f3n T\u00e9rmica) y Leila Carolina (Abogada), y dos nietos Mateo de 13 a\u00f1os e Isabella de 11 a\u00f1os.<\/span><\/span><\/p>\n<p><span style=\"font-family: Arial, sans-serif;\"><span style=\"font-size: large;\">Candidato a la\u00a0<b>Diputaci\u00f3n\u00a0<\/b>por el sector\u00a0<b>Liga Federal, Lista 1813, Hern\u00e1ndez,<\/b>\u00a0se ha desempe\u00f1ado como\u00a0<b>Edil Departamental en dos per\u00edodos<\/b>; del 2010 al 2015 por el Partido Socialista Lista 90 y del 2020 hasta el 2025 electo por la Liga Federal.<\/span><\/span><\/p>\n<p><span style=\"font-family: Arial, sans-serif;\"><span style=\"font-size: large;\">Subraya que \u201cquiero ser Diputado para trasladar toda la experiencia y conocimiento de todo Durazno al Parlamento en procura de un mejor pasar para todas y todos los duraznenses\u201d.<\/span><\/span><\/p>\n<p><span style=\"font-family: Arial, sans-serif;\"><span style=\"font-size: large;\">Se\u00f1ala que su referente pol\u00edtico es el\u00a0<b>Dr. Andr\u00e9s Lima,\u00a0<\/b>que a sus cincuenta a\u00f1os de edad ha desarrollado una destacada carrera, siendo Edil; Diputado y por dos periodos Intendente de Salto.<\/span><\/span><\/p>\n<p>\u201c<span style=\"font-family: Arial, sans-serif;\"><span style=\"font-size: large;\">Es un pol\u00edtico presente, sencillo, calmo, sereno. Sabe escuchar. Recorre el pa\u00eds como ninguno; cada paraje, cada pueblo, para conocer las particularidades de cada rinc\u00f3n de nuestro hermoso pa\u00eds\u201d.<\/span><\/span><\/p>\n<p><span style=\"font-family: Arial, sans-serif;\"><span style=\"font-size: large;\">Agrega que\u00a0<b>Lima<\/b>, \u201cest\u00e1 preparado para ser un gran Senador Nacional si as\u00ed lo entiende la poblaci\u00f3n , y le da su apoyo\u201d.<\/span><\/span><\/p>\n<p>\u201c<span style=\"font-family: Arial, sans-serif;\"><span style=\"font-size: large;\">En particular en nuestro departamento ha estado junto a nosotros en muchas oportunidades desde hace cuatro a\u00f1os recorriendo distintos lugares no desde ahora, sino desde que estoy en la actividad y a partir de cuando empezamos a trabajar junto a Andr\u00e9s Lima\u201d, comenta Hern\u00e1ndez, quien tambi\u00e9n ha desarrollado destacada actividad como dirigente, siendo\u00a0<b>Presidente, del Club Atl\u00e9tico Wanderers.<\/b><\/span><\/span><\/p>\n<p><span style=\"font-family: Arial, sans-serif;\"><span style=\"font-size: large;\">Rememora algunas de edad recorridas, reclamando por seguridad en Durazno, junto a la producci\u00f3n, caso de Santa Bernardina en 2021; barrios Blanquillo y Aguas Buenas en 2022; Carmen, Chileno, barrios de Durazno en 2023; en el Comit\u00e9 \u201cDr. Beresmundo Peralta\u201d.<\/span><\/span><\/p>\n<p>\u201c<span style=\"font-family: Arial, sans-serif;\"><span style=\"font-size: large;\">Han sido muchos lugares y de forma habitual\u201d, agrega, enumerando La Paloma, San Jorge, Aguas Buenas, Carlos Reyles, Centenario, Ciudad del Carmen, Sarandi del Yi, y aqu\u00ed en Durazno en muchas oportunidades, en barrios Las Higueras, Santa Bernardina, La Amarilla, Sand\u00fa, Las Violetas, Hip\u00f3dromo, etc, y en toda la ciudad para conocer las carencias, pero tambi\u00e9n la potencialidad de cada sitio , que es lo que hay que desarrollar para su crecimiento y bienestar de los vecinos\u201d.<br \/>\n<\/span><\/span><\/p>\n<p>\u201c<span style=\"font-family: Arial, sans-serif;\"><span style=\"font-size: large;\">Juntos, \u00e9l como Senador y nosotros como Diputado podemos trabajar para elevar la calidad de vida de los duraznenses. Porque queda mucho por hacer\u201d, comenta\u00a0<b>Hern\u00e1ndez a P\u00e1gina Cero.<\/b><\/span><\/span><\/p>\n<p><span style=\"font-family: Arial, sans-serif;\"><span style=\"font-size: large;\"><b>Algunos de los temas a tratar con prioridad<\/b><\/span><\/span><\/p>\n<p><span style=\"font-family: Arial, sans-serif;\"><span style=\"font-size: large;\">El candidato enumera los temas que a su entender encarar\u00e1 desde el \u00e1mbito legislativo nacional: Luchar por el presupuesto, ejemplo: recursos para viviendas ; tierra para colonizaci\u00f3n; garantizar recursos para la salud de todos los duraznenses; dar uso a la tecnolog\u00eda para mejorar la seguridad ciudadana; apoyo a emprendedores familiares; peque\u00f1as y medianas empresas, y de ser necesario con subsidios para que las familias se puedan sustentar y no depender de planes que a veces son insuficientes\u201d.<\/span><\/span><\/p>\n<p><span style=\"font-family: Arial, sans-serif;\"><span style=\"font-size: large;\">Tambi\u00e9n habl\u00f3 de \u201cprofundizar en el desarrollo de las distintas localidades con emprendimientos sustentables\u201d, \u201cgarantizar el cuidado del ambiente\u201d, \u201capoyar a las empresas de gran porte siempre que \u00e9stas respeten los derechos de las y los trabajadores\u201d.<\/span><\/span><\/p>\n","protected":false},"excerpt":{"rendered":"<p>Pedro Hugo Hern\u00e1ndez Ara\u00fajo,\u00a0tiene 66 a\u00f1os de edad, nacido en 20 de Septiembre de 1958 en el Interior del departamento de Durazno, la localidad<\/p>\n","protected":false},"author":4,"featured_media":5887,"comment_status":"closed","ping_status":"closed","sticky":false,"template":"","format":"standard","meta":{"footnotes":""},"categories":[5],"tags":[],"class_list":["post-5886","post","type-post","status-publish","format-standard","has-post-thumbnail","hentry","category-durazno"],"_links":{"self":[{"href":"https:\/\/paginacero.com.uy\/index.php?rest_route=\/wp\/v2\/posts\/5886","targetHints":{"allow":["GET"]}}],"collection":[{"href":"https:\/\/paginacero.com.uy\/index.php?rest_route=\/wp\/v2\/posts"}],"about":[{"href":"https:\/\/paginacero.com.uy\/index.php?rest_route=\/wp\/v2\/types\/post"}],"author":[{"embeddable":true,"href":"https:\/\/paginacero.com.uy\/index.php?rest_route=\/wp\/v2\/users\/4"}],"replies":[{"embeddable":true,"href":"https:\/\/paginacero.com.uy\/index.php?rest_route=%2Fwp%2Fv2%2Fcomments&post=5886"}],"version-history":[{"count":1,"href":"https:\/\/paginacero.com.uy\/index.php?rest_route=\/wp\/v2\/posts\/5886\/revisions"}],"predecessor-version":[{"id":5888,"href":"https:\/\/paginacero.com.uy\/index.php?rest_route=\/wp\/v2\/posts\/5886\/revisions\/5888"}],"wp:featuredmedia":[{"embeddable":true,"href":"https:\/\/paginacero.com.uy\/index.php?rest_route=\/wp\/v2\/media\/5887"}],"wp:attachment":[{"href":"https:\/\/paginacero.com.uy\/index.php?rest_route=%2Fwp%2Fv2%2Fmedia&parent=5886"}],"wp:term":[{"taxonomy":"category","embeddable":true,"href":"https:\/\/paginacero.com.uy\/index.php?rest_route=%2Fwp%2Fv2%2Fcategories&post=5886"},{"taxonomy":"post_tag","embeddable":true,"href":"https:\/\/paginacero.com.uy\/index.php?rest_route=%2Fwp%2Fv2%2Ftags&post=5886"}],"curies":[{"name":"wp","href":"https:\/\/api.w.org\/{rel}","templated":true}]}}