{"id":5883,"date":"2024-10-23T12:02:10","date_gmt":"2024-10-23T15:02:10","guid":{"rendered":"https:\/\/paginacero.com.uy\/?p=5883"},"modified":"2024-10-23T12:02:10","modified_gmt":"2024-10-23T15:02:10","slug":"celebrando-la-voz-que-nunca-calla-dia-del-periodista-en-uruguay","status":"publish","type":"post","link":"https:\/\/paginacero.com.uy\/?p=5883","title":{"rendered":"Celebrando la Voz que Nunca Calla: D\u00eda del Periodista en Uruguay"},"content":{"rendered":"<p><strong>Hoy, 23 de octubre, homenajeamos a quienes d\u00eda a d\u00eda se encargan de llevar la verdad y la informaci\u00f3n a cada rinc\u00f3n del pa\u00eds. Ser periodista es m\u00e1s que un oficio, es una misi\u00f3n.<\/strong><!--more--><\/p>\n<p>En el D\u00eda del Periodista, rendimos tributo a todos aquellos que eligen la verdad, la justicia y la libertad de expresi\u00f3n como estandartes de su labor diaria. Desde la cobertura de noticias locales hasta la investigaci\u00f3n de gran impacto, los periodistas uruguayos son la voz que informa, cuestiona y expone realidades. En tiempos donde la informaci\u00f3n se vuelve m\u00e1s esencial que nunca, agradecemos a los periodistas que, a pesar de los riesgos y desaf\u00edos, nunca dejan de contar historias que nos hacen reflexionar, entender y actuar. \u00a1Hoy es su d\u00eda, y celebramos su incansable b\u00fasqueda de la verdad!<\/p>\n","protected":false},"excerpt":{"rendered":"<p>Hoy, 23 de octubre, homenajeamos a quienes d\u00eda a d\u00eda se encargan de llevar la verdad y la informaci\u00f3n a cada rinc\u00f3n del pa\u00eds. Ser periodista es m\u00e1s que un oficio, es una misi\u00f3n.<\/p>\n","protected":false},"author":4,"featured_media":5884,"comment_status":"closed","ping_status":"closed","sticky":false,"template":"","format":"standard","meta":{"footnotes":""},"categories":[5],"tags":[],"class_list":["post-5883","post","type-post","status-publish","format-standard","has-post-thumbnail","hentry","category-durazno"],"_links":{"self":[{"href":"https:\/\/paginacero.com.uy\/index.php?rest_route=\/wp\/v2\/posts\/5883","targetHints":{"allow":["GET"]}}],"collection":[{"href":"https:\/\/paginacero.com.uy\/index.php?rest_route=\/wp\/v2\/posts"}],"about":[{"href":"https:\/\/paginacero.com.uy\/index.php?rest_route=\/wp\/v2\/types\/post"}],"author":[{"embeddable":true,"href":"https:\/\/paginacero.com.uy\/index.php?rest_route=\/wp\/v2\/users\/4"}],"replies":[{"embeddable":true,"href":"https:\/\/paginacero.com.uy\/index.php?rest_route=%2Fwp%2Fv2%2Fcomments&post=5883"}],"version-history":[{"count":1,"href":"https:\/\/paginacero.com.uy\/index.php?rest_route=\/wp\/v2\/posts\/5883\/revisions"}],"predecessor-version":[{"id":5885,"href":"https:\/\/paginacero.com.uy\/index.php?rest_route=\/wp\/v2\/posts\/5883\/revisions\/5885"}],"wp:featuredmedia":[{"embeddable":true,"href":"https:\/\/paginacero.com.uy\/index.php?rest_route=\/wp\/v2\/media\/5884"}],"wp:attachment":[{"href":"https:\/\/paginacero.com.uy\/index.php?rest_route=%2Fwp%2Fv2%2Fmedia&parent=5883"}],"wp:term":[{"taxonomy":"category","embeddable":true,"href":"https:\/\/paginacero.com.uy\/index.php?rest_route=%2Fwp%2Fv2%2Fcategories&post=5883"},{"taxonomy":"post_tag","embeddable":true,"href":"https:\/\/paginacero.com.uy\/index.php?rest_route=%2Fwp%2Fv2%2Ftags&post=5883"}],"curies":[{"name":"wp","href":"https:\/\/api.w.org\/{rel}","templated":true}]}}