{"id":5880,"date":"2024-10-23T11:35:49","date_gmt":"2024-10-23T14:35:49","guid":{"rendered":"https:\/\/paginacero.com.uy\/?p=5880"},"modified":"2024-10-23T11:35:49","modified_gmt":"2024-10-23T14:35:49","slug":"montes-del-plata-y-ute-realizaron-jornada-de-capacitacion-sobre-seguridad-en-lineas-electricas-aereas-2","status":"publish","type":"post","link":"https:\/\/paginacero.com.uy\/?p=5880","title":{"rendered":"Montes del Plata y UTE realizaron jornada de capacitaci\u00f3n sobre seguridad en l\u00edneas el\u00e9ctricas a\u00e9reas"},"content":{"rendered":"<p><strong>La actividad cont\u00f3 con la participaci\u00f3n de trabajadores del sector forestal y contratistas, quienes recibieron informaci\u00f3n sobre los riesgos de trabajar cerca de l\u00edneas el\u00e9ctricas y las medidas de seguridad necesarias para prevenir accidentes<\/strong><!--more--><\/p>\n<p>Durazno, 15 de octubre de 2024. Este martes se llev\u00f3 a cabo en la Sociedad Rural de Durazno una jornada de formaci\u00f3n sobre \u00abSeguridad con L\u00edneas El\u00e9ctricas A\u00e9reas\u00bb, organizada por Montes del Plata y con participaci\u00f3n de UTE, con el objetivo de concientizar a los trabajadores del sector forestal y contratistas sobre los riesgos asociados al trabajo cerca de l\u00edneas el\u00e9ctricas a\u00e9reas.<\/p>\n<p>La actividad surgi\u00f3 como parte de las iniciativas del \u00e1rea de cosecha y de Salud y Seguridad Ocupacional de Montes del Plata para prevenir incidentes relacionados con el contacto de maquinaria pesada y \u00e1rboles con las l\u00edneas el\u00e9ctricas. Durante la jornada, se resalt\u00f3 la gravedad de estos incidentes, que pueden resultar en accidentes fatales, y las consecuencias tanto para los trabajadores como para el suministro el\u00e9ctrico de comunidades locales.<\/p>\n<p>La capacitaci\u00f3n estuvo a cargo de un equipo de especialistas de UTE, quienes destacaron la importancia de seguir estrictos protocolos de seguridad para prevenir estos riesgos. La participaci\u00f3n incluy\u00f3 operadores de maquinaria, colaboradores de diferentes \u00e1reas de la empresa y t\u00e9cnicos prevencionistas empresas contratistas.<\/p>\n<p>Tambi\u00e9n participaron t\u00e9cnicos de las empresas Ponsse, John Deere\/Interagrovial, Komatsu y Tigercat, todas proveedoras de maquinaria, quienes expusieron sobre la tecnolog\u00eda disponible en sus equipos para prevenir este tipo de incidentes.<\/p>\n<p>La jornada se desarroll\u00f3 desde las 11 hasta las 16 horas, combinando la charla de UTE con actividades internas de Montes del Plata, que incluyeron una revisi\u00f3n de los protocolos de seguridad vigentes y el intercambio de buenas pr\u00e1cticas entre los participantes.<\/p>\n<p>Con esta actividad, Montes del Plata refuerza su compromiso con la seguridad de sus trabajadores y contin\u00faa buscando soluciones efectivas para mitigar los riesgos presentes en sus operaciones, promoviendo una cultura de prevenci\u00f3n y cuidado en todas las \u00e1reas.<\/p>\n<p>Acerca de Montes del Plata<\/p>\n<p>Montes del Plata es una empresa forestal-industrial fundada en Uruguay en el a\u00f1o 2009 a partir de la uni\u00f3n en Uruguay de dos compa\u00f1\u00edas l\u00edderes de la industria<\/p>\n<p>forestal: Stora Enso (sueco-finlandesa) y Arauco (chilena), dedicada a la producci\u00f3n de pulpa de celulosa de Eucalyptus.<\/p>\n<p>Su celulosa se produce en un complejo industrial de \u00faltima tecnolog\u00eda pr\u00f3ximo a Conchillas, en el departamento de Colonia, que genera a su vez energ\u00eda el\u00e9ctrica renovable.<\/p>\n<p>Tiene m\u00e1s de 190.000 hect\u00e1reas de plantaciones forestales propias y en acuerdos con productores locales distribuidas en 16 departamentos del pa\u00eds, las cuales se integran con montes nativos y otras \u00e1reas naturales que se conservan. Desde la producci\u00f3n de plantines en un vivero propio hasta la exportaci\u00f3n de celulosa, Montes del Plata involucra en toda su cadena productiva a unas 6500 personas. La empresa mantiene di\u00e1logo permanente con las comunidades cercanas a sus operaciones, apoyando el desarrollo local.<\/p>\n","protected":false},"excerpt":{"rendered":"<p>La actividad cont\u00f3 con la participaci\u00f3n de trabajadores del sector forestal y contratistas, quienes recibieron informaci\u00f3n sobre los riesgos de trabajar cerca de l\u00edneas el\u00e9ctricas y las medidas de seguridad necesarias para prevenir accidentes<\/p>\n","protected":false},"author":4,"featured_media":5881,"comment_status":"closed","ping_status":"closed","sticky":false,"template":"","format":"standard","meta":{"footnotes":""},"categories":[5],"tags":[],"class_list":["post-5880","post","type-post","status-publish","format-standard","has-post-thumbnail","hentry","category-durazno"],"_links":{"self":[{"href":"https:\/\/paginacero.com.uy\/index.php?rest_route=\/wp\/v2\/posts\/5880","targetHints":{"allow":["GET"]}}],"collection":[{"href":"https:\/\/paginacero.com.uy\/index.php?rest_route=\/wp\/v2\/posts"}],"about":[{"href":"https:\/\/paginacero.com.uy\/index.php?rest_route=\/wp\/v2\/types\/post"}],"author":[{"embeddable":true,"href":"https:\/\/paginacero.com.uy\/index.php?rest_route=\/wp\/v2\/users\/4"}],"replies":[{"embeddable":true,"href":"https:\/\/paginacero.com.uy\/index.php?rest_route=%2Fwp%2Fv2%2Fcomments&post=5880"}],"version-history":[{"count":1,"href":"https:\/\/paginacero.com.uy\/index.php?rest_route=\/wp\/v2\/posts\/5880\/revisions"}],"predecessor-version":[{"id":5882,"href":"https:\/\/paginacero.com.uy\/index.php?rest_route=\/wp\/v2\/posts\/5880\/revisions\/5882"}],"wp:featuredmedia":[{"embeddable":true,"href":"https:\/\/paginacero.com.uy\/index.php?rest_route=\/wp\/v2\/media\/5881"}],"wp:attachment":[{"href":"https:\/\/paginacero.com.uy\/index.php?rest_route=%2Fwp%2Fv2%2Fmedia&parent=5880"}],"wp:term":[{"taxonomy":"category","embeddable":true,"href":"https:\/\/paginacero.com.uy\/index.php?rest_route=%2Fwp%2Fv2%2Fcategories&post=5880"},{"taxonomy":"post_tag","embeddable":true,"href":"https:\/\/paginacero.com.uy\/index.php?rest_route=%2Fwp%2Fv2%2Ftags&post=5880"}],"curies":[{"name":"wp","href":"https:\/\/api.w.org\/{rel}","templated":true}]}}