{"id":5876,"date":"2024-10-22T15:52:03","date_gmt":"2024-10-22T18:52:03","guid":{"rendered":"https:\/\/paginacero.com.uy\/?p=5876"},"modified":"2024-10-22T15:52:03","modified_gmt":"2024-10-22T18:52:03","slug":"arturo-nadruz-veo-un-enfoque-entre-la-juventud-de-ojeda-y-mi-experiencia","status":"publish","type":"post","link":"https:\/\/paginacero.com.uy\/?p=5876","title":{"rendered":"Arturo Nadr\u00faz: \u00abveo un enfoque entre la juventud de Ojeda y mi experiencia\u00bb"},"content":{"rendered":"<p><strong>Arturo Nadr\u00faz, candidato a Diputado por el Partido Colorado (Lista 1616), se centra en temas como la seguridad social de los trabajadores, los bajos sueldos y la necesidad de disminuir los impuestos, argumentando que estos factores afectan la salud mental de la poblaci\u00f3n.<\/strong><!--more--><\/p>\n<p>Los ejes tem\u00e1ticos en los que viene trabajando Arturo Nadr\u00faz, el conocido pol\u00edtico que vuelve al ruedo postul\u00e1ndose a la Diputaci\u00f3n por el Partido Colorado, Lista 1616 son, entre otros, la seguridad social del trabajador; los bajos sueldos que percibe el trabajador medio; entrelazando este punto con la necesaria disminuci\u00f3n de los impuestos en la poblaci\u00f3n, que seg\u00fan dijo, afecta la salud mental de las personas.<br \/>\nArturo David Nadruz Mart\u00ednez, tiene 68 a\u00f1os de edad; naci\u00f3 el 15 de noviembre de 1955; curs\u00f3 Educaci\u00f3n Primaria en la Escuela N\u00ba 1 y en el Colegio y Liceo Maristas hasta 2do a\u00f1o y de tercero a 5to en el Liceo \u00abDr. Miguel C. Rubino\u00bb, adem\u00e1s de haberse recibido de T\u00e9cnico Agropecuario en la Escuela Agraria.<\/p>\n<p>Nadr\u00faz, dijo a P\u00e1gina Cero, que con el Presidenciable del Partido Colorado, Dr. Andr\u00e9s Ojeda, \u00abcomparto ideales y prop\u00f3sitos, aun con la diferencia etaria de por medio, porque veo en \u00e9l un enfoque de juventud y fuerza que se complementa con la experiencia de vida que me destaca\u00bb.<br \/>\nSe\u00f1ala que \u00abel primer tema que me interesa resaltar es el de la seguridad social del trabajador, y la discrepancia de sueldos, siendo que actualmente tenemos una canasta familiar valuada en $ 92.000, mientras que la clase trabajadora en alto porcentaje se encuentra obligada a trabajar en negro y con sueldos de entre $ 18.000 y $ 25000, donde adem\u00e1s las condiciones de trabajo son de regulares a malas\u00bb.<br \/>\n\u00abPor otra parte la poblaci\u00f3n jubilada, con ingresos que van de $ 13.800, $ 22.000, $ 30.000 seg\u00fan sea el Escalaf\u00f3n. Y sin m\u00e1s, los beneficios deplorables que se les ofrece\u00bb.<br \/>\nArturo Nadr\u00faz, que fue Edil Departamental en el a\u00f1o 2000, agrega que \u00ablo que me lleva al siguiente punto, es la problem\u00e1tica generada con la salud mental, se\u00f1alando que \u00abes imposible pensar en una buena salud mental poblacional, sin primero tener las necesidades b\u00e1sicas solventadas con los bajos sueldos y los malabares econ\u00f3micos que las familias deben realizar para proveer sus hogares\u00bb.<br \/>\n\u00abAqu\u00ed es donde enlazo con el tercer punto que considero trascendente, la disminuci\u00f3n de impuestos, en un pa\u00eds con una tasa de impuestos tan cara, el trabajo no rinde econ\u00f3micamente y las familias carecen de salud mental debido al estr\u00e9s circular que se genera a modo de c\u00edrculo vicioso por la inconsistencia econ\u00f3mica que el pa\u00eds ofrece al trabajador\u00bb.<\/p>\n","protected":false},"excerpt":{"rendered":"<p>Arturo Nadr\u00faz, candidato a Diputado por el Partido Colorado (Lista 1616), se centra en temas como la seguridad social de los trabajadores, los bajos sueldos y la necesidad de disminuir los impuestos, argumentando que estos factores afectan la salud mental de la poblaci\u00f3n.<\/p>\n","protected":false},"author":4,"featured_media":5877,"comment_status":"closed","ping_status":"closed","sticky":false,"template":"","format":"standard","meta":{"footnotes":""},"categories":[5],"tags":[],"class_list":["post-5876","post","type-post","status-publish","format-standard","has-post-thumbnail","hentry","category-durazno"],"_links":{"self":[{"href":"https:\/\/paginacero.com.uy\/index.php?rest_route=\/wp\/v2\/posts\/5876","targetHints":{"allow":["GET"]}}],"collection":[{"href":"https:\/\/paginacero.com.uy\/index.php?rest_route=\/wp\/v2\/posts"}],"about":[{"href":"https:\/\/paginacero.com.uy\/index.php?rest_route=\/wp\/v2\/types\/post"}],"author":[{"embeddable":true,"href":"https:\/\/paginacero.com.uy\/index.php?rest_route=\/wp\/v2\/users\/4"}],"replies":[{"embeddable":true,"href":"https:\/\/paginacero.com.uy\/index.php?rest_route=%2Fwp%2Fv2%2Fcomments&post=5876"}],"version-history":[{"count":1,"href":"https:\/\/paginacero.com.uy\/index.php?rest_route=\/wp\/v2\/posts\/5876\/revisions"}],"predecessor-version":[{"id":5878,"href":"https:\/\/paginacero.com.uy\/index.php?rest_route=\/wp\/v2\/posts\/5876\/revisions\/5878"}],"wp:featuredmedia":[{"embeddable":true,"href":"https:\/\/paginacero.com.uy\/index.php?rest_route=\/wp\/v2\/media\/5877"}],"wp:attachment":[{"href":"https:\/\/paginacero.com.uy\/index.php?rest_route=%2Fwp%2Fv2%2Fmedia&parent=5876"}],"wp:term":[{"taxonomy":"category","embeddable":true,"href":"https:\/\/paginacero.com.uy\/index.php?rest_route=%2Fwp%2Fv2%2Fcategories&post=5876"},{"taxonomy":"post_tag","embeddable":true,"href":"https:\/\/paginacero.com.uy\/index.php?rest_route=%2Fwp%2Fv2%2Ftags&post=5876"}],"curies":[{"name":"wp","href":"https:\/\/api.w.org\/{rel}","templated":true}]}}