{"id":5868,"date":"2024-10-21T15:32:13","date_gmt":"2024-10-21T18:32:13","guid":{"rendered":"https:\/\/paginacero.com.uy\/?p=5868"},"modified":"2024-10-21T15:36:15","modified_gmt":"2024-10-21T18:36:15","slug":"domingo-rielli-decidido-a-crear-el-departamento-de-deportes","status":"publish","type":"post","link":"https:\/\/paginacero.com.uy\/?p=5868","title":{"rendered":"Domingo Rielli decidido a crear el Departamento de Deportes"},"content":{"rendered":"<p><strong>Los Juegos Paradeportivos, \u00abreafirman el compromiso que tiene Durazno con la inclusi\u00f3n\u00bb, dijo a\u00a0P\u00e1gina Cero, Jos\u00e9 Domingo Rielli San Mart\u00edn.<\/strong><!--more--><\/p>\n<div id=\"geom_inter_1729535401875_55_161\">\n<p>Durante su labor como Secretario General de la Intendencia de Durazno (ahora en uso de licencia), e incluso cuando estuvo como Intendente Interino, Domingo Rielli fue uno de los promotores, junto al jefe comunal Carmelo Vidal\u00edn, para que los Juegos Paradeportivos Nacionales \u00abalg\u00fan d\u00eda se pudieran realizar en Durazno\u00bb, y finalmente se pudieron concretar.<\/p>\n<p>Dijo sentirse muy feliz: \u00abHace mucho tiempo, cuando comenzamos a so\u00f1ar con eso, recuerdo que habl\u00e1bamos con diferentes instituciones vinculadas ac\u00e1 en el medio y so\u00f1amos con realizar este evento ac\u00e1. Cuando se realiz\u00f3 hace un par de a\u00f1os en Montevideo, dijimos: &#8216;bueno, tenemos que traerlo a Durazno&#8217;. En alg\u00fan momento, el problema fueron los alojamientos para tanta gente. Despu\u00e9s, la Comisi\u00f3n Nacional de Deportes nos facilit\u00f3 el hecho de que se pudiera realizar en un d\u00eda y la verdad que hoy estamos muy felices, muy contentos. Es un evento de tremenda importancia para la Intendencia de Durazno, para el gobierno departamental, todo. Es un evento donde, de alguna manera, vemos la felicidad en los rostros de las personas, la felicidad con cara de personas\u00bb.<\/p>\n<p>Subray\u00f3 luego que \u00abcreo que todo evento deportivo es muy importante y en este caso los Juegos Paradeportivos, vaya si lo son. Creo que para nosotros, que vivimos el d\u00eda a d\u00eda en la realizaci\u00f3n de cosas para nuestro departamento, poder haber logrado que se hiciera esto ac\u00e1 en Durazno, recibir a diferentes departamentos, a diferentes instituciones, es realmente algo que nos llena de mucho orgullo\u00bb.<\/p>\n<p>Destac\u00f3 la \u00abgran labor de los docentes\u00bb.<\/p>\n<p>Rielli se refiri\u00f3 a lo que denomin\u00f3 \u00abexcelente organizaci\u00f3n del evento\u00bb realizado en el Complejo Deportivo, que reuni\u00f3 a medio millar de personas, y destac\u00f3 el gran trabajo de todos los docentes del departamento, tanto de la ciudad como del interior, y de quienes llegaron para ayudar por parte de la Secretar\u00eda Nacional del Deporte, desde Montevideo y otros departamentos, felicitando la tarea realizada.<\/p>\n<p>Hablando en calidad de candidato a Diputado y posteriormente candidato a Intendente, Rielli San Mart\u00edn dijo que continuar\u00e1 incentivando este tipo de acciones y eventos, y habl\u00f3 de la creaci\u00f3n del Departamento de Deportes en la IDD. \u00abEl deporte es todo. Nosotros lo hemos dicho en m\u00e1s de una oportunidad. Tenemos el proyecto de la creaci\u00f3n del Departamento de Deportes. Hay que jerarquizar todas las actividades deportivas, valorar el trabajo de las diferentes instituciones. Y bueno, nosotros creemos que el deporte hay que tomarlo como tal. No como la competencia en s\u00ed, que tambi\u00e9n es importante en muchos casos, pero, por sobre todas las cosas, como un medio integrador\u00bb.<\/p>\n<p>\u00abEs bueno el deporte socialmente, esta competencia, como tambi\u00e9n, de repente, actividades barriales para aquellos que a veces les cuesta hacer deporte; llegar con el deporte tambi\u00e9n a todos los duraznenses es algo que nos parece sumamente importante, y yo creo que esto es un camino de todo lo que se puede hacer\u00bb, puntualiz\u00f3.<\/p>\n<\/div>\n","protected":false},"excerpt":{"rendered":"<p>Los Juegos Paradeportivos, \u00abreafirman el compromiso que tiene Durazno con la inclusi\u00f3n\u00bb, dijo a\u00a0P\u00e1gina Cero, Jos\u00e9 Domingo Rielli San Mart\u00edn.<\/p>\n","protected":false},"author":4,"featured_media":5869,"comment_status":"closed","ping_status":"closed","sticky":false,"template":"","format":"standard","meta":{"footnotes":""},"categories":[5],"tags":[],"class_list":["post-5868","post","type-post","status-publish","format-standard","has-post-thumbnail","hentry","category-durazno"],"_links":{"self":[{"href":"https:\/\/paginacero.com.uy\/index.php?rest_route=\/wp\/v2\/posts\/5868","targetHints":{"allow":["GET"]}}],"collection":[{"href":"https:\/\/paginacero.com.uy\/index.php?rest_route=\/wp\/v2\/posts"}],"about":[{"href":"https:\/\/paginacero.com.uy\/index.php?rest_route=\/wp\/v2\/types\/post"}],"author":[{"embeddable":true,"href":"https:\/\/paginacero.com.uy\/index.php?rest_route=\/wp\/v2\/users\/4"}],"replies":[{"embeddable":true,"href":"https:\/\/paginacero.com.uy\/index.php?rest_route=%2Fwp%2Fv2%2Fcomments&post=5868"}],"version-history":[{"count":3,"href":"https:\/\/paginacero.com.uy\/index.php?rest_route=\/wp\/v2\/posts\/5868\/revisions"}],"predecessor-version":[{"id":5872,"href":"https:\/\/paginacero.com.uy\/index.php?rest_route=\/wp\/v2\/posts\/5868\/revisions\/5872"}],"wp:featuredmedia":[{"embeddable":true,"href":"https:\/\/paginacero.com.uy\/index.php?rest_route=\/wp\/v2\/media\/5869"}],"wp:attachment":[{"href":"https:\/\/paginacero.com.uy\/index.php?rest_route=%2Fwp%2Fv2%2Fmedia&parent=5868"}],"wp:term":[{"taxonomy":"category","embeddable":true,"href":"https:\/\/paginacero.com.uy\/index.php?rest_route=%2Fwp%2Fv2%2Fcategories&post=5868"},{"taxonomy":"post_tag","embeddable":true,"href":"https:\/\/paginacero.com.uy\/index.php?rest_route=%2Fwp%2Fv2%2Ftags&post=5868"}],"curies":[{"name":"wp","href":"https:\/\/api.w.org\/{rel}","templated":true}]}}