{"id":5856,"date":"2024-10-21T15:22:21","date_gmt":"2024-10-21T18:22:21","guid":{"rendered":"https:\/\/paginacero.com.uy\/?p=5856"},"modified":"2024-10-21T15:22:21","modified_gmt":"2024-10-21T18:22:21","slug":"rielli-oratorias-con-carga-emotiva-que-no-ocultan-su-pasion-por-durazno-y-el-pais","status":"publish","type":"post","link":"https:\/\/paginacero.com.uy\/?p=5856","title":{"rendered":"Rielli, oratorias con carga emotiva que no ocultan su pasi\u00f3n por Durazno y el Pa\u00eds."},"content":{"rendered":"<p><strong>En cada acto, en cada oratoria, el cierre de sus palabras tiene un significado de pasi\u00f3n y orgullo por las cosas nuestras.<\/strong><br \/>\n<strong>Cuando\u00a0Domingo Rielli\u00a0termina el mensaje, se\u00f1ala espont\u00e1neamente \u00ab\u00a1Vamos arriba arriba Durazno; Vamos arriba Uruguay!\u00bb.<\/strong><!--more--><\/p>\n<p><span style=\"font-size: large;\" data-olk-copy-source=\"MessageBody\">El viernes en la Lista 665 que lidera\u00a0<b>Jos\u00e9 Pablo Pi\u00f1eiro,<\/b>\u00a0el candidato a<b>\u00a0Diputado Lista 404, \u00a0Jos\u00e9 Domingo Rielli,\u00a0<\/b>destac\u00f3 la forma de ser y el rol de Pi\u00f1eiro en la pol\u00edtica y su decisi\u00f3n de apostar a la unidad del Partido Nacional, ni bien finalizadas las \u00a0Internas.<br \/>\n\u00abEso realmente es algo que hay que valorarlo mucho y que nos da la pauta de lo que es Jos\u00e9 Pablo y lo que es una persona que realmente la queremos much\u00edsimo y que deseamos que siga en este camino de la pol\u00edtica y que pueda crecer conjuntamente con todos nosotros; conjuntamente con Diego \u00c1vila de la Lista 30, que tambi\u00e9n nos dijo de arranque que \u00edbamos a estar juntos en la 404\u00bb.<br \/>\nSostuvo que a diferencia de lo que ocurre habitualmente, \u00abpara la integraci\u00f3n de la Junta Electoral, se pone a las personas de mayor edad como terminando su carrera. La Lista 404, todas las listas que integramos en la 404 entendimos que ten\u00edamos que poner gente joven y din\u00e1mica; pusimos al doctor\u00a0<b>Diego \u00c1vila y a Jos\u00e9 Pablo Pi\u00f1eiro,<\/b>\u00a0porque estamos convencidos que son dos grandes representantes que vamos a tener en la\u00a0<b>Junta Electoral<\/b>\u00ab.<br \/>\n<\/span><\/p>\n<div><span style=\"font-size: large;\">Record\u00f3 que la Lista 404 \u00abes la uni\u00f3n de la 665, de la 30, del Espacio 41, del Espacio 58, del Espacio 25, de la 25-250, de la Lista 725, de la 5; de todas las listas que de repente estuvimos separados en la interna, pero que ya nos hab\u00edamos mirado desde abajo y sab\u00edamos que ten\u00edamos un camino conjunto y un camino en com\u00fan para empezar ahora en octubre. Fue as\u00ed que fuimos transitando ese camino y sab\u00edamos todos que por sobre todas las cosas lo que quer\u00edamos era apoyar a un gobierno que ha hecho much\u00edsimas cosas por el pa\u00eds y que ha hecho much\u00edsimas cosas por el Interior\u00bb.<\/span><\/div>\n<p><span style=\"font-size: large;\"><b>\u00abGobernado mirando al Interior\u00bb.<\/b><br \/>\nRielli, que en la ocasi\u00f3n estuvo acompa\u00f1ado de dirigentes como el anfitri\u00f3n,<b>\u00a0Jos\u00e9 Pablo Pi\u00f1eiro; Dr. Juan Straneo Abreu; Dr. Esc. Francisco Valetta, Virginia Burguez; Daniela Moreira, Mario Mons\u00f3n, V\u00edctor Larregui,<\/b>\u00a0entre otros, dijo que el gobierno actual del\u00a0<b>Presidente Dr. Luis Lacalle Pou<\/b>, \u00abya se ha comprometido a trav\u00e9s de la figura de\u00a0<b>\u00c1lvaro Delgado<\/b>, de seguir elaborando un segundo piso de transformaci\u00f3n y especialmente para todos los uruguayos del interior. Entonces, cuando hablamos de las cosas que hizo el gobierno, que son muchas, felizmente, tambi\u00e9n tenemos que saber las cosas que a\u00fan faltan como el tema viviendas\u00bb, \u00absabemos que hay mucha gente que todav\u00eda a\u00fan le sigue faltando su techo propio para el que tenemos que trabajar\u00bb.<br \/>\n\u00abDesde los primeros tiempos, cuando se inaugure el presupuesto, vamos a estar golpeando puertas para que, por ejemplo, se puedan construir m\u00e1s viviendas para m\u00e1s duraznenses y que podamos cumplir con un sue\u00f1o del techo propio para todos aquellos que no lo tienen\u00bb.<br \/>\nViviendas, empleo y radicaci\u00f3n de empresas<br \/>\nEn otro tema dijo que \u00abtenemos que buscar empresas que sigan radic\u00e1ndose. Felizmente, en los \u00faltimos a\u00f1os en Durazno, merced a que hemos tenido a\u00a0<b>\u00abCacho\u00bb (Intendente Carmelo Vidal\u00edn),<\/b>\u00a0golpeando todas las puertas, se han logrado establecer un mont\u00f3n de empresas. pero tenemos que seguir trabajando para que vengan m\u00e1s empresas, m\u00e1s industrias y se genere mayor mano de obra en todo el departamento de Durazno\u00bb.<br \/>\n\u00abLes pedimos que nos acompa\u00f1en\u00bb, se\u00f1al\u00f3 luego, agregando que \u00ables pedimos que transformen todo este entusiasmo, todo este cari\u00f1o que nos regalan cada d\u00eda, en ese trabajo que precisamos para conseguir los votos necesarios para que la Lista 404 sea la m\u00e1s votada. En la Lista de Luis Lacalle, en la Lista de \u00c1lvaro Delgado, en la Lista que tuvo la deferencia de confiar en un duraznense para ir al Senado. La lista 404 es la \u00fanica que lleva un duraznense en el segundo lugar, que es Cacho (Carmelo Vidal\u00edn)\u00bb.<br \/>\n\u00abAs\u00ed que un saludo y un agradecimiento para todos. Vamos arriba la 404! \u00a1Vamos arriba Durazno!, Vamos arriba Durazno!\u00bb, concluy\u00f3 el candidato a\u00a0<b>Diputado, Domingo Rielli.<\/b><\/span><\/p>\n","protected":false},"excerpt":{"rendered":"<p>En cada acto, en cada oratoria, el cierre de sus palabras tiene un significado de pasi\u00f3n y orgullo por las cosas nuestras. Cuando\u00a0Domingo Rielli\u00a0termina el mensaje, se\u00f1ala espont\u00e1neamente \u00ab\u00a1Vamos arriba arriba Durazno; Vamos arriba Uruguay!\u00bb.<\/p>\n","protected":false},"author":4,"featured_media":5857,"comment_status":"closed","ping_status":"closed","sticky":false,"template":"","format":"standard","meta":{"footnotes":""},"categories":[5],"tags":[],"class_list":["post-5856","post","type-post","status-publish","format-standard","has-post-thumbnail","hentry","category-durazno"],"_links":{"self":[{"href":"https:\/\/paginacero.com.uy\/index.php?rest_route=\/wp\/v2\/posts\/5856","targetHints":{"allow":["GET"]}}],"collection":[{"href":"https:\/\/paginacero.com.uy\/index.php?rest_route=\/wp\/v2\/posts"}],"about":[{"href":"https:\/\/paginacero.com.uy\/index.php?rest_route=\/wp\/v2\/types\/post"}],"author":[{"embeddable":true,"href":"https:\/\/paginacero.com.uy\/index.php?rest_route=\/wp\/v2\/users\/4"}],"replies":[{"embeddable":true,"href":"https:\/\/paginacero.com.uy\/index.php?rest_route=%2Fwp%2Fv2%2Fcomments&post=5856"}],"version-history":[{"count":1,"href":"https:\/\/paginacero.com.uy\/index.php?rest_route=\/wp\/v2\/posts\/5856\/revisions"}],"predecessor-version":[{"id":5858,"href":"https:\/\/paginacero.com.uy\/index.php?rest_route=\/wp\/v2\/posts\/5856\/revisions\/5858"}],"wp:featuredmedia":[{"embeddable":true,"href":"https:\/\/paginacero.com.uy\/index.php?rest_route=\/wp\/v2\/media\/5857"}],"wp:attachment":[{"href":"https:\/\/paginacero.com.uy\/index.php?rest_route=%2Fwp%2Fv2%2Fmedia&parent=5856"}],"wp:term":[{"taxonomy":"category","embeddable":true,"href":"https:\/\/paginacero.com.uy\/index.php?rest_route=%2Fwp%2Fv2%2Fcategories&post=5856"},{"taxonomy":"post_tag","embeddable":true,"href":"https:\/\/paginacero.com.uy\/index.php?rest_route=%2Fwp%2Fv2%2Ftags&post=5856"}],"curies":[{"name":"wp","href":"https:\/\/api.w.org\/{rel}","templated":true}]}}