{"id":5847,"date":"2024-10-17T16:40:02","date_gmt":"2024-10-17T19:40:02","guid":{"rendered":"https:\/\/paginacero.com.uy\/?p=5847"},"modified":"2024-10-17T16:40:02","modified_gmt":"2024-10-17T19:40:02","slug":"galeano-comunicadora-preocupada-por-temas-actuales","status":"publish","type":"post","link":"https:\/\/paginacero.com.uy\/?p=5847","title":{"rendered":"Galeano: Comunicadora preocupada por temas actuales"},"content":{"rendered":"<p>Jhoanna Nikaella Galeano Gerez, candidata a la Diputaci\u00f3n por la\u00a0Lista 510, de Cabildo Abierto, tiene 37 a\u00f1os de edad, nacida el 10 de Febrero de 1987.<!--more--><\/p>\n<div id=\"geom_inter_1729193776864_86_57\"><span id=\"geom_inter_1729193776862_21_56\" style=\"font-size: large;\" data-olk-copy-source=\"MessageBody\">Es madre de dos hijas, jefa de hogar y en la faz laboral destaca su trayectoria de varios a\u00f1os en la comunicaci\u00f3n, a trav\u00e9s de la televisi\u00f3n local en Canal 6 Zebra TV.<\/span><\/div>\n<p><span style=\"font-size: large;\">Cuando se le pregunta por un referente pol\u00edtico y porque, no duda en citar al l\u00edder del <b>Partido Cabildo Abierto<\/b>.<\/span><span id=\"geom_inter_1729193803854_60_58\" style=\"font-size: large;\">\u00abMi referente pol\u00edtico es\u00a0<b>Guido Manini R\u00edos<\/b>. Considero que es un excelente pol\u00edtico, con valores s\u00f3lidos y un profundo conocimiento de la realidad del pa\u00eds. Junto a su Partido, es el \u00fanico que aborda de manera seria la seguridad y los problemas de la gente\u00bb, se\u00f1ala a\u00a0<b>P\u00e1gina Cero<\/b>.<\/span><\/p>\n<div id=\"geom_inter_1729193816847_39_62\"><span id=\"geom_inter_1729193816846_79_60\" style=\"font-size: large;\">Comenta adem\u00e1s que los temas que le preocupan y que impulsar\u00e1 en caso de ser electa son los siguientes:\u00a0<b id=\"geom_inter_1729193816846_93_61\">Seguridad P\u00fablica y Adicciones; Familia y Desarrollo Humano; Impulso al Trabajo y la Producci\u00f3n Nacional; Reforma del Estado y Transparencia<\/b>, puntos y aspectos que trazan su l\u00ednea de acci\u00f3n a nivel general adem\u00e1s de otros temas que tiene en carpeta.<\/span><\/div>\n<p><span style=\"font-size: large;\"><b>\u00abEmergencia nacional en seguridad p\u00fablica\u00bb<\/b><\/span><span id=\"geom_inter_1729193817852_55_63\" style=\"font-size: large;\">\u00abCreo que Uruguay est\u00e1 enfrentando una emergencia nacional en materia de seguridad p\u00fablica y adicciones. Propongo declarar formalmente este estado de emergencia para iniciar un combate frontal contra el delito en todas sus formas. Abogo por una nueva estrategia de seguridad que incluya profesionales capacitados y un liderazgo pol\u00edtico dispuesto a enfrentar las amenazas actuales. Adem\u00e1s, destaco la importancia de abordar las adicciones de manera integral, enfoc\u00e1ndome en la prevenci\u00f3n, el tratamiento y la rehabilitaci\u00f3n, especialmente entre los &#8216;gurises&#8217;.<\/span><\/p>\n<p><span style=\"font-size: large;\"><b>\u00abLa familia es lo medular de la sociedad\u00bb<\/b><\/span><span style=\"font-size: large;\">\u00abPongo a la familia y la defensa de la vida en el centro de mis pol\u00edticas. Propongo implementar medidas en educaci\u00f3n, salud y vivienda que promuevan un desarrollo digno para todas las personas, con especial atenci\u00f3n a los m\u00e1s vulnerables de nuestra sociedad. Como madre y educadora, entiendo la importancia de apoyar a las familias y fortalecer los valores comunitarios para construir un Uruguay m\u00e1s justo y solidario\u00bb, dice Galeano.<\/span><\/p>\n<p><span style=\"font-size: large;\"><b>Promover los sectores productivos y la econom\u00eda<\/b><\/span><span id=\"geom_inter_1729193818851_54_65\" style=\"font-size: large;\">Otro de los \u00edtems de su agenda es el impulso al trabajo y la producci\u00f3n nacional, sobre lo cual se\u00f1ala que \u00abbusco promover la econom\u00eda y los sectores productivos, poniendo \u00e9nfasis en las peque\u00f1as y medianas empresas. Propongo eliminar la usura y fomentar la cultura del &#8216;laburo&#8217;. Creo que es esencial apoyar a los emprendedores y fomentar el desarrollo econ\u00f3mico sostenible para mejorar la calidad de vida de todos los uruguayos\u00bb.<\/span><\/p>\n<p><span id=\"geom_inter_1729193819855_48_67\" style=\"font-size: large;\"><b>Estado que sea desarrollo y no una carga<\/b><br \/>\nSobre la reforma del Estado y temas de transparencia, da cuenta que abogar\u00e1 por \u00abuna reforma del Estado para que funcione como una herramienta de desarrollo y no como una carga para los sectores productivos y laborales. Promover la transparencia y la eficiencia en la administraci\u00f3n p\u00fablica, buscando una gesti\u00f3n m\u00e1s eficaz de los recursos y una mayor confianza de la ciudadan\u00eda en las instituciones\u00bb.<\/span><\/p>\n","protected":false},"excerpt":{"rendered":"<p>Jhoanna Nikaella Galeano Gerez, candidata a la Diputaci\u00f3n por la\u00a0Lista 510, de Cabildo Abierto, tiene 37 a\u00f1os de edad, nacida el 10 de Febrero de 1987.<\/p>\n","protected":false},"author":4,"featured_media":5848,"comment_status":"closed","ping_status":"closed","sticky":false,"template":"","format":"standard","meta":{"footnotes":""},"categories":[5],"tags":[],"class_list":["post-5847","post","type-post","status-publish","format-standard","has-post-thumbnail","hentry","category-durazno"],"_links":{"self":[{"href":"https:\/\/paginacero.com.uy\/index.php?rest_route=\/wp\/v2\/posts\/5847","targetHints":{"allow":["GET"]}}],"collection":[{"href":"https:\/\/paginacero.com.uy\/index.php?rest_route=\/wp\/v2\/posts"}],"about":[{"href":"https:\/\/paginacero.com.uy\/index.php?rest_route=\/wp\/v2\/types\/post"}],"author":[{"embeddable":true,"href":"https:\/\/paginacero.com.uy\/index.php?rest_route=\/wp\/v2\/users\/4"}],"replies":[{"embeddable":true,"href":"https:\/\/paginacero.com.uy\/index.php?rest_route=%2Fwp%2Fv2%2Fcomments&post=5847"}],"version-history":[{"count":1,"href":"https:\/\/paginacero.com.uy\/index.php?rest_route=\/wp\/v2\/posts\/5847\/revisions"}],"predecessor-version":[{"id":5849,"href":"https:\/\/paginacero.com.uy\/index.php?rest_route=\/wp\/v2\/posts\/5847\/revisions\/5849"}],"wp:featuredmedia":[{"embeddable":true,"href":"https:\/\/paginacero.com.uy\/index.php?rest_route=\/wp\/v2\/media\/5848"}],"wp:attachment":[{"href":"https:\/\/paginacero.com.uy\/index.php?rest_route=%2Fwp%2Fv2%2Fmedia&parent=5847"}],"wp:term":[{"taxonomy":"category","embeddable":true,"href":"https:\/\/paginacero.com.uy\/index.php?rest_route=%2Fwp%2Fv2%2Fcategories&post=5847"},{"taxonomy":"post_tag","embeddable":true,"href":"https:\/\/paginacero.com.uy\/index.php?rest_route=%2Fwp%2Fv2%2Ftags&post=5847"}],"curies":[{"name":"wp","href":"https:\/\/api.w.org\/{rel}","templated":true}]}}