{"id":5844,"date":"2024-10-17T16:35:41","date_gmt":"2024-10-17T19:35:41","guid":{"rendered":"https:\/\/paginacero.com.uy\/?p=5844"},"modified":"2024-10-17T16:35:41","modified_gmt":"2024-10-17T19:35:41","slug":"dolor-por-el-fallecimiento-de-un-integrante-del-arbitraje-de-futbol","status":"publish","type":"post","link":"https:\/\/paginacero.com.uy\/?p=5844","title":{"rendered":"Dolor por el fallecimiento de un integrante del arbitraje de f\u00fatbol."},"content":{"rendered":"<ul>\n<li class=\"x_gmail-western\" style=\"text-align: left;\"><strong><span style=\"color: #000000;\"><span style=\"font-family: Arial, sans-serif;\"><span style=\"font-size: large;\">El deceso de\u00a0N\u00e9stor Fab\u00edan Mart\u00ednez, se produjo (fuera del \u00e1mbito del f\u00fatbol), debido a problemas de salud. Adem\u00e1s de su actividad laboral en el \u00e1rea de la carpinter\u00eda y rubros relacionados a esa \u00e1rea, Mart\u00ednez, desempe\u00f1\u00f3 una importante trayectoria en el arbitraje del f\u00fatbol.<\/span><\/span><\/span><\/strong><\/li>\n<\/ul>\n<p><!--more--><\/p>\n<p>Las gremiales nucleadas en la\u00a0Liga de F\u00fatbol Ciudad de Durazno,\u00a0emitieron sendos comunicados, informando del fallecimiento y dando a conocer sus condolencias.<\/p>\n<p>\u201cLa\u00a0Asociaci\u00f3n Duraznense de \u00c1rbitros de F\u00fatbol (ADAF), lamenta informar el fallecimiento de nuestro socio y tesorero, N\u00e9stor Fabi\u00e1n Mart\u00ednez. Un compa\u00f1ero con todas las letras, servicial, buen amigo y excelente padre de familia, dejas un vac\u00edo y un dolor tremendo entre nosotros, te vamos a extra\u00f1ar y recordar siempre. Descansa en paz \u00abviejito\u00bb. A familiares y amigos un apretado abrazo en tan triste momento. Jueves 17\/10\/24\u201d<\/p>\n<p>Tambi\u00e9n la agremiaci\u00f3n de\u00a0\u00c1rbitros Independientes de Durazno (AIDU), \u201clamenta con profundo dolor el fallecimiento de nuestro colega y compa\u00f1ero Nestor Fabian Martinez, a todos sus familiares y amigos nuestras sinceras condolencias, en tan dif\u00edcil momento. QEPD. Presidente, Elio Gomez; Secretario, Jos\u00e9 Avila\u201d.<\/p>\n<p>&nbsp;<\/p>\n","protected":false},"excerpt":{"rendered":"<p>El deceso de\u00a0N\u00e9stor Fab\u00edan Mart\u00ednez, se produjo (fuera del \u00e1mbito del f\u00fatbol), debido a problemas de salud. Adem\u00e1s de su actividad laboral en el \u00e1rea de la carpinter\u00eda y rubros relacionados a esa \u00e1rea, Mart\u00ednez, desempe\u00f1\u00f3 una importante trayectoria en el arbitraje del f\u00fatbol.<\/p>\n","protected":false},"author":4,"featured_media":5845,"comment_status":"closed","ping_status":"closed","sticky":false,"template":"","format":"standard","meta":{"footnotes":""},"categories":[5],"tags":[],"class_list":["post-5844","post","type-post","status-publish","format-standard","has-post-thumbnail","hentry","category-durazno"],"_links":{"self":[{"href":"https:\/\/paginacero.com.uy\/index.php?rest_route=\/wp\/v2\/posts\/5844","targetHints":{"allow":["GET"]}}],"collection":[{"href":"https:\/\/paginacero.com.uy\/index.php?rest_route=\/wp\/v2\/posts"}],"about":[{"href":"https:\/\/paginacero.com.uy\/index.php?rest_route=\/wp\/v2\/types\/post"}],"author":[{"embeddable":true,"href":"https:\/\/paginacero.com.uy\/index.php?rest_route=\/wp\/v2\/users\/4"}],"replies":[{"embeddable":true,"href":"https:\/\/paginacero.com.uy\/index.php?rest_route=%2Fwp%2Fv2%2Fcomments&post=5844"}],"version-history":[{"count":1,"href":"https:\/\/paginacero.com.uy\/index.php?rest_route=\/wp\/v2\/posts\/5844\/revisions"}],"predecessor-version":[{"id":5846,"href":"https:\/\/paginacero.com.uy\/index.php?rest_route=\/wp\/v2\/posts\/5844\/revisions\/5846"}],"wp:featuredmedia":[{"embeddable":true,"href":"https:\/\/paginacero.com.uy\/index.php?rest_route=\/wp\/v2\/media\/5845"}],"wp:attachment":[{"href":"https:\/\/paginacero.com.uy\/index.php?rest_route=%2Fwp%2Fv2%2Fmedia&parent=5844"}],"wp:term":[{"taxonomy":"category","embeddable":true,"href":"https:\/\/paginacero.com.uy\/index.php?rest_route=%2Fwp%2Fv2%2Fcategories&post=5844"},{"taxonomy":"post_tag","embeddable":true,"href":"https:\/\/paginacero.com.uy\/index.php?rest_route=%2Fwp%2Fv2%2Ftags&post=5844"}],"curies":[{"name":"wp","href":"https:\/\/api.w.org\/{rel}","templated":true}]}}