{"id":5829,"date":"2024-10-14T11:30:57","date_gmt":"2024-10-14T14:30:57","guid":{"rendered":"https:\/\/paginacero.com.uy\/?p=5829"},"modified":"2024-10-14T11:30:57","modified_gmt":"2024-10-14T14:30:57","slug":"partido-independiente-decidido-a-coaligar-en-durazno","status":"publish","type":"post","link":"https:\/\/paginacero.com.uy\/?p=5829","title":{"rendered":"Partido Independiente decidido a \u00abcoaligar\u00bb en Durazno"},"content":{"rendered":"<p><strong>El\u00a0Dr. Federico Arr\u00e9iz, candidato a la Intendencia de Durazno por el\u00a0Partido Independiente, dijo que a diferencia de los anteriores comicios departamentales en la que por unanimidad de la Asamblea Departamental se decidi\u00f3 concurrir a las urnas en forma unitaria, en esta oportunidad es factible que se tracen acuerdos con otro Partido integrante de la Coalici\u00f3n Republicana.<\/strong><!--more--><\/p>\n<p><span style=\"font-size: large;\" data-olk-copy-source=\"MessageBody\">Adelant\u00f3 adem\u00e1s en nota con\u00a0<b>P\u00e1gina Cero,<\/b>\u00a0que ya ha habido contactos y que los mismos podr\u00edan avanzar, porque \u00abahora estamos en otros tiempos\u00bb<br \/>\n<\/span><\/p>\n<div><span style=\"font-size: large;\">Acompa\u00f1ado del\u00a0<b>Ing. Humberto Trentini,<\/b>\u00a0que ser\u00e1 el candidato a la Diputaci\u00f3n por el Partido Independiente de Durazno, Arr\u00e9iz, coment\u00f3 que el objetivo es \u00abtratar de crecer tanto a nivel nacional como local. A nivel nacional se est\u00e1 viendo una leve mejor\u00eda, principalmente en las encuestas, que en algunas nos han dado un 3%, o algo m\u00e1s que 3% para la pr\u00f3xima elecci\u00f3n del 27, que eso seg\u00fan estimaciones nos har\u00eda llegar al Senado. Eso fue lo que se consigui\u00f3 en elecciones anteriores, lo que har\u00eda que Pablo Mieres vuelva al Senado como se postula, m\u00e1s all\u00e1 de la propia candidatura a la Presidencia de la Rep\u00fablica\u00bb.<\/span><\/div>\n<p><span style=\"font-size: large;\"><b>Ir por el primer esca\u00f1o a la Junta<\/b><br \/>\n<\/span><\/p>\n<div><span style=\"font-size: large;\">Continu\u00f3 con que \u00aba nivel local tambi\u00e9n la idea es seguir mejorando, como siempre hemos dicho, el Partido m\u00e1s all\u00e1 de lo \u00a0prematuro y lo joven que es, apenas 22 a\u00f1os, nunca ha estado en un esca\u00f1o en la Junta Departamental, ese es el principal objetivo. Si bien yo he sido candidato a la Intendencia en periodos anteriores, creo que ya ahora est\u00e1 seguramente la posibilidad de lo que se manej\u00f3 a nivel nacional, la posibilidad capaz que formar alguna coalici\u00f3n a los efectos que nos permita, ya teniendo en cuenta que esa herramienta se utiliz\u00f3 a nivel nacional, que pueda tambi\u00e9n ser fruct\u00edfera a nivel local\u00bb.<\/span><\/div>\n<p><span style=\"font-size: large;\"><b>Ustedes estar\u00edan proclives a una coalici\u00f3n multicolor tambi\u00e9n departamental?.<\/b><br \/>\n\u00abNo s\u00e9 si multicolor, pero seguramente que ya han habido conversaciones muy informales, pero creo que ya en el periodo pasado no se dio, porque se plante\u00f3 una posibilidad de coalici\u00f3n y a Convenci\u00f3n Departamental por unanimidad no permiti\u00f3 formar una coalici\u00f3n con otro Partido a nivel local; en realidad cuando tuvimos la Convenci\u00f3n Departamental el 100% se resolvi\u00f3 que no; \u00a0que no nos \u00edbamos a coaligar, pero \u00a0ahora estamos en otros tiempos y creo que a nivel nacional funcion\u00f3 la coalici\u00f3n, en realidad funcion\u00f3, fuimos de los partidos m\u00e1s confiables\u00bb.<br \/>\nQue se argumenta cuando se dice que no; es posible que pueda rebatirse, teniendo en cuenta la experiencia del gobierno nacional?.<br \/>\n\u00abPrimero que nada lo que se argument\u00f3 era mantener la independencia del partido, como su nombre lo dice, pero ahora ya hay otra experiencia que creo que est\u00e1 permitiendo que podemos funcionar en forma conjunta con otro Partido, eso se dio a nivel departamental, incluso ocurri\u00f3 en otros departamentos donde en Salto se apoy\u00f3 al\u00a0<b>Partido Nacional\u00a0<\/b>y ya incluso hasta la herramienta creada de coalici\u00f3n est\u00e1 formado\u00bb, \u00absi bien en Durazno no ha florecido esa idea de \u00a0generar un solo Partido como coalici\u00f3n, por lo que se ve, van a continuar\u00bb.<br \/>\n<\/span><\/p>\n<div><span style=\"font-size: large;\">\u00abCreo que esa situaci\u00f3n hace cinco a\u00f1os atr\u00e1s no estaba dada, como te dije la mayor\u00eda de los compa\u00f1eros votaron que no a coaligar y bueno se mantuvo la postura de salir de forma independiente y pero ahora estamos en otro momento, ya hay una experiencia a nivel nacional que nos favorece\u00bb.<\/span><\/div>\n<p><span style=\"font-size: large;\"><b>Esa posibilidad est\u00e1, ha habido alg\u00fan acercamiento, conversaci\u00f3n?.<\/b><br \/>\n<\/span><\/p>\n<div><span style=\"font-size: large;\">\u00abHan habido acercamientos, si bien son todas conversaciones informales, pero ya han habido planteos y creo que seguramente una vez que pase todo esto de la elecci\u00f3n nacional y eventualmente el balotaje, despu\u00e9s ya de cara a lo que son las departamentales, creo que se va a empezar a moldear toda esa idea y bueno y vemos de la posibilidad que se lleve adelante\u00bb.<\/span><\/div>\n<p><span style=\"font-size: large;\"><b>El objetivo es acceder a la Junta Departamental<\/b><br \/>\n<b>Arr\u00e9iz,<\/b>\u00a0fue consultado luego por las metas electorales, se\u00f1alando que \u00abalgo &#8216;terrenal&#8217; hay que bajarlo a tierra porque la realidad es esa, somos un Partido &#8216;chico&#8217; y lo que se podr\u00eda acceder eventualmente con alguna coalici\u00f3n, con otro Partido ser\u00eda la\u00a0<b>Junta Departamental,<\/b>\u00a0es m\u00e1s, si ustedes ven lo que fue la votaci\u00f3n del periodo pasado, incluso un Edil que hay del\u00a0<b>Partido Colorado<\/b>\u00a0por la conformaci\u00f3n de votos, con menos votaci\u00f3n que nosotros, pudo acceder a la Junta Departamental y como nosotros fuimos en forma independiente, no colaboramos con nadie, no pudimos cuantificar el resto de los votos, no pudimos cuantificar y no pudimos acceder\u00bb.<br \/>\n\u00abEn el caso del Edil colorado pas\u00f3 eso, el tema que nosotros, como t\u00fa bien dec\u00edas, la Convenci\u00f3n nuestra no permiti\u00f3 eso, pero digo, seguramente que se va a plantear cuando ya est\u00e9 algo m\u00e1s concreto, la idea m\u00e1s formada, algo m\u00e1s palpable en los hechos, se va a plantear y seguramente los compa\u00f1eros vayan a votar la posibilidad de unirnos con otro Partido\u00bb.<br \/>\nFinalmente el abogado, agreg\u00f3 que es suplente de Humberto Trentini, \u00a0junto con\u00a0<b>Elina Daverede.<\/b>\u00a0Yo soy el suplente de Humberto y por eso estamos trabajando a los efectos de apoyar la candidatura de \u00e9l y principalmente apoyar la candidatura de Pablo Mieres, ya sea a la Presidencia o al Senado. Ese es el principal objetivo, tratar de aumentar el caudal de voto que tuvimos en las elecciones pasadas y seguir tratando de que el partido pueda seguir ascendiendo ya sea en votaci\u00f3n y en caudal electoral\u00bb.<\/span><\/p>\n","protected":false},"excerpt":{"rendered":"<p>El\u00a0Dr. Federico Arr\u00e9iz, candidato a la Intendencia de Durazno por el\u00a0Partido Independiente, dijo que a diferencia de los anteriores comicios departamentales en la que por unanimidad de la Asamblea Departamental se decidi\u00f3 concurrir a las urnas en forma unitaria, en esta oportunidad es factible que se tracen acuerdos con otro Partido integrante de la Coalici\u00f3n [&hellip;]<\/p>\n","protected":false},"author":4,"featured_media":5830,"comment_status":"closed","ping_status":"closed","sticky":false,"template":"","format":"standard","meta":{"footnotes":""},"categories":[5,31],"tags":[],"class_list":["post-5829","post","type-post","status-publish","format-standard","has-post-thumbnail","hentry","category-durazno","category-entrevista-politica"],"_links":{"self":[{"href":"https:\/\/paginacero.com.uy\/index.php?rest_route=\/wp\/v2\/posts\/5829","targetHints":{"allow":["GET"]}}],"collection":[{"href":"https:\/\/paginacero.com.uy\/index.php?rest_route=\/wp\/v2\/posts"}],"about":[{"href":"https:\/\/paginacero.com.uy\/index.php?rest_route=\/wp\/v2\/types\/post"}],"author":[{"embeddable":true,"href":"https:\/\/paginacero.com.uy\/index.php?rest_route=\/wp\/v2\/users\/4"}],"replies":[{"embeddable":true,"href":"https:\/\/paginacero.com.uy\/index.php?rest_route=%2Fwp%2Fv2%2Fcomments&post=5829"}],"version-history":[{"count":1,"href":"https:\/\/paginacero.com.uy\/index.php?rest_route=\/wp\/v2\/posts\/5829\/revisions"}],"predecessor-version":[{"id":5831,"href":"https:\/\/paginacero.com.uy\/index.php?rest_route=\/wp\/v2\/posts\/5829\/revisions\/5831"}],"wp:featuredmedia":[{"embeddable":true,"href":"https:\/\/paginacero.com.uy\/index.php?rest_route=\/wp\/v2\/media\/5830"}],"wp:attachment":[{"href":"https:\/\/paginacero.com.uy\/index.php?rest_route=%2Fwp%2Fv2%2Fmedia&parent=5829"}],"wp:term":[{"taxonomy":"category","embeddable":true,"href":"https:\/\/paginacero.com.uy\/index.php?rest_route=%2Fwp%2Fv2%2Fcategories&post=5829"},{"taxonomy":"post_tag","embeddable":true,"href":"https:\/\/paginacero.com.uy\/index.php?rest_route=%2Fwp%2Fv2%2Ftags&post=5829"}],"curies":[{"name":"wp","href":"https:\/\/api.w.org\/{rel}","templated":true}]}}