{"id":5818,"date":"2024-10-11T10:07:05","date_gmt":"2024-10-11T13:07:05","guid":{"rendered":"https:\/\/paginacero.com.uy\/?p=5818"},"modified":"2024-10-11T10:07:05","modified_gmt":"2024-10-11T13:07:05","slug":"botana-me-alegra-mucho-que-el-frente-amplio-salga-a-conocer-a-la-gente","status":"publish","type":"post","link":"https:\/\/paginacero.com.uy\/?p=5818","title":{"rendered":"Botana: \u00abme alegra mucho\u00bb que el Frente Amplio \u00absalga a conocer a la gente\u201d"},"content":{"rendered":"<p><strong>De paso por Durazno, a donde lleg\u00f3 para saludar y reunirse con los referentes del sector\u00a0Todos por Durazno, que postula al Cr. Jorge Reyna Gerem\u00edas\u00a0a la Diputaci\u00f3n y al\u00a0Dr. Felipe Algorta\u00a0a la Intendencia, el Senador nacionalista,\u00a0Ec. Sergio Botana, dijo que le \u201calegra\u201d, que la Mesa Pol\u00edtica del Frente Amplio, haya decidido hacer un \u201cpuerta a puerta\u201d en todo el pa\u00eds en la recta final de la campa\u00f1a hacia el 27 de octubre.<\/strong><!--more--><\/p>\n<p><span id=\"geom_inter_1728651830360_96_53\" style=\"font-size: large;\" data-olk-copy-source=\"MessageBody\">El dirigente blanco sostuvo que es algo \u201chist\u00f3rico\u201d y a\u00f1adi\u00f3 que \u201ces hist\u00f3rico porque van a conocer lo que no conocen, van a saber que all\u00e1 tambi\u00e9n hay ciudadanos, que all\u00e1 en esos lugares que ellos nunca se preocuparon, tambi\u00e9n hay gente que piensa que vive y que sufre las cosas. La verdad es que me alegra mucho que salgan a conocer a la gente\u201d, se\u00f1al\u00f3.<br \/>\nA\u00f1adi\u00f3, empero que \u201clo que s\u00ed me encantar\u00eda es que no vayan a &#8216;convencer&#8217; a la gente, sino que me gustar\u00eda que les fueran a &#8216;preguntar&#8217; a la gente, y que lo que la gente les diga, lo tomen en cuenta, no lo que le marcan las ideolog\u00edas que importan permanentemente\u201d.<br \/>\n\u201cPara representar, hay que ser\u201d, dijo Botana y explic\u00f3 que \u201csi ellos reci\u00e9n van a conocer, es porque no son; por lo tanto no nos pueden representar\u201d.<br \/>\nInvit\u00f3 luego a ingresar a la aplicaci\u00f3n uy.map, que permite al usuario ver \u201cdonde se hizo obra p\u00fablica en cada lugar; es una herramienta formidable, pero tambi\u00e9n hay que ir a cada lugar a ver c\u00f3mo se hizo cada una de esas obras. Cuando las hizo la gente del lugar. Esas obras son perfectas, bien apreciadas, queridas y funcionan de modo espectacular y tambi\u00e9n tenemos alg\u00fan caso en que alguna de esas obras qued\u00f3 a medias; tambi\u00e9n lo tenemos\u201d, reconoci\u00f3.<br \/>\n\u201cCuando, siguiendo la tendencia centralista del Frente Amplio, algunos de los nuestros hicieron las cosas a distancia e instalados en la capital, que es una de las cosas que este grupo pol\u00edtico postula; nosotros queremos eliminar los centralismos\u201d, dijo en nota con<b>\u00a0P\u00e1gina Cero.<\/b><\/p>\n<p><b id=\"geom_inter_1728651940122_4_68\">La importancia de conocer el lugar y las costumbres<\/b><br \/>\n\u201cCuando va Jorge Reyna como candidato a Diputado, porque creemos que Jorge Reyna es capaz de representar a Durazno; no va a ser uno que venga a representar las ideas de un partido en Durazno; no va a venir en nombre del Partido Nacional a convencer a los duraznenses de una cosa; va a ir en nombre de los duraznenses a representar a Durazno y a convencer al pa\u00eds de las cosas que Durazno necesita y de lo que Durazno piensa para construir el Uruguay\u201d.<br \/>\nDijo luego que \u201cnadie hace obras por el voto\u201d, se\u00f1alando que \u201clas obras se hacen para integrar el pa\u00eds, para que sea m\u00e1s f\u00e1cil vivir en el pago y que se pueda trabajar en el pago y que la producci\u00f3n salga y llegue al puerto y venga los recursos y aprovechar todos los espacios del territorio. Nadie la hace pensando en votos. Se piensa en el desarrollo del pa\u00eds. Capaz que eso despu\u00e9s trae votos y eso ser\u00eda bueno, pero la alegr\u00eda del alma es que se haya hecho tanta obra en tanto rinc\u00f3n que era inaccesible y que ahora se ha transformado en cercano\u201d<\/p>\n<p><b>Durazno pasar\u00e1 a ser punto neur\u00e1lgico en el pa\u00eds<\/b><br \/>\nEl caso de Durazno, dijo Botana, \u201cDurazno va a pasar del medio al centro. Estaba metido al medio del pa\u00eds, pero no hab\u00eda manera de llegar a Durazno. Ahora, para ir de norte a sur, de este a oeste, o de sureste a noroeste, hay que ir a trav\u00e9s de Durazno. Todo se va a hacer a trav\u00e9s de Durazno. Durazno va a ser de verdad el centro del pa\u00eds, por lo cual hay que prepararse para las oportunidades que van a llegar en materia educativa, en materia de servicio de salud, muchas cosas se van a instalar en Durazno\u201d.<br \/>\nEntonces, dijo, \u201ctodos esos puentes, todos esos caminos van a generar un nuevo Durazno\u201d.<br \/>\n\u201cAc\u00e1 va a haber una formidable transformaci\u00f3n a lo largo del tiempo que empieza con esto, con este ferrocarril central, con la integraci\u00f3n de las rutas, de los puentes, Santa Bernardina que va a poder tomar su rol de aeropuerto alternativo para el pa\u00eds, el rol esperado de siempre; entonces, ac\u00e1 va a llegar mucha cosa para ser central para el interior del pa\u00eds\u201d, \u00abhay que prepararse\u201d, remarc\u00f3.<br \/>\n<\/span><\/p>\n<div><span style=\"font-size: large;\"><b>La gente est\u00e1 \u00abempezando a tomar su decisi\u00f3n\u00bb<\/b><\/span><\/div>\n<p><span id=\"geom_inter_1728651943122_3_69\" style=\"font-size: large;\">Sobre el devenir de los resultados de las encuestas, opin\u00f3 que \u201cpol\u00edticamente la gente reci\u00e9n empieza a decidir, y la gente cuando tenga que decidir va a decidir entre darle m\u00e1s respaldo a la polic\u00eda o quit\u00e1rselo, va a decidir conservar el empleo que ha conseguido ahora o la formalidad que ha conseguido o perderla, va a decidir entre seguir con este shock de obra p\u00fablica de buena calidad o volver a la situaci\u00f3n del tiempo anterior, va a elegir entre seguir en este camino de que los directores de los centros educativos sean los que manden la educaci\u00f3n o que vuelvan los sindicatos de la educaci\u00f3n a mandar\u201d.<br \/>\n\u201cLa gente va a elegir esas cosas y est\u00e1 empezando a tomar esa decisi\u00f3n, porque ahora la decisi\u00f3n pasa a ser individual\u201d.<br \/>\n\u201cDespu\u00e9s hay otro tema que s\u00ed es cierto, que es ese tema de las encuestas. Lamentablemente los que conocemos t\u00e9cnicamente de esa \u00e1rea, sabemos que con los censos mal hechos y con algunos cambios en la sociedad y en los modos de comunicaci\u00f3n, est\u00e1 muy dif\u00edcil para hacer buenas encuestas, encuestas que reflejen la realidad; antes uno iba al barrio a encuestar y se abr\u00edan todas las puertas, ahora cuando se abre el encuestador la mitad de las puertas no se abren, pero bueno, y esto te lo digo m\u00e1s all\u00e1 de que ahora los \u00faltimos datos de los tracking estos que se est\u00e1n haciendo nos dan una buena esperanza de crecimiento de la coalici\u00f3n y de buena presencia de nuestro Partido, pero te lo digo a pesar de que no se est\u00e1 yendo bien\u201d, coment\u00f3 Botana.<\/span><\/p>\n","protected":false},"excerpt":{"rendered":"<p>De paso por Durazno, a donde lleg\u00f3 para saludar y reunirse con los referentes del sector\u00a0Todos por Durazno, que postula al Cr. Jorge Reyna Gerem\u00edas\u00a0a la Diputaci\u00f3n y al\u00a0Dr. Felipe Algorta\u00a0a la Intendencia, el Senador nacionalista,\u00a0Ec. Sergio Botana, dijo que le \u201calegra\u201d, que la Mesa Pol\u00edtica del Frente Amplio, haya decidido hacer un \u201cpuerta a [&hellip;]<\/p>\n","protected":false},"author":4,"featured_media":5819,"comment_status":"closed","ping_status":"closed","sticky":false,"template":"","format":"standard","meta":{"footnotes":""},"categories":[5,31],"tags":[],"class_list":["post-5818","post","type-post","status-publish","format-standard","has-post-thumbnail","hentry","category-durazno","category-entrevista-politica"],"_links":{"self":[{"href":"https:\/\/paginacero.com.uy\/index.php?rest_route=\/wp\/v2\/posts\/5818","targetHints":{"allow":["GET"]}}],"collection":[{"href":"https:\/\/paginacero.com.uy\/index.php?rest_route=\/wp\/v2\/posts"}],"about":[{"href":"https:\/\/paginacero.com.uy\/index.php?rest_route=\/wp\/v2\/types\/post"}],"author":[{"embeddable":true,"href":"https:\/\/paginacero.com.uy\/index.php?rest_route=\/wp\/v2\/users\/4"}],"replies":[{"embeddable":true,"href":"https:\/\/paginacero.com.uy\/index.php?rest_route=%2Fwp%2Fv2%2Fcomments&post=5818"}],"version-history":[{"count":1,"href":"https:\/\/paginacero.com.uy\/index.php?rest_route=\/wp\/v2\/posts\/5818\/revisions"}],"predecessor-version":[{"id":5820,"href":"https:\/\/paginacero.com.uy\/index.php?rest_route=\/wp\/v2\/posts\/5818\/revisions\/5820"}],"wp:featuredmedia":[{"embeddable":true,"href":"https:\/\/paginacero.com.uy\/index.php?rest_route=\/wp\/v2\/media\/5819"}],"wp:attachment":[{"href":"https:\/\/paginacero.com.uy\/index.php?rest_route=%2Fwp%2Fv2%2Fmedia&parent=5818"}],"wp:term":[{"taxonomy":"category","embeddable":true,"href":"https:\/\/paginacero.com.uy\/index.php?rest_route=%2Fwp%2Fv2%2Fcategories&post=5818"},{"taxonomy":"post_tag","embeddable":true,"href":"https:\/\/paginacero.com.uy\/index.php?rest_route=%2Fwp%2Fv2%2Ftags&post=5818"}],"curies":[{"name":"wp","href":"https:\/\/api.w.org\/{rel}","templated":true}]}}