{"id":5815,"date":"2024-10-11T09:44:16","date_gmt":"2024-10-11T12:44:16","guid":{"rendered":"https:\/\/paginacero.com.uy\/?p=5815"},"modified":"2024-10-11T09:44:16","modified_gmt":"2024-10-11T12:44:16","slug":"rielli-y-vidalin-la-lista-404-es-el-corazon-del-gobierno","status":"publish","type":"post","link":"https:\/\/paginacero.com.uy\/?p=5815","title":{"rendered":"Rielli y Vidal\u00edn: la Lista 404 \u00abes el coraz\u00f3n del gobierno\u00bb"},"content":{"rendered":"<p><strong>La\u00a0Lista 404,\u00a0que postula a la Diputaci\u00f3n, a\u00a0Domingo Rielli San Mart\u00edn, realiz\u00f3 el jueves de noche el habitual plenario semanal en su comit\u00e9 de calle Oribe frente a la Terminal de \u00f3mnibus, ocasi\u00f3n en la que recibi\u00f3 al Diputado y ex Ministro de Desarrollo Social,\u00a0Dr. Mart\u00edn Lema.<\/strong><!--more--><\/p>\n<p id=\"geom_inter_1728650579135_10_21\" class=\"x_gmail-selectable-text x_gmail-copyable-text x_gmail-x15bjb6t x_gmail-x1n2onr6\" dir=\"ltr\"><span class=\"x_gmail-selectable-text x_gmail-copyable-text\"><span id=\"geom_inter_1728650599147_48_24\" style=\"font-size: large;\" data-olk-copy-source=\"MessageBody\">Tambi\u00e9n estuvieron el Intendente,\u00a0<b id=\"geom_inter_1728650579133_15_20\">Lic. Carmelo Vidal\u00edn\u00a0<\/b>y el Subdirector de la Oficina de Planeamiento y Presupuesto (OPP),\u00a0<b>Ing. Benjam\u00edn Irazabal Calleri,\u00a0<\/b>entre otro importante n\u00famero de dirigentes y adherentes al sector.<\/span><\/span><\/p>\n<p id=\"geom_inter_1728650602139_71_27\" class=\"x_gmail-selectable-text x_gmail-copyable-text x_gmail-x15bjb6t x_gmail-x1n2onr6\" dir=\"ltr\"><span class=\"x_gmail-selectable-text x_gmail-copyable-text\"><span id=\"geom_inter_1728650599147_46_25\" style=\"font-size: large;\">\u00abLa Lista 404 es la que llev\u00f3 adelante<b>\u00a0Alvaro Delgado<\/b>\u00a0y que realmente en aquel momento juntos (con el actual Primer Mandatario,\u00a0<b>Dr. Luis Lacalle Pou<\/b>), llegaron a la Presidencia de la Rep\u00fablica y pudieron hacer todo lo que hemos dicho\u00bb, dijo Rielli, quien resalt\u00f3 la labor y el rol en el gobierno de Mart\u00edn Lema \u00abun gran ex-Ministro de Desarrollo, que seguramente muchos de ustedes tambi\u00e9n tuvieron alg\u00fan d\u00eda que tratar con el Mides y \u00e9l tuvo siempre las puertas abiertas a trav\u00e9s de V\u00edctor Larregui, que oficiaba la Jefatura Departamental ac\u00e1 en nuestra ciudad., y despu\u00e9s, la lista de &#8216;Cacho&#8217; (Carmelo Vidal\u00edn) tambi\u00e9n, que como dec\u00edamos, con ese segundo lugar estamos convencidos de que vamos a poder lograr un gran equipo para trabajar por Durazno\u00bb.<\/span><\/span><\/p>\n<p id=\"geom_inter_1728650602139_3_28\" class=\"x_gmail-selectable-text x_gmail-copyable-text x_gmail-x15bjb6t x_gmail-x1n2onr6\" dir=\"ltr\"><span class=\"x_gmail-selectable-text x_gmail-copyable-text\"><span id=\"geom_inter_1728650602134_58_26\" style=\"font-size: large;\">Luego de destacar algunos puntos de la tem\u00e1tica a la que apunta al sector, Rielli, valor\u00f3 al trabajo y compromiso de la militancia y les realiz\u00f3 el pedido de \u00abese esfuerzo final\u00bb, se\u00f1alando que \u00ables pedimos golpear puerta por puerta, les pedimos llegar a todas las familiares, a todos los amigos, porque; lo escuchaba tambi\u00e9n a\u00a0<b id=\"geom_inter_1728650603123_82_29\">\u00c1lvaro (Delgado)<\/b>, no hay que hacerle caso al ruido; el ruido no quiere significar voto, lo que vale es el recorrer las calles, es el golpear las puertas y es el llegar a todos los duraznenses para convencerlos que tienen que acompa\u00f1arlo. Much\u00edsimas gracias a todos por estar, muchas gracias\u00a0<b>Mart\u00edn (Lema)\u00a0<\/b>por acompa\u00f1arnos. Vamos arriba la 404, vamos arriba Uruguay y vamos arriba Durazno\u00bb, resalt\u00f3<b>\u00a0Domingo Rielli.<\/b><\/span><\/span><\/p>\n<p class=\"x_gmail-selectable-text x_gmail-copyable-text x_gmail-x15bjb6t x_gmail-x1n2onr6\" dir=\"ltr\"><span style=\"font-size: large;\"><b>Vidal\u00edn: \u00abRielli va a ser Diputado, y despu\u00e9s nuestro Intendente\u00bb<\/b><br \/>\n<\/span><\/p>\n<p id=\"geom_inter_1728650604121_16_32\" class=\"x_gmail-selectable-text x_gmail-copyable-text x_gmail-x15bjb6t x_gmail-x1n2onr6\" dir=\"ltr\"><span class=\"x_gmail-selectable-text x_gmail-copyable-text\"><span id=\"geom_inter_1728650604119_16_30\" style=\"font-size: large;\">\u00abVamos a ganar, si Dios quiere, porque tenemos el mejor candidato y el m\u00e1s preparado para llevar adelante la misma pol\u00edtica que ha llevado nuestro Presidente\u00bb, dijo Vidal\u00edn.<\/span><\/span><\/p>\n<p id=\"geom_inter_1728650604121_0_33\" class=\"x_gmail-selectable-text x_gmail-copyable-text x_gmail-x15bjb6t x_gmail-x1n2onr6\" dir=\"ltr\"><span class=\"x_gmail-selectable-text x_gmail-copyable-text\"><span id=\"geom_inter_1728650604120_52_31\" style=\"font-size: large;\">El actual Intendente, le dio la bienvenida a\u00a0<b>Mart\u00edn Lema,<\/b>\u00a0se\u00f1alando que es \u00abun orgullo tenerlo a Mart\u00edn en casa, sabemos de la excelente gesti\u00f3n que desarroll\u00f3 en el Ministerio (de Desarrollo Social); en ese ministerio que es un ministerio que transcurre con la mano extendida. Adem\u00e1s Mart\u00edn fue de los que verdaderamente supo practicar lo que es la solidaridad, lo que es el ser generoso, el reconocer al pr\u00f3jimo, sin hacer aspaviento\u00bb, porque dijo Vidal\u00edn, \u00abnunca vi que Mart\u00edn se llenara la boca diciendo, fui yo; no, lo hizo con una mano y escond\u00eda la otra para que la mano que estuviera atr\u00e1s no viera aquella que ayudaba al que m\u00e1s necesitaba\u00bb.<\/span><\/span><\/p>\n<p id=\"geom_inter_1728650605122_18_35\" class=\"x_gmail-selectable-text x_gmail-copyable-text x_gmail-x15bjb6t x_gmail-x1n2onr6\" dir=\"ltr\"><span class=\"x_gmail-selectable-text x_gmail-copyable-text\"><span id=\"geom_inter_1728650605122_73_34\" style=\"font-size: large;\">Luego dijo que \u00abnuestra Lista 404; hay que mirarla; tiene nueve ministros, nueve; eso no es el coraz\u00f3n del gobierno\u00bb, pregunt\u00f3, y respondi\u00f3 \u00abes el coraz\u00f3n del gobierno, es la lista de\u00a0<b>Luis (Lacalle Pou<\/b>\u00ab; y agreg\u00f3 mirando a la militancia y dem\u00e1s dirigentes, \u00abtenemos que saber explicar y expresar; hay nueve ministros, hay siete Intendentes\u00bb.<\/span><\/span><\/p>\n<p id=\"geom_inter_1728650605124_63_37\" class=\"x_gmail-selectable-text x_gmail-copyable-text x_gmail-x15bjb6t x_gmail-x1n2onr6\" dir=\"ltr\"><span class=\"x_gmail-selectable-text x_gmail-copyable-text\"><span id=\"geom_inter_1728650605123_21_36\" style=\"font-size: large;\">\u00abY saben, yo hay algunas cosas en la Lista que no comparto. Lo he dicho en el &#8216;mano a mano&#8217; y hoy lo digo p\u00fablicamente. A m\u00ed, Juancito (por el\u00a0<b>Dr. Juan Straneo)\u00a0<\/b>me hubiera gustado que alguna persona estuviera mucho m\u00e1s cerca, porque se lo merece, porque ha sido un gran gobernante departamental y nacional y con el cual yo como Intendente navegu\u00e9 junto durante todos estos a\u00f1os; y es este se\u00f1or es el que est\u00e1 a mi lado\u00bb, resalt\u00f3 Vidal\u00edn, se\u00f1alando al In<b>g. Benjam\u00edn Irazabal.<\/b><\/span><\/span><\/p>\n<p id=\"geom_inter_1728650606116_12_38\" class=\"x_gmail-selectable-text x_gmail-copyable-text x_gmail-x15bjb6t x_gmail-x1n2onr6\" dir=\"ltr\"><span class=\"x_gmail-selectable-text x_gmail-copyable-text\"><span id=\"geom_inter_1728650606116_17_39\" style=\"font-size: large;\">\u00abY despu\u00e9s decirles; este equipo es un equipo de experiencia y juventud; tenemos un equipo espectacular\u00bb, y se\u00f1al\u00f3 que Domingo Rielli, ha sido Director en varias oportunidades; Intendente; fue y es Secretario General de la Intendencia \u00aby tengo la certeza de que lo vamos a tener solo tres o cuatro meses de Diputado, porque despu\u00e9s va a hacer nuestro Intendente\u00bb.<\/span><\/span><\/p>\n<p id=\"geom_inter_1728650606117_79_40\" class=\"x_gmail-selectable-text x_gmail-copyable-text x_gmail-x15bjb6t x_gmail-x1n2onr6\" dir=\"ltr\"><span style=\"font-size: large;\"><b>Lema: \u00abVamos a ganar; con Rielli Diputado y Cacho Senador\u00bb<\/b><br \/>\n<\/span><\/p>\n<p id=\"geom_inter_1728650606123_85_42\" class=\"x_gmail-selectable-text x_gmail-copyable-text x_gmail-x15bjb6t x_gmail-x1n2onr6\" dir=\"ltr\"><span class=\"x_gmail-selectable-text x_gmail-copyable-text\"><span id=\"geom_inter_1728650606117_80_41\" style=\"font-size: large;\">\u00abYo estoy convencido que estamos en un proceso y que yo voy a volver ac\u00e1 a mi casa, y voy a volver con Domingo (Rielli) Diputado y voy a volver a mi casa, con Cacho (Vidal\u00edn) Senador, porque vamos a ganar la elecci\u00f3n\u00bb, dijo en tono efusivo ante el numeroso marco de p\u00fablico en la Lista 404.<\/span><\/span><\/p>\n<p id=\"geom_inter_1728650607122_6_46\" class=\"x_gmail-selectable-text x_gmail-copyable-text x_gmail-x15bjb6t x_gmail-x1n2onr6\" dir=\"ltr\"><span class=\"x_gmail-selectable-text x_gmail-copyable-text\"><span id=\"geom_inter_1728650607117_29_43\" style=\"font-size: large;\">Aclar\u00f3 seguidamente que \u00abhay que medirlo con la responsabilidad y con la determinaci\u00f3n que tiene que generar; Cacho hac\u00eda de Profesor, y yo le voy a buscar complementar, porque vaya si tiene mucho m\u00e1s trayectoria y experiencia que yo, pero \u00e9l hac\u00eda referencia a las redes, a la militancia, a la caminata, y yo agrego un factor; no detenerse ni un segundo en menciones de como viene la cosa, o si ganamos o no ganamos; en esta elecci\u00f3n en la que se juega tanto, no tiene lugar para achicados, ac\u00e1 vamos para adelante y vamos a ganar\u00bb, resalt\u00f3.<\/span><\/span><\/p>\n<p id=\"geom_inter_1728650608120_7_50\" class=\"x_gmail-selectable-text x_gmail-copyable-text x_gmail-x15bjb6t x_gmail-x1n2onr6\"><span style=\"color: #000000; font-size: large;\"><span id=\"geom_inter_1728650607118_36_44\" class=\"x_gmail-selectable-text x_gmail-copyable-text\">Lema, poste\u00f3 minutos despu\u00e9s en sus redes: \u00ab<\/span><span id=\"geom_inter_1728650607118_66_45\">En Durazno, finalizando muy lindo plenario de la 404 junto a un gran equipo. Vamos por la reelecci\u00f3n del gobierno con Alvaro Delgado y Valeria Ripoll\u00bb<\/span><\/span><\/p>\n","protected":false},"excerpt":{"rendered":"<p>La\u00a0Lista 404,\u00a0que postula a la Diputaci\u00f3n, a\u00a0Domingo Rielli San Mart\u00edn, realiz\u00f3 el jueves de noche el habitual plenario semanal en su comit\u00e9 de calle Oribe frente a la Terminal de \u00f3mnibus, ocasi\u00f3n en la que recibi\u00f3 al Diputado y ex Ministro de Desarrollo Social,\u00a0Dr. Mart\u00edn Lema.<\/p>\n","protected":false},"author":4,"featured_media":5816,"comment_status":"closed","ping_status":"closed","sticky":false,"template":"","format":"standard","meta":{"footnotes":""},"categories":[5],"tags":[],"class_list":["post-5815","post","type-post","status-publish","format-standard","has-post-thumbnail","hentry","category-durazno"],"_links":{"self":[{"href":"https:\/\/paginacero.com.uy\/index.php?rest_route=\/wp\/v2\/posts\/5815","targetHints":{"allow":["GET"]}}],"collection":[{"href":"https:\/\/paginacero.com.uy\/index.php?rest_route=\/wp\/v2\/posts"}],"about":[{"href":"https:\/\/paginacero.com.uy\/index.php?rest_route=\/wp\/v2\/types\/post"}],"author":[{"embeddable":true,"href":"https:\/\/paginacero.com.uy\/index.php?rest_route=\/wp\/v2\/users\/4"}],"replies":[{"embeddable":true,"href":"https:\/\/paginacero.com.uy\/index.php?rest_route=%2Fwp%2Fv2%2Fcomments&post=5815"}],"version-history":[{"count":1,"href":"https:\/\/paginacero.com.uy\/index.php?rest_route=\/wp\/v2\/posts\/5815\/revisions"}],"predecessor-version":[{"id":5817,"href":"https:\/\/paginacero.com.uy\/index.php?rest_route=\/wp\/v2\/posts\/5815\/revisions\/5817"}],"wp:featuredmedia":[{"embeddable":true,"href":"https:\/\/paginacero.com.uy\/index.php?rest_route=\/wp\/v2\/media\/5816"}],"wp:attachment":[{"href":"https:\/\/paginacero.com.uy\/index.php?rest_route=%2Fwp%2Fv2%2Fmedia&parent=5815"}],"wp:term":[{"taxonomy":"category","embeddable":true,"href":"https:\/\/paginacero.com.uy\/index.php?rest_route=%2Fwp%2Fv2%2Fcategories&post=5815"},{"taxonomy":"post_tag","embeddable":true,"href":"https:\/\/paginacero.com.uy\/index.php?rest_route=%2Fwp%2Fv2%2Ftags&post=5815"}],"curies":[{"name":"wp","href":"https:\/\/api.w.org\/{rel}","templated":true}]}}