{"id":5800,"date":"2024-10-09T16:06:40","date_gmt":"2024-10-09T19:06:40","guid":{"rendered":"https:\/\/paginacero.com.uy\/?p=5800"},"modified":"2024-10-09T16:06:40","modified_gmt":"2024-10-09T19:06:40","slug":"laura-raffo-seguir-en-este-rumbo-pero-poniendo-el-pie-en-el-acelerador","status":"publish","type":"post","link":"https:\/\/paginacero.com.uy\/?p=5800","title":{"rendered":"Laura Raffo: \u201cseguir en este rumbo, pero poniendo el pie en el acelerador\u201d."},"content":{"rendered":"<p><strong>\u201cQueremos hacer las transformaciones que todav\u00eda no tuvimos el tiempo para hacer\u201d, dijo en Durazno el martes al mediod\u00eda Laura Raffo, referente de la dirigencia del Partido Nacional.<\/strong><!--more--><\/p>\n<p>\u201cEs un gusto estar aqu\u00ed en Durazno presentando nuestra lista 40, \u00a0que busca ser la lista mayoritaria del departamento, junto a nuestro candidato a\u00a0<b id=\"geom_inter_1728500758116_43_48\">Diputado Jorge Reyna<\/b>, junto a todo el equipo,\u00a0<b>(Jos\u00e9 Luis) el Pampa (Morena), Ana Laura (Gadea)<\/b>, nuestro candidato a Intendente<b id=\"geom_inter_1728500758116_23_49\">\u00a0Felipe Algorta, Flavio (Scott)\u201d<\/b>, coment\u00f3 en rueda de prensa.<br \/>\n\u201cPara nosotros es un gusto poder poner para la ciudadan\u00eda de Durazno \u00a0una propuesta moderna de renovaci\u00f3n en el departamento, una propuesta que conjuga todos los programas nacionales con programas departamentales, para poder traer m\u00e1s empleo a Durazno, m\u00e1s atenci\u00f3n en salud mental, m\u00e1s seguridad, para tener tambi\u00e9n un despliegue en la parte deportiva que tanto bien le hace a la gente, y sin lugar a dudas ac\u00e1 tienen el compromiso de todo\u00a0<b>Alianza Pa\u00eds<\/b>, que es un grupo dentro del Partido Nacional que se ha transformado en un grupo de unidad del partido, que se ha consolidado como el sector del partido donde confluyen un mont\u00f3n de corrientes muy importantes, como es el grupo de los Intendentes,\u00a0<b>Alianza Nacional<\/b>, nos juntamos tambi\u00e9n con nuestro equipo t\u00e9cnico y pol\u00edtico \u00a0y por supuesto el\u00a0<b>Espacio 40 liderado por Javier Garc\u00eda<\/b>\u201d<br \/>\n\u201cEstuvimos en toda la ma\u00f1ana de hoy recorriendo distintos medios, conversando de nuestras propuestas\u201d, dijo Raffo, abriendo preguntas de los periodistas presentes.<br \/>\nSobre su incorporaci\u00f3n al sector\u00a0<b id=\"geom_inter_1728500762119_3_50\">Alianza Pa\u00eds<\/b>, luego de dejar el\u00a0<b>Herrerismo<\/b>, explic\u00f3 que \u201cnosotros llegamos a este acuerdo con Alianza Pa\u00eds \u00a0despu\u00e9s de dos a\u00f1os de estar recorriendo todo el Uruguay, cada departamento, hablando con personas que se dedicaban a todo tipo de cosas, desde comerciantes, desde talleres de costura, ah\u00ed est\u00e1<b>\u00a0Laura\u00a0<\/b>hoy del taller de costura de\u00a0<b>Blanquillo<\/b>\u00a0que \u00a0la verdad que es un orgullo contar con ustedes y que dise\u00f1aron aquella gran bandera\u201d, dijo en referencia a la bandera celeste y blanca ubicada en el comit\u00e9 de la Lista 40.<br \/>\n\u201cHablamos con trabajadores, con jubilados, con j\u00f3venes e hicimos una campa\u00f1a de propuestas, y luego de la interna, la reconfiguraci\u00f3n electoral ) hizo que todo nuestro grupo se uniera a Alianza Pa\u00eds, en el entendido de que es el sector del Partido donde mejor podemos desplegar estas propuestas y donde podemos reafirmar el compromiso con la gente, que es lo que m\u00e1s nos importa, el trabajar por los uruguayos\u201d.<br \/>\nAgreg\u00f3 que \u201ctenemos que tener presente que este 27 de octubre los uruguayos eligen mucho m\u00e1s que una f\u00f3rmula presidencial y que sus representantes en el Senado y en Diputados; eligen el rumbo que va a llevar el pa\u00eds, y nosotros queremos que ese rumbo sea el de profundizar las transformaciones que inici\u00f3 el gobierno de Luis Lacalle Pou y que sea el rumbo de darle m\u00e1s oportunidades a todos nuestros compatriotas, y desde este sector, Alianza Pa\u00eds, sentimos que es \u00a0donde m\u00e1s oportunidades podemos crear, as\u00ed que estamos siendo punta de lanza para que ese 27 de octubre haya una mayor\u00eda parlamentaria de toda la coalici\u00f3n y para que en noviembre podamos elegir a\u00a0<b>\u00c1lvaro Delgado Presidente\u201d<\/b>.<\/p>\n<p><b>\u201cLos uruguayos est\u00e1n empezando a salir a la calle\u201d<\/b><br \/>\nAnte la consulta de c\u00f3mo observa el desarrollo de las encuestas y las compulsas en general, dijo que \u201clas encuestas son una fotograf\u00eda con una muestra de poblaci\u00f3n y obviamente, adem\u00e1s de las encuestas, siempre est\u00e1 lo que uno percibe, lo que uno vive en el territorio, en los departamentos\u201d.<br \/>\n\u201cNosotros ac\u00e1 en Durazno vemos una gran movilizaci\u00f3n. F\u00edjense que estamos al mediod\u00eda, est\u00e1 este sal\u00f3n lleno de gente, hay mucha militancia, hay un equipo joven impulsando\u201d.<br \/>\n\u201cAyer tambi\u00e9n estuvimos en el acto de cierre de\u00a0<b>\u00c1lvaro Delgado<\/b>\u00a0\u00a0en Minas, Lavalleja, hab\u00eda much\u00edsima gente en esa Plaza Libertad. Vemos que de a poco los uruguayos est\u00e1n empezando a salir a la calle, a buscar esta continuidad, esta profundizaci\u00f3n. as\u00ed que sabemos que va a ser una elecci\u00f3n re\u00f1ida, sin lugar a dudas, como la fue en el 2019, que ganamos por 30.000 votos, como la fue cuando hicimos el referendo de la LUC, que tambi\u00e9n se gan\u00f3 por un punto y medio de diferencia\u201d.<br \/>\nAgreg\u00f3 luego que \u201cconfiamos en que los uruguayos van a volver a elegir a un gobierno de coalici\u00f3n liderado por el Partido Nacional y estamos todos empujando para eso; es muy importante continuar con lo que ha hecho este gobierno. Este gobierno sent\u00f3 las bases y ese primer piso de transformaciones creando 100.000 puestos de trabajo, bajando la inflaci\u00f3n a m\u00ednimos hist\u00f3ricos, logrando que el salario real est\u00e9 en un m\u00e1ximo de 50 a\u00f1os, trayendo inversiones, expandiendo los servicios de salud, mejorando la seguridad, por m\u00e1s que queda mucho trabajo por hacer, y para seguir mejorando la calidad de vida de la gente, nosotros lo que proponemos es seguir en este rumbo, pero esta vez poniendo el pie en el acelerador y haciendo las transformaciones que todav\u00eda no tuvimos el tiempo para hacer.<\/p>\n<p><b>Bajar la carga impositiva de la poblaci\u00f3n<\/b><br \/>\n\u201cPor eso es que hablamos de crear un Uruguay m\u00e1s barato para vivir, donde las familias se puedan ahorrar en promedio entre\u00a0<b>2.500 y 3.000 pesos por mes<\/b>, es mucho. El Uruguay m\u00e1s barato para vivir es una propuesta muy firme \u00a0que tenemos detallada y escrita, que tiene cinco puntos principales, dijo y los enumer\u00f3 uno a uno.<br \/>\n\u201cEl primero de ellos es lo que hace al abaratamiento de todos los productos de higiene personal; \u00a0desodorante, pasta de dientes, shampoo, jab\u00f3n, que los uruguayos sabemos que salen m\u00e1s caros en nuestro pa\u00eds que en\u00a0<b>Argentina o que en Brasil,<\/b>\u00a0y por lo tanto proponemos, mediante una serie de cambios, liberalizar las importaciones para que esos productos puedan llegar aqu\u00ed, a Durazno, pr\u00e1cticamente al mismo precio que en la regi\u00f3n. En segundo lugar, abaratando algunos alimentos, con mejoras en las cadenas de comercializaci\u00f3n. En tercer lugar, abaratando los productos de tecnolog\u00eda, \u00a0que son tan importantes para un comercio, para un estudiante, y que no tiene que haber esa separaci\u00f3n entre quienes los pueden adquirir y quienes no los pueden adquirir. Vamos a bajar los aranceles de 25% a cero\u201d, dijo.<br \/>\n\u201cEn cuarto lugar, mejorando las tarifas de UTE a\u00fan m\u00e1s. Ya se redujeron 10% este periodo, se van a reducir un 10% m\u00e1s. Y finalmente, abaratando los combustibles. Cuando sumas todas estas medidas, sin tomar en cuenta la de combustibles, cuando sumas la de productos de higiene, alimentos, \u00a0abaratamiento de las tarifas de UTE, y el abaratamiento de los productos de tecnolog\u00eda, ten\u00e9s que un hogar promedio ser\u00eda entre 2.500 y 3.000 pesos por mes. Es un cambio muy grande y da respuesta a lo que nos ha pedido la poblaci\u00f3n en todo el pa\u00eds, y aqu\u00ed en Durazno tambi\u00e9n, por supuesto\u201d.<\/p>\n","protected":false},"excerpt":{"rendered":"<p>\u201cQueremos hacer las transformaciones que todav\u00eda no tuvimos el tiempo para hacer\u201d, dijo en Durazno el martes al mediod\u00eda Laura Raffo, referente de la dirigencia del Partido Nacional.<\/p>\n","protected":false},"author":4,"featured_media":5801,"comment_status":"closed","ping_status":"closed","sticky":false,"template":"","format":"standard","meta":{"footnotes":""},"categories":[5],"tags":[],"class_list":["post-5800","post","type-post","status-publish","format-standard","has-post-thumbnail","hentry","category-durazno"],"_links":{"self":[{"href":"https:\/\/paginacero.com.uy\/index.php?rest_route=\/wp\/v2\/posts\/5800","targetHints":{"allow":["GET"]}}],"collection":[{"href":"https:\/\/paginacero.com.uy\/index.php?rest_route=\/wp\/v2\/posts"}],"about":[{"href":"https:\/\/paginacero.com.uy\/index.php?rest_route=\/wp\/v2\/types\/post"}],"author":[{"embeddable":true,"href":"https:\/\/paginacero.com.uy\/index.php?rest_route=\/wp\/v2\/users\/4"}],"replies":[{"embeddable":true,"href":"https:\/\/paginacero.com.uy\/index.php?rest_route=%2Fwp%2Fv2%2Fcomments&post=5800"}],"version-history":[{"count":1,"href":"https:\/\/paginacero.com.uy\/index.php?rest_route=\/wp\/v2\/posts\/5800\/revisions"}],"predecessor-version":[{"id":5802,"href":"https:\/\/paginacero.com.uy\/index.php?rest_route=\/wp\/v2\/posts\/5800\/revisions\/5802"}],"wp:featuredmedia":[{"embeddable":true,"href":"https:\/\/paginacero.com.uy\/index.php?rest_route=\/wp\/v2\/media\/5801"}],"wp:attachment":[{"href":"https:\/\/paginacero.com.uy\/index.php?rest_route=%2Fwp%2Fv2%2Fmedia&parent=5800"}],"wp:term":[{"taxonomy":"category","embeddable":true,"href":"https:\/\/paginacero.com.uy\/index.php?rest_route=%2Fwp%2Fv2%2Fcategories&post=5800"},{"taxonomy":"post_tag","embeddable":true,"href":"https:\/\/paginacero.com.uy\/index.php?rest_route=%2Fwp%2Fv2%2Ftags&post=5800"}],"curies":[{"name":"wp","href":"https:\/\/api.w.org\/{rel}","templated":true}]}}