{"id":5797,"date":"2024-10-09T16:05:02","date_gmt":"2024-10-09T19:05:02","guid":{"rendered":"https:\/\/paginacero.com.uy\/?p=5797"},"modified":"2024-10-09T16:05:02","modified_gmt":"2024-10-09T19:05:02","slug":"duraznense-en-el-podio-de-ultramaraton-mas-importante-del-mundo","status":"publish","type":"post","link":"https:\/\/paginacero.com.uy\/?p=5797","title":{"rendered":"Duraznense en el podio de Ultramarat\u00f3n m\u00e1s importante del Mundo"},"content":{"rendered":"<p><strong>Fernando Andr\u00e9s Mart\u00ednez Rom\u00e1n, se ubic\u00f3 segundo en la ultramarat\u00f3n m\u00e1s exigente del mundo, la Spartathl\u00f3n, que todos los a\u00f1os\u00a0 sobre 246 kil\u00f3metros une las ciudades griegas de Atenas y Esparta .<\/strong><!--more--><\/p>\n<p>El logro que acaba de concretar el deportista nacido en Durazno en donde vivi\u00f3 hasta los 18 a\u00f1os de edad, radic\u00e1ndose luego en Montevideo, resuena en varios pa\u00edses, no solo por el espectacular segundo puesto, sino fundamentalmente porque se trata de una competencia individual tan dura y desafiante que solo unos pocos (menos del 40 %) pueden culminarla debido a la dureza del terreno y las condiciones clim\u00e1ticas.<\/p>\n<p>La competencia reuni\u00f3 a 380 participantes de primer\u00edsimo nivel, en la cuna del olimp\u00edsmo, por las calles y sitios hist\u00f3ricos de la antigua Grecia<br \/>\nNaci\u00f3 en Durazno, se cri\u00f3 en el barrio de Plaza Rod\u00f3, frente a la Terminal de \u00d3mnibus, cursando la Escuela N\u00b0 8 y el Liceo \u00abDr. Miguel C. Rubino \u00bb<\/p>\n<div id=\"geom_inter_1728500649118_2_23\" dir=\"auto\">\u201cNo voy muy seguido pero siempre que puedo llego a mi Durazno querido del coraz\u00f3n\u201d, se\u00f1ala y rememora que jug\u00f3 al f\u00fatbol en la categor\u00eda Sub 20 de Wanderers en 1992 dirigido por Ruben \u201cPerico\u201d Silva, y el DT del plantel de Primera Divisi\u00f3n Campe\u00f3n del Ciudad de Durazno, era Antonio \u201cHormiga\u201d Alzamendi.<br \/>\nA los 18 se traslad\u00f3 a Montevideo a seguir los estudios y trabajar.<\/p>\n<p>Su v\u00ednculo con la especialidad Ultramarat\u00f3n lo inici\u00f3 siendo mayor de edad, relata.<br \/>\nRespecto a su participaci\u00f3n en la Spartathl\u00f3n, el a\u00f1o pasado 2023 se ubic\u00f3 en la tercera ubicaci\u00f3n y este a\u00f1o, mejor preparado, fue segundo con un tiempo de 23 horas 28 minutos; solo superado por el griego Fotis Zisim\u00f3poulos, que coloc\u00f3 20 horas 18 minutos,<br \/>\nLa participaci\u00f3n de ambos a\u00f1os lo\u00a0 consolidan definitivamente en la \u00e9lite del deporte de resistencia<\/p>\n<p>Una, entre tantas reacciones del logro<br \/>\n\u201cIncre\u00edble haza\u00f1a del uruguayo Fernando Andr\u00e9s Mart\u00ednez Rom\u00e1n! ? En el Spartathlon 2024, una de las ultra maratones m\u00e1s exigentes del mundo, alcanz\u00f3 el segundo lugar, completando los 246 km en 23 horas y 28 minutos. Solo superado por el griego Fotis Zisimopoulos, que gan\u00f3 con un tiempo de 20 horas y 18 minutos. ? Esta carrera no es para cualquiera: menos del 40% logra terminarla, enfrentando terrenos monta\u00f1osos y condiciones extremas. \u00a1Un verdadero orgullo para Uruguay!\u201d, destaca uno de los posteos de medios especializados.<\/p>\n<p>La m\u00edtica de la famosa Spartathl\u00f3n<br \/>\nEs una carrera de ultradistancia hist\u00f3rica que se celebra cada a\u00f1o en septiembre en Grecia. Es una de las carreras de ultradistancia m\u00e1s dif\u00edciles y satisfactorias del mundo debido a su historia y antecedentes \u00fanicos.<br \/>\nEl Spartathlon revive los pasos de Fil\u00edpides, un antiguo corredor de largas distancias ateniense, que en el a\u00f1o 490 a. C., antes de la batalla de Marat\u00f3n, fue enviado a Esparta para buscar ayuda en la guerra entre los griegos y los persas.<br \/>\nSeg\u00fan el historiador griego antiguo Her\u00f3doto, Fil\u00edpides lleg\u00f3 a Esparta el d\u00eda despu\u00e9s de su partida de Atenas.<\/p><\/div>\n","protected":false},"excerpt":{"rendered":"<p>Fernando Andr\u00e9s Mart\u00ednez Rom\u00e1n, se ubic\u00f3 segundo en la ultramarat\u00f3n m\u00e1s exigente del mundo, la Spartathl\u00f3n, que todos los a\u00f1os\u00a0 sobre 246 kil\u00f3metros une las ciudades griegas de Atenas y Esparta .<\/p>\n","protected":false},"author":4,"featured_media":5798,"comment_status":"closed","ping_status":"closed","sticky":false,"template":"","format":"standard","meta":{"footnotes":""},"categories":[12,5],"tags":[],"class_list":["post-5797","post","type-post","status-publish","format-standard","has-post-thumbnail","hentry","category-deporte","category-durazno"],"_links":{"self":[{"href":"https:\/\/paginacero.com.uy\/index.php?rest_route=\/wp\/v2\/posts\/5797","targetHints":{"allow":["GET"]}}],"collection":[{"href":"https:\/\/paginacero.com.uy\/index.php?rest_route=\/wp\/v2\/posts"}],"about":[{"href":"https:\/\/paginacero.com.uy\/index.php?rest_route=\/wp\/v2\/types\/post"}],"author":[{"embeddable":true,"href":"https:\/\/paginacero.com.uy\/index.php?rest_route=\/wp\/v2\/users\/4"}],"replies":[{"embeddable":true,"href":"https:\/\/paginacero.com.uy\/index.php?rest_route=%2Fwp%2Fv2%2Fcomments&post=5797"}],"version-history":[{"count":1,"href":"https:\/\/paginacero.com.uy\/index.php?rest_route=\/wp\/v2\/posts\/5797\/revisions"}],"predecessor-version":[{"id":5799,"href":"https:\/\/paginacero.com.uy\/index.php?rest_route=\/wp\/v2\/posts\/5797\/revisions\/5799"}],"wp:featuredmedia":[{"embeddable":true,"href":"https:\/\/paginacero.com.uy\/index.php?rest_route=\/wp\/v2\/media\/5798"}],"wp:attachment":[{"href":"https:\/\/paginacero.com.uy\/index.php?rest_route=%2Fwp%2Fv2%2Fmedia&parent=5797"}],"wp:term":[{"taxonomy":"category","embeddable":true,"href":"https:\/\/paginacero.com.uy\/index.php?rest_route=%2Fwp%2Fv2%2Fcategories&post=5797"},{"taxonomy":"post_tag","embeddable":true,"href":"https:\/\/paginacero.com.uy\/index.php?rest_route=%2Fwp%2Fv2%2Ftags&post=5797"}],"curies":[{"name":"wp","href":"https:\/\/api.w.org\/{rel}","templated":true}]}}