{"id":5791,"date":"2024-10-08T11:28:12","date_gmt":"2024-10-08T14:28:12","guid":{"rendered":"https:\/\/paginacero.com.uy\/?p=5791"},"modified":"2024-10-08T11:28:12","modified_gmt":"2024-10-08T14:28:12","slug":"reconocimiento-al-dr-beguiristain-trayectoria-como-colega-persona-de-bien-y-promotor-de-la-prevencion","status":"publish","type":"post","link":"https:\/\/paginacero.com.uy\/?p=5791","title":{"rendered":"Reconocimiento al Dr. Beguiristain \u00abtrayectoria como colega, persona de bien y promotor de la prevenci\u00f3n\u00bb"},"content":{"rendered":"<p><strong>En ocasi\u00f3n de la ceremonia de apertura de las Jornadas de C\u00e1ncer de Mama y Salud Cardiovascular, realizadas en Sala Lavalleja de la ciudad de Durazno<\/strong><!--more--><\/p>\n<p>Se tribut\u00f3 un justo y muy merecido reconocimiento al prestigioso m\u00e9dico local, Dr. Alberto Beguiristain.<br \/>\nLa organizaci\u00f3n del evento correspondi\u00f3 a la Academia Nacional de Medicina, conjuntamente con el Ministerio de Salud P\u00fablica; Comit\u00e9 de Cardiopat\u00eda en la Mujer, Sociedad Uruguaya de Cardiolog\u00eda (SUC) y la participaci\u00f3n de ASSE, Hospital \u00abDr. Emilio Penza\u00bb; Camedur, IAMPP; Fundaci\u00f3n Clarita Berenbau y la coordinaci\u00f3n general de las jornadas a cargo de la Dra. Sonia Boudrandi. En la mesa de apertura estuvieron tambi\u00e9n el Director Departamental de Salud, Dr. Javier Bessonart, el Secretario General de la IDD, Dr. Andr\u00e9s Lesa Miraldo<br \/>\n\u00abHa dedicado gran parte de su trayectoria profesional a la poblaci\u00f3n de Durazno. por m\u00e1s de tres d\u00e9cadas a ejercido como m\u00e9dico, como cirujano general, con una especial dedicaci\u00f3n al c\u00e1ncer de mama, sobre todo ser un pionero en promover la prevenci\u00f3n y el diagn\u00f3stico temprano de la enfermedad. agradecerle su insistencia a que nos realicemos el auto examen mamario mensual, envi\u00e1ndonos un recordatorio el d\u00eda 29 de cada mes para el auto examen mamario y la necesidad de realizarnos los ex\u00e1menes cl\u00ednicos mamogr\u00e1ficos. Ha organizado jornadas cient\u00edficas en esta ciudad y actividades sociales de concientizaci\u00f3n sobre el c\u00e1ncer de mama y su diagn\u00f3stico temprano. Muchas gracias Alberto por su trayectoria como colega, como persona de bien y promotor de la prevenci\u00f3n \u00ab, se destac\u00f3 en la ocasi\u00f3n.<\/p>\n<p><strong>\u00abViaje de ida que es la Vida\u00bb<\/strong><br \/>\nAl recibir con sentidos aplausos el reconocimiento, Beguiristain se dirigi\u00f3 a los presentes, parte lo de cual compartimos a continuaci\u00f3n.<br \/>\n\u00abEn este &#8216;viaje de ida que es la vida&#8217;, \u00a0el mio comenz\u00f3 en Durazno, por el barrio de la Picada y la Plaza Artigas, ah\u00ed pasaba la ONDA, era la Ruta 5, hacia el norte, antes de cruzar el Rio Yi, pasado los a\u00f1os, este viajero, hizo una parada en la Escuela del Ca\u00f1\u00f3n No. 6, hay Juan Zorrilla de San Mart\u00edn. Ah\u00ed me hice de mis principales amigos, hoy algunos presentes, ah\u00ed fueron mis logros y fracasos, entr\u00e9 en un mundo y convivencia m\u00e1s real, liberado en parte de las restricciones alimenticias, f\u00edsicas y ambientales impuestas post tuberculosis Infantil, (yo ten\u00eda 1 a\u00f1o). Gracias al Dr. Eduardo J. Pastor me trato, me cur\u00f3 y pas\u00f3 todos los d\u00edas por mi casa durante 3 a\u00f1os, gratis\u00bb.<br \/>\n\u00abLogr\u00e9 ser golero de Defensor y de la Selecci\u00f3n Juvenil de Durazno, m\u00e1s tarde tuve que renunciar a la Selecci\u00f3n Mayor por ex\u00e1menes pre Facultad. En este &#8216;viaje de ida que es la vida&#8217;, pas\u00e9 al Liceo Miguel C. Rubino, con grandes profesores, por lo que ense\u00f1aban y bregaban con su ejemplo; destaco al \u00faltimo Director, yo ya en Preparatorio, al Prof. Carlos Scaffo. El fue, entre muchas cosas que nos transfiri\u00f3, nos ense\u00f1\u00f3 y qui\u00e9n me asign\u00f3, durante 3 meses, todas los 3er, a\u00f1os del liceo en la asignatura de F\u00edsica y el discurso de despedida liceal\u00bb.<\/p>\n<p>\u00abAh\u00ed comenc\u00e9 mi segunda \u00a0estaci\u00f3n: Montevideo\u00bb, se\u00f1ala.<br \/>\n\u00abEn Facultad de medicina, fue dura la adaptaci\u00f3n, \u00e9ramos m\u00e1s de 600 los estudiantes de la generaci\u00f3n 68, comenz\u00f3 un nuevo plan de estudios (apareci\u00f3 el m\u00faltiple choice, por ejemplo). Volv\u00ed a la chacra, para ayudarle a mi viejo, como lo habla hecho antes de Irme a Montevideo. Eso me vali\u00f3 hasta un cero Km. di\u00e9sel. Todo termin\u00f3 con una mala cosecha, nos fundimos y me embargaron por 30 a\u00f1os\u00bb.<\/p>\n<p>\u00abComo Ayudante de Clase en Cirug\u00eda Experimental y luego en el Dpto. de Cirug\u00eda (m\u00e1s de 8 a\u00f1os honorario) me abri\u00f3 las puertas en Cirug\u00eda, como ayudante a varios Cirujanos y entr\u00e9 en 1976, como docente en la Cl\u00ednica Quir\u00fargica 3 del Prof. Ra\u00fal C. Praderi hasta 1992\u00bb.<\/p>\n<p><strong>La vida familiar y el apodo \u00abtubito\u00bb<\/strong><br \/>\n\u00abEn 1973 me cas\u00e9, en plena dictadura, era muy dif\u00edcil vivir a campo y ac\u00e1, en Durazno, mi suegra me hac\u00eda hacer, zagu\u00e1n, Invierno (con fr\u00edo) y verano (aunque lloviera) Ella entr\u00f3 de Docente con el Prof. Torres, como internista, llegando a Grado \u00a03 con 33 a\u00f1os. Falleci\u00f3 ac\u00e1 en Durazno, sola, en nuestra casa, por un incendio\u00bb.<br \/>\nLuego de se\u00f1alar que en 1977 naci\u00f3 su hijo, el Dr. Pablo Beguiristain, agreg\u00f3 que en 1978 se recibi\u00f3 en el Hospital Pereira Rossell. \u00a0\u00abal lado de un gran Profesor y un staff de destacar, de la Cl\u00ednica Quir\u00fargica \u00ab3\u00bb me fue f\u00e1cil engancharme en la Docencia, ser Ayudante en Facultad, Grado 2 y Grado 3, tener quien me invitara a ayudarlo a operar y aprovechar las oportunidades, cient\u00edficas, docentes y laborales\u00bb.<br \/>\n\u00abEran tiempos de muchos quistes hid\u00e1ticos, de grandes operaciones, y de muchos drenajes, de muchos &#8216;tubitos&#8217; en los quistes y en la v\u00eda biliar, se\u00f1alando que a partir de ah\u00ed surgi\u00f3 su apodo \u00abtubito\u00bb, (en el \u00e1mbito de la salud).<br \/>\n\u00abUna tarde de s\u00e1bado, pasando visita en sala, un pobre &#8216;viejito&#8217; empez\u00f3 a sangrar de la Cavidad Hid\u00e1tica Residual, a trav\u00e9s del drenaje (del tubito). Ah\u00ed surgi\u00f3 la primera Quistocop\u00eda Hid\u00e1tica, que lo present\u00e9 al caso en un Congreso como la primera Quistocop\u00eda. Pude hacer hemostasis sin operarlo\u00bb.<br \/>\n\u00abYo desde un tiempo atr\u00e1s estaba haciendo coledocoscopia r\u00edgida y extracci\u00f3n incruenta de c\u00e1lculos biliares, Incluso hice un curso de un mes en Argentina con el Prof. Mazzariello (tiempos de la plata dulce)\u00bb.<\/p>\n<p><strong>El retorno a los pagos<\/strong><br \/>\n\u00abY lleg\u00f3 la tercera estaci\u00f3n del viaje, Durazno, donde siempre quise vivir, para ello me fui a crecer, no solo en edad, tambi\u00e9n en conocimientos; para crecer bien hay que tener buenas ra\u00edces, reconocerlas y recordarlas. De vuelta al pago, nunca deje de tener un contacto con Montevideo, trabaj\u00e9 en el Hospital Espa\u00f1ol, en el CASMU y en el Sanatorio Americano, y tambi\u00e9n aqu\u00ed trabaje en lo que hab\u00eda, 14 a\u00f1os en la ambulancia de CAMEDUR: CARDIOCAM. En 1990 el Cirujano, Director del Hospital en ese momento, el Cirujano Dr. Pedro Etcheverria, mi maestro y amigo, me invito a hacerme cargo de PRONACAM en Durazno, lo cual me abri\u00f3 las puertas en mi pago, en Mastolog\u00eda. A trav\u00e9s del PRONACAM recorrimos el interior de Durazno y del pa\u00eds, aunamos esfuerzas y conocimientos, ah\u00ed surgi\u00f3 la Semana de Prevenci\u00f3n del C\u00e1ncer de Mama\u00bb.<br \/>\n\u00abComo Director Departamental de Salud a\u00f1o 2010 y 2011 aunamos los esfuerzos p\u00fablicos y privados haciendo epicentro en las escuelas rurales, llegamos a la XXIV Semana, enfatizando en la prevenci\u00f3n y difusi\u00f3n eventual diagnostico temprano y el tratamiento mas oportuno eventualmente\u00bb.<br \/>\n\u00abLe agregamos con mis compa\u00f1eros(as) de UNI 3, de Plaza 1, Leones, el MSP, la intendencia Departamental, y la Inspecci\u00f3n de Escuelas, que siempre colabor\u00f3, con 3 a 4 escuelas, por a\u00f1o, en la Caminata 5 C (cuadras) de una Plaza a la otra. Siempre fue un motivo de prevenci\u00f3n con alegr\u00eda, \u00a0con los parlantes, folletos y en las Plazas mensajes, conversaciones con los transe\u00fantes, con la ciudadan\u00eda.<\/p>\n<p>\u00abEl reparto de lazos rosados en tres escuelas (por a\u00f1o) y sus alrededores, con premios (a cada escuela previamente acordados seg\u00fan necesidades y\/o gustos escolares, por ejemplo: 1 m\u00e1quina de caf\u00e9, 1 tablero de b\u00e1squetbol en Carlos Reyles etc.). Las mayores satisfacciones y mejores resultados los conseguimos con las visitas a centros de educaci\u00f3n, escolares y liceales, por lo logrado all\u00ed y en su \u00e1mbito familiar. La participaci\u00f3n en diferentes eventos cient\u00edficos locales, nacionales y extranjeros nos permiti\u00f3 estar actualizados conjuntamente con los colegas afines al tema\u00bb<\/p>\n<p>\u00abY as\u00ed en este &#8216;viaje de ida y vuelta&#8217;, voy tratando de devolver en lo posible a la sociedad, a todos los que me han dado vida, es por eso mi agradecimiento, y orgullo de hoy, aqu\u00ed y trato de hacerlo con alegr\u00eda, sin olvidar que \u00e9sta es el perfume de una flor que se llama amor\u00bb.<\/p>\n","protected":false},"excerpt":{"rendered":"<p>En ocasi\u00f3n de la ceremonia de apertura de las Jornadas de C\u00e1ncer de Mama y Salud Cardiovascular, realizadas en Sala Lavalleja de la ciudad de Durazno<\/p>\n","protected":false},"author":4,"featured_media":5792,"comment_status":"closed","ping_status":"closed","sticky":false,"template":"","format":"standard","meta":{"footnotes":""},"categories":[5],"tags":[],"class_list":["post-5791","post","type-post","status-publish","format-standard","has-post-thumbnail","hentry","category-durazno"],"_links":{"self":[{"href":"https:\/\/paginacero.com.uy\/index.php?rest_route=\/wp\/v2\/posts\/5791","targetHints":{"allow":["GET"]}}],"collection":[{"href":"https:\/\/paginacero.com.uy\/index.php?rest_route=\/wp\/v2\/posts"}],"about":[{"href":"https:\/\/paginacero.com.uy\/index.php?rest_route=\/wp\/v2\/types\/post"}],"author":[{"embeddable":true,"href":"https:\/\/paginacero.com.uy\/index.php?rest_route=\/wp\/v2\/users\/4"}],"replies":[{"embeddable":true,"href":"https:\/\/paginacero.com.uy\/index.php?rest_route=%2Fwp%2Fv2%2Fcomments&post=5791"}],"version-history":[{"count":1,"href":"https:\/\/paginacero.com.uy\/index.php?rest_route=\/wp\/v2\/posts\/5791\/revisions"}],"predecessor-version":[{"id":5793,"href":"https:\/\/paginacero.com.uy\/index.php?rest_route=\/wp\/v2\/posts\/5791\/revisions\/5793"}],"wp:featuredmedia":[{"embeddable":true,"href":"https:\/\/paginacero.com.uy\/index.php?rest_route=\/wp\/v2\/media\/5792"}],"wp:attachment":[{"href":"https:\/\/paginacero.com.uy\/index.php?rest_route=%2Fwp%2Fv2%2Fmedia&parent=5791"}],"wp:term":[{"taxonomy":"category","embeddable":true,"href":"https:\/\/paginacero.com.uy\/index.php?rest_route=%2Fwp%2Fv2%2Fcategories&post=5791"},{"taxonomy":"post_tag","embeddable":true,"href":"https:\/\/paginacero.com.uy\/index.php?rest_route=%2Fwp%2Fv2%2Ftags&post=5791"}],"curies":[{"name":"wp","href":"https:\/\/api.w.org\/{rel}","templated":true}]}}