{"id":5788,"date":"2024-10-08T11:21:08","date_gmt":"2024-10-08T14:21:08","guid":{"rendered":"https:\/\/paginacero.com.uy\/?p=5788"},"modified":"2024-10-08T11:21:08","modified_gmt":"2024-10-08T14:21:08","slug":"no-prospero-creacion-de-cinco-nuevos-municipios","status":"publish","type":"post","link":"https:\/\/paginacero.com.uy\/?p=5788","title":{"rendered":"No prosper\u00f3 creaci\u00f3n de cinco nuevos Municipios"},"content":{"rendered":"<p><strong>La posibilidad que finalmente no cont\u00f3 con los votos necesarios en la Junta Departamental para su creaci\u00f3n, estaba orientada a establecer el tercer nivel de gobierno en las localidades de\u00a0Blanquillo, Carlos Reyles, Cerro Chato, Centenario y en Santa Bernardina.<\/strong><!--more--><\/p>\n<p id=\"geom_inter_1728396954071_48_105\" align=\"LEFT\"><span style=\"color: #000000;\"><span style=\"font-family: Arial, sans-serif;\"><span id=\"geom_inter_1728396954069_76_103\" style=\"font-size: large;\">Recordamos que en Durazno los \u00fanicos dos Municipios constituidos son los de\u00a0<b id=\"geom_inter_1728396955068_45_107\">Sarand\u00ed del Yi y Ciudad del Carmen\u00a0<\/b>y en las dem\u00e1s localidades funcionan las Juntas Locales, dependientes directamente de la Intendencia de Durazno\u00a0<b id=\"geom_inter_1728397231074_43_108\">(Carlos Reyles, San Jorge, Blanquillo, La Paloma, Cerro Chato, Centenario)<\/b>.<br \/>\nEl tr\u00e1mite para la creaci\u00f3n de los nuevos Municipios tuvo su origen a trav\u00e9s de los oficios y expedientes administrativos correspondientes, en cada uno de los casos, en la IDD, pasando posteriormente al an\u00e1lisis y tratamiento de la comisi\u00f3n asesora respectiva integrada por representantes de los Partidos con representaci\u00f3n legislativa.<\/p>\n<p>Los numerales de las resoluciones en su parte medular expresa respecto a las \u201ciniciativas populares de creaci\u00f3n de Municipios en diversas localidades de Durazno, \u201cla opini\u00f3n del Intendente Departamental resulta contraria a las presentes iniciativas\u201d.<br \/>\nEl Considerando II se\u00f1ala textualmente \u201cque como se indica en la norma, para este tipo de localidades lo preceptivo resulta la opini\u00f3n y no su contenido favorable. Considerando III \u201cque en las normas antes invocadas se establece que el paso siguiente resulta en su pasaje al Cuerpo de la Junta Departamental para su consideraci\u00f3n del asunto, el que deber\u00e1 resolver para la creaci\u00f3n por una mayor\u00eda especial de 2\/3 de sus integrantes\u201d.<br \/>\nEl citado proyecto de resoluci\u00f3n -para cada una de las cinco iniciativas de creaci\u00f3n de Municipios- dise\u00f1ado para su posterior tratamiento y votaci\u00f3n en el plenario legislativo del d\u00eda jueves 3 de octubre, daba cuenta que:<br \/>\n\u201cAtento: A lo precedentemente expuesto, a la Constituci\u00f3n de la Rep\u00fablica en sus art\u00edculos 262 y 281, a la ley 9515 en su art.35, a la ley 19.272, y al Reglamento Interno, la Junta Departamental de Durazno, resuelve: Primero: Apru\u00e9base la Creaci\u00f3n del Municipio de Blanquillo el que se constituir\u00e1 respecto de la localidad de Blanquillo del Departamento de Durazno (\u00e1mbito territorial). Segundo: Rem\u00edtanse las presentes actuaciones al Intendente Departamental para su promulgaci\u00f3n conforme al art.281 de la Constituci\u00f3n, el que una vez promulgado o vencido el plazo deber\u00e1 remitir el mismo a la Corte Electoral a los efectos que corresponda seg\u00fan las competencias funcionales y org\u00e1nicas de esta, reserv\u00e1ndose copia de estas<br \/>\nactuaciones en la Junta Departamental\u201d.<br \/>\nLas resoluciones, seg\u00fan cada caso, fueron firmadas por los Ediles Pablo Revello (Frente Amplio); Juan Carlos Torres (Partido Nacional); In\u00e9s Colina (Partido Nacional); Fredi D&#8217;Alessandro (Partido Colorado); Francisco Valetta (Partido Nacional); Virginia Burgues (Partido Nacional), Carlos Kuster (Cabildo Abierto).<\/p>\n<p>\u201cPor la ley N\u00ba 18567 del 13 de septiembre de 2009, que entr\u00f3 en aplicaci\u00f3n en 2010, se crearon en Uruguay nuevas entidades territoriales con el nombre de Municipio. Esto implica a su vez un cambio en la denominaci\u00f3n de las instituciones gubernativas a nivel departamental, que antiguamente se denominaban \u00abdepartamentales\u00bb o \u00abmunicipales\u00bb de manera casi indistinta.<\/p>\n<p><b>Opiniones respecto al tema<\/b><\/p>\n<p>\u201cMi postura es absolutamente a favor de los Municipios. Entiendo que es una forma de llevar a cabo la tan anhelada y aspirada descentralizaci\u00f3n y adem\u00e1s lo m\u00e1s importante es hacerse eco de lo que la gente, mediante sus firmas quiere, que es tener los Municipios y tener la posibilidad y las potestades de elegir a sus propios gobernantes locales, lo que es un ejercicio absolutamente justo y totalmente democr\u00e1tico y evita que sea siempre designaci\u00f3n de Secretarios de la Junta designado por ser de confianza del Intendente de turno. Entiendo que cada pueblo es libre de su destino y de elegir a quien quiera que lo dirija y rija los destinos\u201d\u00a0<b>(Carlos Kuster, Cabildo Abierto)<\/b><\/p>\n<p>Por su parte el\u00a0<b>Edil Fredi D&#8217;Alessandro (Partido Colorado),<\/b>\u00a0en una extensa argumentaci\u00f3n, dijo en una parte que \u00ab<\/span><\/span><\/span><span style=\"font-size: large;\">dejamos en claro que vamos por la aprobaci\u00f3n de cada uno de los Municipios donde se llegaron con las firmas, y tambi\u00e9n aprovecho y destaco que en nuestro plan de gobierno Municipal est\u00e1 la creaci\u00f3n de m\u00e1s Municipios en el interior y tambi\u00e9n en la Ciudad de Durazno, le damos una herramienta democr\u00e1tica a la gente libertad de acci\u00f3n y de elecci\u00f3n\u00bb.<\/span><\/p>\n<p id=\"geom_inter_1728397235066_2_110\" align=\"LEFT\"><span style=\"color: #000000; font-family: Arial, sans-serif; font-size: large;\">se\u00f1al\u00f3 que no es\u00a0<\/span><span style=\"color: #000000; font-size: large;\"><span id=\"geom_inter_1728397235066_53_109\" style=\"font-family: Arial, sans-serif;\">cierto que \u00abde crearse nuevos Municipios, se deber\u00eda contratar m\u00e1s funcionarios ni asignar m\u00e1s recursos financieros. Los Municipios pueden funcionar con los actuales funcionarios de la Intendencia que actualmente realizan las funciones que en el futuro se les asignar\u00edan a ellos. Del mismo modo, se le pueden asignar los mismos recursos que hoy en d\u00eda se les asigna. En resumen, nada de lo que expone el se\u00f1or Intendente al final de su informe es real. No pretendemos entorpecer la administraci\u00f3n, ni dilapidar recursos, ni duplicar los esfuerzos, ni malgastar los tributos, ni tampoco es un c\u00e1lculo electoral\u201d.<\/span><\/span><\/p>\n","protected":false},"excerpt":{"rendered":"<p>La posibilidad que finalmente no cont\u00f3 con los votos necesarios en la Junta Departamental para su creaci\u00f3n, estaba orientada a establecer el tercer nivel de gobierno en las localidades de\u00a0Blanquillo, Carlos Reyles, Cerro Chato, Centenario y en Santa Bernardina.<\/p>\n","protected":false},"author":4,"featured_media":5789,"comment_status":"closed","ping_status":"closed","sticky":false,"template":"","format":"standard","meta":{"footnotes":""},"categories":[5],"tags":[],"class_list":["post-5788","post","type-post","status-publish","format-standard","has-post-thumbnail","hentry","category-durazno"],"_links":{"self":[{"href":"https:\/\/paginacero.com.uy\/index.php?rest_route=\/wp\/v2\/posts\/5788","targetHints":{"allow":["GET"]}}],"collection":[{"href":"https:\/\/paginacero.com.uy\/index.php?rest_route=\/wp\/v2\/posts"}],"about":[{"href":"https:\/\/paginacero.com.uy\/index.php?rest_route=\/wp\/v2\/types\/post"}],"author":[{"embeddable":true,"href":"https:\/\/paginacero.com.uy\/index.php?rest_route=\/wp\/v2\/users\/4"}],"replies":[{"embeddable":true,"href":"https:\/\/paginacero.com.uy\/index.php?rest_route=%2Fwp%2Fv2%2Fcomments&post=5788"}],"version-history":[{"count":1,"href":"https:\/\/paginacero.com.uy\/index.php?rest_route=\/wp\/v2\/posts\/5788\/revisions"}],"predecessor-version":[{"id":5790,"href":"https:\/\/paginacero.com.uy\/index.php?rest_route=\/wp\/v2\/posts\/5788\/revisions\/5790"}],"wp:featuredmedia":[{"embeddable":true,"href":"https:\/\/paginacero.com.uy\/index.php?rest_route=\/wp\/v2\/media\/5789"}],"wp:attachment":[{"href":"https:\/\/paginacero.com.uy\/index.php?rest_route=%2Fwp%2Fv2%2Fmedia&parent=5788"}],"wp:term":[{"taxonomy":"category","embeddable":true,"href":"https:\/\/paginacero.com.uy\/index.php?rest_route=%2Fwp%2Fv2%2Fcategories&post=5788"},{"taxonomy":"post_tag","embeddable":true,"href":"https:\/\/paginacero.com.uy\/index.php?rest_route=%2Fwp%2Fv2%2Ftags&post=5788"}],"curies":[{"name":"wp","href":"https:\/\/api.w.org\/{rel}","templated":true}]}}