{"id":5785,"date":"2024-10-08T11:14:25","date_gmt":"2024-10-08T14:14:25","guid":{"rendered":"https:\/\/paginacero.com.uy\/?p=5785"},"modified":"2024-10-08T11:14:25","modified_gmt":"2024-10-08T14:14:25","slug":"juan-francisco-fernandez-la-lente-de-su-camara-la-propia-mente","status":"publish","type":"post","link":"https:\/\/paginacero.com.uy\/?p=5785","title":{"rendered":"Juan Francisco Fern\u00e1ndez, la lente de su c\u00e1mara, la propia mente"},"content":{"rendered":"<p><strong>Lleva 35 a\u00f1os, expresando, creando, digitalizando.<\/strong><!--more--><\/p>\n<p id=\"geom_inter_1728396757067_21_17\" align=\"LEFT\"><span style=\"color: #000000;\"><span style=\"font-family: Arial, sans-serif;\"><span id=\"geom_inter_1728396757067_5_18\" style=\"font-size: large;\">As\u00ed como en la vida, su profesi\u00f3n&#8230;<br \/>\nModo afable, cuasi t\u00edmido, correcto y respetuoso, Juan Francisco Fern\u00e1ndez, es un fot\u00f3grafo duraznense reconocido.<br \/>\nFue Presidente del Foto Club Durazno, adem\u00e1s de integrar la directiva por a\u00f1os junto a ilustres en la profesi\u00f3n y docencia, como el recordado<b id=\"geom_inter_1728396785076_35_21\">\u00a0Mtro. Elman S\u00e1nchez Galarza<\/b>\u00a0y el siempre vigente\u00a0<b id=\"geom_inter_1728396770065_25_20\">Mtro. Disman Anchieri,<\/b>\u00a0entre otros.<br \/>\n<b>Fern\u00e1ndez,<\/b>\u00a0expone sus trabajos m\u00e1s frecuentemente en Argentina que en Uruguay.<br \/>\nEn el pa\u00eds vecino es reconocido por sus formas simples y a la vez profundas, de la imagen fotogr\u00e1fica de su autor\u00eda; tiene su sello propio, por lo que es invitado asiduo a exposiciones y eventos en Buenos aires, en los que siempre est\u00e1 la fotograf\u00eda.<br \/>\nMuestra de ello es la inminente participaci\u00f3n en la\u00a0<b>Megamuestra 14<\/b>\u00a0que se inaugura este 5 de octubre en el\u00a0<b>Centro Cultural del Sur,<\/b>\u00a0Avda. Caseros al 1750, Buenos Aires, donde estar\u00e1 para exponer y para -como \u00e9l bien se\u00f1ala- \u201creencontrarme con muchos amigos que he cosechado gracias a la fotograf\u00eda\u201d.<br \/>\nLa labor en el campo de la imagen capturada es extensa en la trayectoria de Fern\u00e1ndez y da la sensaci\u00f3n de que se remonta quiz\u00e1s a la \u00e9poca de la ni\u00f1ez en la antigua\u00a0<b id=\"geom_inter_1728396791084_28_22\">Estaci\u00f3n Molles, hoy Carlos Reyles<\/b>, donde naci\u00f3 en 1951 y sin saberlo, comenz\u00f3 a incursionar en el campo de lo visual, observando y detectando efectos, reflejos, momentos, lugares a campo abierto, que a\u00f1os despu\u00e9s ser\u00edan su fuente de inspiraci\u00f3n.<br \/>\nHasta tal punto es su incursi\u00f3n, que puede considerarse que su c\u00e1mara, es su propia mente y visi\u00f3n.<\/span><\/span><\/span><\/p>\n<p id=\"geom_inter_1728396792068_43_25\" align=\"LEFT\"><span style=\"color: #000000;\">\u201c<span style=\"font-family: Arial, sans-serif;\"><span id=\"geom_inter_1728396792065_63_23\" style=\"font-size: large;\">Son hasta el momento 14 Megamuestras, m\u00e1s 3 libros de fotograf\u00edas, y algunos concursos en los que he participado desde el 2003 y a partir del 2011 comenc\u00e9 a estar presente en cada evento\u201d, se\u00f1ala Fern\u00e1ndez a\u00a0<b>P\u00e1gina Cero.<\/b><\/span><\/span><\/span><\/p>\n<p lang=\"es-AR\" align=\"LEFT\"><span style=\"color: #000000;\"><span style=\"font-family: Arial, sans-serif;\"><span style=\"font-size: large;\"><b>Algunas fechas y hechos relevantes de su trayectoria<\/b><\/span><\/span><\/span><\/p>\n<p lang=\"es-AR\" align=\"LEFT\"><span style=\"color: #000000;\"><span style=\"font-family: Arial, sans-serif;\"><span style=\"font-size: large;\">1989, comienzo de trabajos fotogr\u00e1ficos en forma profesional (autodidacta).<\/span><\/span><\/span><\/p>\n<p lang=\"es-AR\" align=\"LEFT\"><span style=\"color: #000000;\"><span style=\"font-family: Arial, sans-serif;\"><span style=\"font-size: large;\">2003 a 2022 Participaci\u00f3n en montaje de exposiciones fotogr\u00e1ficas organizadas por Foto Club Durazno y\/o compa\u00f1eros del Club.<\/span><\/span><\/span><\/p>\n<p id=\"geom_inter_1728396793068_92_31\" align=\"LEFT\"><span style=\"color: #000000;\"><span style=\"font-family: Arial, sans-serif;\"><span style=\"font-size: large;\"><span id=\"geom_inter_1728396793066_90_26\" lang=\"es-AR\">2005 Colaborador en cursos de iniciaci\u00f3n fotogr\u00e1fica e introducci\u00f3n a la fotograf\u00eda digital en Foto Club Durazno.<\/span><\/span><\/span><\/span><\/p>\n<p id=\"geom_inter_1728396793067_89_28\" lang=\"es-AR\" align=\"LEFT\"><span style=\"color: #000000;\"><span style=\"font-family: Arial, sans-serif;\"><span id=\"geom_inter_1728396793066_90_27\" style=\"font-size: large;\">2006 Participaci\u00f3n en la organizaci\u00f3n, clasificaci\u00f3n y montaje del museo de Foto Club Durazno \u201cRinc\u00f3n hist\u00f3rico Mtro. Elman S\u00e1nchez Galarza\u201d<\/span><\/span><\/span><\/p>\n<p id=\"geom_inter_1728396793068_1_32\" lang=\"es-AR\" align=\"LEFT\"><span style=\"color: #000000;\"><span style=\"font-family: Arial, sans-serif;\"><span id=\"geom_inter_1728396793067_73_29\" style=\"font-size: large;\">2006 Participaci\u00f3n con integrantes de Foto Club Durazno en la publicaci\u00f3n \u201cFotogacetillas\u201d en diario El Acontecer.<\/span><\/span><\/span><\/p>\n<p id=\"geom_inter_1728396793068_71_33\" lang=\"es-AR\" align=\"LEFT\"><span style=\"color: #000000;\"><span style=\"font-family: Arial, sans-serif;\"><span id=\"geom_inter_1728396793067_48_30\" style=\"font-size: large;\">2006 a 2022 Representante de Foto Club Durazno en exposiciones itinerantes al interior del departamento de Durazno, organizadas por Arter\u00edas.<\/span><\/span><\/span><\/p>\n<p lang=\"es-AR\" align=\"LEFT\"><span style=\"color: #000000;\"><span style=\"font-family: Arial, sans-serif;\"><span style=\"font-size: large;\">2006 Integrante del jurado en el 7\u00b0 concurso fotogr\u00e1fico del patrimonio, organizado por la Comisi\u00f3n Departamental de Patrimonio y Foto Club Durazno.<\/span><\/span><\/span><\/p>\n<p id=\"geom_inter_1728396794068_42_38\" lang=\"es-AR\" align=\"LEFT\"><span style=\"color: #000000;\"><span style=\"font-family: Arial, sans-serif;\"><span id=\"geom_inter_1728396794065_44_34\" style=\"font-size: large;\">2007 Digitalizaci\u00f3n de placas de vidrio del acervo de Foto Club Durazno.<\/span><\/span><\/span><\/p>\n<p id=\"geom_inter_1728396794069_5_39\" lang=\"es-AR\" align=\"LEFT\"><span style=\"color: #000000;\"><span style=\"font-family: Arial, sans-serif;\"><span id=\"geom_inter_1728396794065_3_35\" style=\"font-size: large;\">2008 Digitalizaci\u00f3n de placas de vidrio del acervo de Museo Hist\u00f3rico de Durazno \u201cCasa de Rivera\u201d.<\/span><\/span><\/span><\/p>\n<p id=\"geom_inter_1728396794067_35_37\" lang=\"es-AR\" align=\"LEFT\"><span style=\"color: #000000;\"><span style=\"font-family: Arial, sans-serif;\"><span id=\"geom_inter_1728396794065_74_36\" style=\"font-size: large;\">2008 Intervenci\u00f3n con compa\u00f1eros de Foto Club Durazno en la 1\u00aa edici\u00f3n de la separata \u201cPioneros de la fotograf\u00eda en Durazno, Estudio Pucurull\u201d, que acompa\u00f1\u00f3 a la revista Comentarios<\/span><\/span><\/span><\/p>\n<p align=\"LEFT\"><span style=\"color: #000000;\"><span style=\"font-family: Arial, sans-serif;\"><span style=\"font-size: large;\"><span lang=\"es-AR\">2009 Intervenci\u00f3n con compa\u00f1eros de Foto Club Durazno en la 2\u00aa edici\u00f3n de la separata \u201cPioneros de la fotograf\u00eda en Durazno, Fotograf\u00eda Montero\u201d, que acompa\u00f1\u00f3 a la revista Comentarios.<\/span><\/span><\/span><\/span><\/p>\n<p lang=\"es-AR\" align=\"LEFT\"><span style=\"color: #000000;\"><span style=\"font-family: Arial, sans-serif;\"><span style=\"font-size: large;\">2010 Electo Presidente de Foto Club Durazno por el per\u00edodo 2010 &#8211; 2012.<\/span><\/span><\/span><\/p>\n<p id=\"geom_inter_1728396795070_70_45\" lang=\"es-AR\" align=\"LEFT\"><span style=\"color: #000000;\"><span style=\"font-family: Arial, sans-serif;\"><span id=\"geom_inter_1728396795065_9_40\" style=\"font-size: large;\">2010 Digitalizaci\u00f3n de parte de la Colecci\u00f3n fotogr\u00e1fica Arq. Eduardo Gonz\u00e1lez Pose del archivo fotogr\u00e1fico del Museo Hist\u00f3rico de Durazno \u201cCasa de Rivera\u201d.<\/span><\/span><\/span><\/p>\n<p id=\"geom_inter_1728396795067_96_43\" align=\"LEFT\"><span style=\"color: #000000;\"><span style=\"font-family: Arial, sans-serif;\"><span style=\"font-size: large;\"><span id=\"geom_inter_1728396795065_61_41\" lang=\"es-AR\">2012 Electo presidente de Foto Club Durazno por el per\u00edodo marzo 2012 \u2013 marzo 2014.<\/span><\/span><\/span><\/span><\/p>\n<p id=\"geom_inter_1728396795067_24_44\" lang=\"es-AR\" align=\"LEFT\"><span style=\"color: #000000;\"><span style=\"font-family: Arial, sans-serif;\"><span id=\"geom_inter_1728396795066_82_42\" style=\"font-size: large;\">2013 Digitalizaci\u00f3n y edici\u00f3n de diapositivas del acervo del Liceo Miguel C. Rubino, referentes a la estudiantina de 1971.<\/span><\/span><\/span><\/p>\n<p lang=\"es-AR\" align=\"LEFT\"><span style=\"color: #000000;\"><span style=\"font-family: Arial, sans-serif;\"><span style=\"font-size: large;\">2014 Integrante del jurado del 1er concurso fotogr\u00e1fico sobre diversidad de g\u00e9nero, organizado por la Intendencia Municipal de Durazno y Foto Club Durazno, en calidad de secretario.<\/span><\/span><\/span><\/p>\n<p lang=\"es-AR\" align=\"LEFT\"><span style=\"color: #000000;\"><span style=\"font-family: Arial, sans-serif;\"><span id=\"geom_inter_1728396796065_85_46\" style=\"font-size: large;\">2017 Digitalizaci\u00f3n de parte de la Colecci\u00f3n fotogr\u00e1fica Arq. Eduardo Gonz\u00e1lez Pose del archivo fotogr\u00e1fico del Museo Hist\u00f3rico de Durazno \u201cCasa de Rivera\u201d.<\/span><\/span><\/span><\/p>\n<p lang=\"es-AR\" align=\"LEFT\"><span style=\"color: #000000;\"><span style=\"font-family: Arial, sans-serif;\"><span id=\"geom_inter_1728396796066_41_47\" style=\"font-size: large;\">2020 a la fecha, grabado artesanal en vidrio (copas, vasos, platos).<\/span><\/span><\/span><\/p>\n<p id=\"geom_inter_1728396796066_18_48\" align=\"LEFT\">\u00a0<span style=\"color: #000000;\"><span style=\"font-family: Arial, sans-serif;\"><span style=\"font-size: large;\"><b>M\u00e9ritos en concursos<\/b><\/span><\/span><\/span><\/p>\n<p lang=\"es-AR\" align=\"JUSTIFY\"><span style=\"color: #000000;\"><span style=\"font-family: Arial, sans-serif;\"><span id=\"geom_inter_1728396796067_20_49\" style=\"font-size: large;\">1999 \u201cTrabajando mimbre\u201d, menci\u00f3n en Concurso fotogr\u00e1fico de la Comisi\u00f3n departamental de Patrimonio y Foto Club Durazno.<\/span><\/span><\/span><\/p>\n<p id=\"geom_inter_1728396797065_96_50\" lang=\"es-AR\" align=\"JUSTIFY\"><span style=\"color: #000000;\"><span style=\"font-family: Arial, sans-serif;\"><span style=\"font-size: large;\">2000, 2002 y 2004 \u201cTrabajando mimbre\u201d, \u201cEl teatro en la escuela, primer escenario\u201d, \u201cEl primer puente 100 a\u00f1os despu\u00e9s, seleccionadas en 1\u00b0, 3\u00b0 y 4\u00b0 concursos de la Comisi\u00f3n Nacional de Patrimonio, Ministerio de Educaci\u00f3n y Cultura y la Fundaci\u00f3n Lolita Rubial.<\/span><\/span><\/span><\/p>\n<p align=\"JUSTIFY\"><span style=\"color: #000000;\"><span style=\"font-family: Arial, sans-serif;\"><span style=\"font-size: large;\"><span id=\"geom_inter_1728396797065_26_51\" lang=\"es-AR\">2003 \u201cAguanten maderos\u201d, menci\u00f3n en concurso fotogr\u00e1fico de la Comisi\u00f3n departamental de Patrimonio y Foto Club Durazno.<\/span><\/span><\/span><\/span><\/p>\n<p lang=\"es-AR\" align=\"JUSTIFY\"><span style=\"color: #000000;\"><span style=\"font-family: Arial, sans-serif;\"><span id=\"geom_inter_1728396797066_1_52\" style=\"font-size: large;\">2004 \u201cMagia y terru\u00f1o\u201d, menci\u00f3n A en el 4\u00b0 Sal\u00f3n de Artes pl\u00e1sticas y visuales de peque\u00f1a dimensi\u00f3n, taller de artes pl\u00e1sticas Mtro. Ernesto Giordano, Durazno.<\/span><\/span><\/span><\/p>\n<p align=\"JUSTIFY\"><span style=\"color: #000000;\"><span style=\"font-family: Arial, sans-serif;\"><span style=\"font-size: large;\"><span id=\"geom_inter_1728396797066_95_53\" lang=\"es-AR\">2009 \u201cEn\u2026 torno del taller\u201d, menci\u00f3n especial en 9\u00b0 concurso del patrimonio \u201c50 a\u00f1os del taller municipal de Artes pl\u00e1sticas Mto. Ernesto Giordano.<\/span><\/span><\/span><\/span><\/p>\n<p id=\"geom_inter_1728396798065_12_54\" align=\"JUSTIFY\"><span style=\"color: #000000;\"><span style=\"font-family: Arial, sans-serif;\"><span style=\"font-size: large;\"><span lang=\"es-AR\">2010 Intervenci\u00f3n con compa\u00f1eros de Foto Club Durazno en la 3\u00aa edici\u00f3n de la separata \u201cPioneros de la fotograf\u00eda en Durazno, 170 a\u00f1os de la fotograf\u00eda\u201d que acompa\u00f1\u00f3 a la revista Comentarios.<\/span><\/span><\/span><\/span><\/p>\n<p lang=\"es-AR\" align=\"JUSTIFY\"><span style=\"color: #000000;\"><span style=\"font-family: Arial, sans-serif;\"><span id=\"geom_inter_1728396798065_6_55\" style=\"font-size: large;\">2011 Digitalizaci\u00f3n y restauraci\u00f3n digital de fotograf\u00edas de caricaturas de Carlos Cacho Burgues que fueron publicadas en semanario \u201cPanorama\u201d durante los a\u00f1os 1967 y 1968, expuestas en el Museo Hist\u00f3rico de Durazno \u201cCasa de Rivera\u201d en mayo de 2011.<\/span><\/span><\/span><\/p>\n<p align=\"JUSTIFY\"><span style=\"color: #000000;\"><span style=\"font-family: Arial, sans-serif;\"><span style=\"font-size: large;\"><span id=\"geom_inter_1728396798065_69_56\" lang=\"es-AR\">2011 Participaci\u00f3n con compa\u00f1eros de Foto Club Durazno en taller sobre fotograf\u00eda en Villa del Carmen (hoy Ciudad del Carmen) propuesta por el Prof. Federico Franco, \u201cExpresArte Villa del Carmen\u201d.<\/span><\/span><\/span><\/span><\/p>\n<p lang=\"es-AR\" align=\"JUSTIFY\"><span style=\"color: #000000;\"><span style=\"font-family: Arial, sans-serif;\"><span style=\"font-size: large;\">2014 \u201cEl \u00faltimo eclipse de luna\u201d, una de las 613 fotograf\u00edas clasificadas de las 2482 presentadas al 1er Concurso internacional organizado por Foto Revista, Buenos Aires, Argentina.<\/span><\/span><\/span><\/p>\n<p lang=\"es-AR\" align=\"JUSTIFY\"><span style=\"color: #000000;\"><span style=\"font-family: Arial, sans-serif;\"><span id=\"geom_inter_1728396799065_37_57\" style=\"font-size: large;\">2015 \u201cEladio\u2026el se\u00f1or de los ladrillos\u201d y \u201cAgua peque\u00f1a\u201d, dos de las 531 fotograf\u00edas clasificadas de las 2464 presentadas al 2\u00b0 Concurso internacional organizado por Foto Revista, Buenos Aires, Argentina.<\/span><\/span><\/span><\/p>\n<p id=\"geom_inter_1728396799066_57_59\" lang=\"es-AR\" align=\"JUSTIFY\"><span style=\"color: #000000;\"><span style=\"font-family: Arial, sans-serif;\"><span id=\"geom_inter_1728396799066_2_58\" style=\"font-size: large;\">2015 \u201cSe le priesta pa\u2019 los juegos\u201d menci\u00f3n especial en el 1er concurso fotogr\u00e1fico \u201cNuestros ni\u00f1os\u201d organizado por el espacio de la memoria, Sarand\u00ed del Yi.<\/span><\/span><\/span><\/p>\n<p align=\"JUSTIFY\"><span style=\"color: #000000;\"><span style=\"font-family: Arial, sans-serif;\"><span style=\"font-size: large;\"><span id=\"geom_inter_1728396799066_72_60\" lang=\"es-AR\">2016 \u201cPasi\u00f3n por el deporte\u201d y \u201cNiebla rondando a San Pedro\u201d dos de las 499 fotograf\u00edas clasificadas de las 1658 presentadas al 3er concurso internacional organizado por Foto Revista, Buenos Aires, Argentina.<\/span><\/span><\/span><\/span><\/p>\n<p lang=\"es-AR\" align=\"JUSTIFY\"><span style=\"color: #000000;\"><span style=\"font-family: Arial, sans-serif;\"><span id=\"geom_inter_1728396800065_29_61\" style=\"font-size: large;\">2017 \u201cRutina matinal\u201d y \u201cEl Corsario\u201d, dos de las 414 fotograf\u00edas aceptadas de las 1103 presentadas por 173 autores, en el 1er concurso mensual de Foto Revista, Buenos Aires, Argentina.<\/span><\/span><\/span><\/p>\n<p lang=\"es-AR\" align=\"JUSTIFY\"><span style=\"color: #000000;\"><span style=\"font-family: Arial, sans-serif;\"><span id=\"geom_inter_1728396800066_30_62\" style=\"font-size: large;\">2017 \u201cAtardecer con cenizas\u201d y \u201cDescanso\u201d, dos de las 327 fotograf\u00edas aceptadas de 763 presentadas por 119 autores en el 2\u00b0 concurso de Foto Revista, Buenos Aires, Argentina.<\/span><\/span><\/span><\/p>\n<p id=\"geom_inter_1728396800066_83_63\" lang=\"es-AR\"><span style=\"color: #000000;\"><span style=\"font-family: Arial, sans-serif;\"><span style=\"font-size: large;\"><b>Reconocimientos<\/b><\/span><\/span><\/span><\/p>\n<p lang=\"es-AR\" align=\"JUSTIFY\"><span style=\"color: #000000;\"><span style=\"font-family: Arial, sans-serif;\"><span id=\"geom_inter_1728396800067_20_64\" style=\"font-size: large;\">2017 Otorgado por Foto Revista, Buenos Aires, Argentina, por mayor cantidad de obras subidas a la p\u00e1gina digital, secci\u00f3n Sencillamente fotos, durante el a\u00f1o 2017.<\/span><\/span><\/span><\/p>\n<p align=\"JUSTIFY\"><span style=\"color: #000000;\"><span style=\"font-family: Arial, sans-serif;\"><span style=\"font-size: large;\"><span lang=\"es-AR\">2017 \u201cRinc\u00f3n hist\u00f3rico del cine y las proyecciones Juan Fern\u00e1ndez Cantero\u201d en el museo de Foto Club Durazno \u201cRinc\u00f3n hist\u00f3rico Mtro. Elman S\u00e1nchez Galarza\u201d.<\/span><\/span><\/span><\/span><\/p>\n<p id=\"geom_inter_1728396801067_73_68\" lang=\"es-AR\"><span style=\"color: #000000;\"><span style=\"font-family: Arial, sans-serif;\"><span style=\"font-size: large;\"><b id=\"geom_inter_1728396801065_88_65\">Algunas de las tantas exposiciones<\/b><\/span><\/span><\/span><\/p>\n<p lang=\"es-AR\" align=\"JUSTIFY\"><span style=\"color: #000000;\"><span style=\"font-family: Arial, sans-serif;\"><span id=\"geom_inter_1728396801065_66_66\" style=\"font-size: large;\">La primera fue en 2003 \u201cMaderas con historia\u201d, colectiva de Foto Club Durazno con motivo de los 100 a\u00f1os del puente sumergible \u201cIng. Federico Capurro\u201d; 2004 \u201cAxpo Brio\u201d, colectivo de Foto Club Durazno con motivo de los 20 a\u00f1os del balneario Independencia.<\/span><\/span><\/span><\/p>\n<p lang=\"es-AR\" align=\"JUSTIFY\"><span style=\"color: #000000;\"><span style=\"font-family: Arial, sans-serif;\"><span id=\"geom_inter_1728396801066_59_67\" style=\"font-size: large;\">2010 \u201cQue juegos olvidamos ense\u00f1ar a los ni\u00f1os\u201d, microcentro de la ciudad de Durazno, proyecto Toll, peque\u00f1a instalaci\u00f3n (Avda. 18 de Julio casi Herrera), Durazno.<\/span><\/span><\/span><\/p>\n<p id=\"geom_inter_1728396802069_68_73\" align=\"JUSTIFY\"><span style=\"color: #000000;\"><span style=\"font-family: Arial, sans-serif;\"><span style=\"font-size: large;\"><span id=\"geom_inter_1728396802066_4_69\" lang=\"es-AR\">2011 \u201cSencillamente fotos II\u201d participaci\u00f3n en el libro de autores, editado por FotoRevista, sitio argentino de difusi\u00f3n digital dedicado a la fotograf\u00eda. Una p\u00e1gina con 3 fotograf\u00edas. Expuesta en el Centro Cultural del Sur, Buenos Aires, distintas ciudades de Argentina, Durazno y Colonia en Uruguay.<\/span><\/span><\/span><\/span><\/p>\n<p id=\"geom_inter_1728396802066_33_71\" align=\"JUSTIFY\"><span style=\"color: #000000;\"><span style=\"font-family: Arial, sans-serif;\"><span style=\"font-size: large;\"><span id=\"geom_inter_1728396802066_78_70\" lang=\"es-AR\">2012 \u201cMegamuestra I\u201d participaci\u00f3n en exposici\u00f3n de autores, organizada por FotoRevista, sitio argentino de difusi\u00f3n digital dedicado a la fotograf\u00eda, en Foto Club Buenos Aires, Argentina.<\/span><\/span><\/span><\/span><\/p>\n<p lang=\"es-AR\" align=\"JUSTIFY\"><span style=\"color: #000000;\"><span style=\"font-family: Arial, sans-serif;\"><span id=\"geom_inter_1728396802066_1_72\" style=\"font-size: large;\">2012 \u201cPuertas del plata\u201d, itinerante de autores argentinos y uruguayos, sala BIP Colonia (diciembre), participando con una fotograf\u00eda. En marzo de 2013 se expuso tambi\u00e9n en Ministerio de Relaciones Exteriores, Montevideo.<\/span><\/span><\/span><\/p>\n<p lang=\"es-AR\" align=\"JUSTIFY\"><span style=\"color: #000000;\"><span style=\"font-family: Arial, sans-serif;\"><span style=\"font-size: large;\">2012 \u201cMegamuestra II\u201d participaci\u00f3n en exposici\u00f3n de autores, organizada por FotoRevista, sitio argentino de difusi\u00f3n digital dedicado a la fotograf\u00eda, en Foto Club Buenos Aires, Argentina.<\/span><\/span><\/span><\/p>\n<p id=\"geom_inter_1728396803065_36_75\" lang=\"es-AR\" align=\"JUSTIFY\"><span style=\"color: #000000;\"><span style=\"font-family: Arial, sans-serif;\"><span id=\"geom_inter_1728396803065_71_74\" style=\"font-size: large;\">2012 \u201cViaje 2012\u201d colectiva de Foto Club Durazno en su 25\u00b0 aniversario, sala Lavalleja y posteriormente en sala Mto. Disman Anchieri de Foto Club Durazno.<\/span><\/span><\/span><\/p>\n<p lang=\"es-AR\" align=\"JUSTIFY\"><span style=\"color: #000000;\"><span style=\"font-family: Arial, sans-serif;\"><span id=\"geom_inter_1728396803066_37_76\" style=\"font-size: large;\">2012 \u201c25 a\u00f1os de Foto Club Durazno\u201d, video arte con motivo de los 25 a\u00f1os de Foto Club Durazno.<\/span><\/span><\/span><\/p>\n<p lang=\"es-AR\" align=\"JUSTIFY\"><span style=\"color: #000000;\"><span style=\"font-family: Arial, sans-serif;\"><span id=\"geom_inter_1728396803066_87_77\" style=\"font-size: large;\">2013 \u201cPuertas del plata\u201d colectiva de autores argentinos y uruguayos, Casa de la Cultura, Durazno. Participaci\u00f3n con una fotograf\u00eda y un videoarte \u201cPuertas del Durazno\u201d de Foto Club Durazno.<\/span><\/span><\/span><\/p>\n<p lang=\"es-AR\" align=\"JUSTIFY\"><span style=\"color: #000000;\"><span style=\"font-family: Arial, sans-serif;\"><span style=\"font-size: large;\">2013 \u201cPhoto lux 2013\u201d participaci\u00f3n en muestra colectiva en el Centro Cultural Borges. Buenos Aires, Argentina, conjuntamente con fot\u00f3grafos argentinos (92), mexicanos (3), espa\u00f1oles (3), alemanes (1), israel\u00ed (1), uruguayos (2).<\/span><\/span><\/span><\/p>\n<p id=\"geom_inter_1728396804067_29_79\" lang=\"es-AR\" align=\"JUSTIFY\"><span style=\"color: #000000;\"><span style=\"font-family: Arial, sans-serif;\"><span id=\"geom_inter_1728396804067_31_78\" style=\"font-size: large;\">2014 \u201cD\u00eda internacional del libro\u201d exposici\u00f3n de se\u00f1aladores en galer\u00eda Vuelvo al Sur, Buenos Aires, Argentina.<\/span><\/span><\/span><\/p>\n<p lang=\"es-AR\" align=\"JUSTIFY\"><span style=\"color: #000000;\"><span style=\"font-family: Arial, sans-serif;\"><span id=\"geom_inter_1728396804068_46_80\" style=\"font-size: large;\">2017 \u201cPintando con luz\u201d, en Museo Hist\u00f3rico de Durazno Casa de Rivera, conjuntamente con el fot\u00f3grafo Andr\u00e9s Portela Gonz\u00e1lez, sobre dibujos con luz (en el aire) de Eduardo Cortazzo Quinteros, actividad que se realiz\u00f3 en predio al este de ruta 5 y margen izquierdo de r\u00edo Yi.<\/span><\/span><\/span><\/p>\n<p lang=\"es-AR\" align=\"JUSTIFY\"><span style=\"color: #000000;\"><span style=\"font-family: Arial, sans-serif;\"><span id=\"geom_inter_1728396804068_23_81\" style=\"font-size: large;\">2018 \u201cIm\u00e1genes viajeras\u201d, resumen de las fotograf\u00edas expuestas en Buenos Aires conjuntamente con Oscar Robatto Rodr\u00edguez, en hall de Colonia Shopping.<\/span><\/span><\/span><\/p>\n<p id=\"geom_inter_1728396805065_21_83\" align=\"JUSTIFY\"><span style=\"color: #000000;\"><span style=\"font-family: Arial, sans-serif;\"><span style=\"font-size: large;\"><span id=\"geom_inter_1728396805065_66_82\" lang=\"es-AR\">2024 \u201cL\u00e1grima R\u00edos en la 13\u00aa edici\u00f3n de las Primeras llamadas del interior\u201d, fotograf\u00eda expuesta en acto de homenaje de la Intendencia de Durazno a Melba Benavides \u201cL\u00e1grima R\u00edos\u201d al recordarse el 100\u00b0 de su nacimiento (26\/9\/1924 \u2013 26\/9\/2024) realizada en Teatro Espa\u00f1ol.<\/span><\/span><\/span><\/span><\/p>\n<p lang=\"es-AR\" align=\"JUSTIFY\"><span style=\"color: #000000;\"><span style=\"font-family: Arial, sans-serif;\"><span id=\"geom_inter_1728396805066_45_84\" style=\"font-size: large;\">2024 \u201cMegamuestra XIV\u201d, exposici\u00f3n de autores en Centro Cultural del Sur, Buenos Aires, Argentina, panel completo con fotograf\u00edas de mis nietos Benjam\u00edn, Milagros, Sebasti\u00e1n, Nicol\u00e1s, una fotograf\u00eda tomada por Milagros, una fotograf\u00eda de tallado en madera y tres fotograf\u00edas de tallado en vidrio.<\/span><\/span><\/span><\/p>\n","protected":false},"excerpt":{"rendered":"<p>Lleva 35 a\u00f1os, expresando, creando, digitalizando.<\/p>\n","protected":false},"author":4,"featured_media":5786,"comment_status":"closed","ping_status":"closed","sticky":false,"template":"","format":"standard","meta":{"footnotes":""},"categories":[5],"tags":[],"class_list":["post-5785","post","type-post","status-publish","format-standard","has-post-thumbnail","hentry","category-durazno"],"_links":{"self":[{"href":"https:\/\/paginacero.com.uy\/index.php?rest_route=\/wp\/v2\/posts\/5785","targetHints":{"allow":["GET"]}}],"collection":[{"href":"https:\/\/paginacero.com.uy\/index.php?rest_route=\/wp\/v2\/posts"}],"about":[{"href":"https:\/\/paginacero.com.uy\/index.php?rest_route=\/wp\/v2\/types\/post"}],"author":[{"embeddable":true,"href":"https:\/\/paginacero.com.uy\/index.php?rest_route=\/wp\/v2\/users\/4"}],"replies":[{"embeddable":true,"href":"https:\/\/paginacero.com.uy\/index.php?rest_route=%2Fwp%2Fv2%2Fcomments&post=5785"}],"version-history":[{"count":1,"href":"https:\/\/paginacero.com.uy\/index.php?rest_route=\/wp\/v2\/posts\/5785\/revisions"}],"predecessor-version":[{"id":5787,"href":"https:\/\/paginacero.com.uy\/index.php?rest_route=\/wp\/v2\/posts\/5785\/revisions\/5787"}],"wp:featuredmedia":[{"embeddable":true,"href":"https:\/\/paginacero.com.uy\/index.php?rest_route=\/wp\/v2\/media\/5786"}],"wp:attachment":[{"href":"https:\/\/paginacero.com.uy\/index.php?rest_route=%2Fwp%2Fv2%2Fmedia&parent=5785"}],"wp:term":[{"taxonomy":"category","embeddable":true,"href":"https:\/\/paginacero.com.uy\/index.php?rest_route=%2Fwp%2Fv2%2Fcategories&post=5785"},{"taxonomy":"post_tag","embeddable":true,"href":"https:\/\/paginacero.com.uy\/index.php?rest_route=%2Fwp%2Fv2%2Ftags&post=5785"}],"curies":[{"name":"wp","href":"https:\/\/api.w.org\/{rel}","templated":true}]}}