{"id":5782,"date":"2024-10-07T18:26:45","date_gmt":"2024-10-07T21:26:45","guid":{"rendered":"https:\/\/paginacero.com.uy\/?p=5782"},"modified":"2024-10-07T18:26:45","modified_gmt":"2024-10-07T21:26:45","slug":"plaza-rodo-fue-lugar-del-agite-del-frente-amplio","status":"publish","type":"post","link":"https:\/\/paginacero.com.uy\/?p=5782","title":{"rendered":"Plaza Rod\u00f3 fue lugar del \u201cAgite\u201d del Frente Amplio"},"content":{"rendered":"<p><strong>El domingo de noche la plaza Jos\u00e9 Enrique Rod\u00f3 recibi\u00f3 un importante marco de p\u00fablico en la convocatoria de la Lista 60995, que postula a la Diputaci\u00f3n a \u00a0Alberto \u201cTito\u201d Fumero<!--more--><\/strong><\/p>\n<p><span style=\"font-size: large;\">La actividad adem\u00e1s de la presencia de los dirigentes nacionales del sector, como\u00a0<b>Alejandro \u00abPacha\u00bb S\u00e1nchez<\/b>\u00a0y la ex conductora de Subrayado de Canal 10,<b>\u00a0Blanca Rodr\u00edguez,<\/b>\u00a0registr\u00f3 un momento musical \u00fanico con la presencia de un \u00edcono de la m\u00fasica como<b>\u00a0Ruben Rada<\/b>.<br \/>\n<\/span><\/p>\n<div><span style=\"font-size: large;\"><b>Fumero<\/b>, a quien tambi\u00e9n se le unieron con el paso de los minutos sobre el escenario varios dirigentes locales referentes como el\u00a0<b>Dr. Fernando Delgado Prieto, Laura Baldenegro,\u00a0<\/b>destac\u00f3 la importancia de la uni\u00f3n de todos los sectores que componen la fuerza de izquierda en el departamento y a nivel nacional, hacia las elecciones del domingo 27 de octubre.<\/span><\/div>\n","protected":false},"excerpt":{"rendered":"<p>El domingo de noche la plaza Jos\u00e9 Enrique Rod\u00f3 recibi\u00f3 un importante marco de p\u00fablico en la convocatoria de la Lista 60995, que postula a la Diputaci\u00f3n a \u00a0Alberto \u201cTito\u201d Fumero<\/p>\n","protected":false},"author":4,"featured_media":5783,"comment_status":"closed","ping_status":"closed","sticky":false,"template":"","format":"standard","meta":{"footnotes":""},"categories":[5],"tags":[],"class_list":["post-5782","post","type-post","status-publish","format-standard","has-post-thumbnail","hentry","category-durazno"],"_links":{"self":[{"href":"https:\/\/paginacero.com.uy\/index.php?rest_route=\/wp\/v2\/posts\/5782","targetHints":{"allow":["GET"]}}],"collection":[{"href":"https:\/\/paginacero.com.uy\/index.php?rest_route=\/wp\/v2\/posts"}],"about":[{"href":"https:\/\/paginacero.com.uy\/index.php?rest_route=\/wp\/v2\/types\/post"}],"author":[{"embeddable":true,"href":"https:\/\/paginacero.com.uy\/index.php?rest_route=\/wp\/v2\/users\/4"}],"replies":[{"embeddable":true,"href":"https:\/\/paginacero.com.uy\/index.php?rest_route=%2Fwp%2Fv2%2Fcomments&post=5782"}],"version-history":[{"count":1,"href":"https:\/\/paginacero.com.uy\/index.php?rest_route=\/wp\/v2\/posts\/5782\/revisions"}],"predecessor-version":[{"id":5784,"href":"https:\/\/paginacero.com.uy\/index.php?rest_route=\/wp\/v2\/posts\/5782\/revisions\/5784"}],"wp:featuredmedia":[{"embeddable":true,"href":"https:\/\/paginacero.com.uy\/index.php?rest_route=\/wp\/v2\/media\/5783"}],"wp:attachment":[{"href":"https:\/\/paginacero.com.uy\/index.php?rest_route=%2Fwp%2Fv2%2Fmedia&parent=5782"}],"wp:term":[{"taxonomy":"category","embeddable":true,"href":"https:\/\/paginacero.com.uy\/index.php?rest_route=%2Fwp%2Fv2%2Fcategories&post=5782"},{"taxonomy":"post_tag","embeddable":true,"href":"https:\/\/paginacero.com.uy\/index.php?rest_route=%2Fwp%2Fv2%2Ftags&post=5782"}],"curies":[{"name":"wp","href":"https:\/\/api.w.org\/{rel}","templated":true}]}}