{"id":5779,"date":"2024-10-07T17:08:48","date_gmt":"2024-10-07T20:08:48","guid":{"rendered":"https:\/\/paginacero.com.uy\/?p=5779"},"modified":"2024-10-07T17:08:48","modified_gmt":"2024-10-07T20:08:48","slug":"covicipol-dio-un-gran-paso-hacia-la-vivienda-propia","status":"publish","type":"post","link":"https:\/\/paginacero.com.uy\/?p=5779","title":{"rendered":"Covicipol dio un gran paso hacia la vivienda propia"},"content":{"rendered":"<p><strong>La\u00a0Cooperativa de Viviendas de Civiles y Policiales (Covicipol) realiz\u00f3 el s\u00e1bado la ceremonia de sorteo de llaves de las\u00a032 familias\u00a0que integran el grupo del nuevo n\u00facleo habitacional que est\u00e1 ubicado en el predio de la denominada \u201ccartera de tierras\u201d, en la zona del\u00a0Barrio Uni\u00f3n, calle Emilio Rossi e Isabel Colombie,\u00a0al Oeste de la ciudad de Durazno.<\/strong><!--more--><\/p>\n<p><span style=\"font-size: large;\">El acceso a la vivienda se producir\u00e1 luego de que quede habilitada la finalizaci\u00f3n de obra, inform\u00f3 el Presidente de Covicipol, Mart\u00edn Varela, quien se\u00f1al\u00f3 que la obra se compone de 22 viviendas de dos dormitorios; 8 de tres dormitorios y 2 de cuatro dormitorios.<br \/>\n\u201cCon la entrega de las llaves mediante sorteo, ahora cada familia ya sabe que vivienda le corresponde y en la que vivir\u00e1, pero nos est\u00e1n faltando los servicios b\u00e1sicos para dar finalizaci\u00f3n de obras\u00bb, dijo a\u00a0<b>P\u00e1gina Cero<\/b>, el Presidente de la instituci\u00f3n,\u00a0<b>Mat\u00edn Varela.<\/b><br \/>\n<\/span><\/p>\n<div><span style=\"font-size: large;\">Se\u00f1al\u00f3 que la obra civil est\u00e1 totalmente finalizada, \u201cnos est\u00e1 faltando el servicio de luz y agua y ahora como hicimos el sorteo, ya cada uno sabemos que vivienda nos pertenece y arrancamos con los tr\u00e1mites y una vez terminados dar\u00edamos finalizaci\u00f3n de obra y podemos acceder a las mismas\u201d.<br \/>\n<\/span><\/div>\n<div><span style=\"font-size: large;\">\u00a0<\/span><\/div>\n<p><span style=\"font-size: large;\"><b><span>Vidal\u00edn: \u00ab<\/span><span>sentimiento de alegr\u00eda que nos colma de felicidad<\/span>\u00ab<\/b><br \/>\n<span>En la actividad cumplida el s\u00e1bado de tarde, que cont\u00f3 con gran afluencia de cooperativistas, sus familias, vecinos y autoridades, por la Intendencia de Durazno en representaci\u00f3n del Intendente Departamental,\u00a0<b>Carmelo Vidal\u00edn<\/b>\u00a0-que por motivos de agenda no pudo estar presente en el lugar- \u00a0estuvieron el\u00a0<b>Secretario General Dr. Andr\u00e9s Lesa Miraldo<\/b>;\u00a0<b>Prosecretario, Dr. Diego Avila<\/b>\u00a0y\u00a0<b>Juan Jos\u00e9 Bruno,<\/b>\u00a0referente en el \u00e1rea de vivienda.<br \/>\n<\/span><\/span><\/p>\n<div><span style=\"font-size: large;\">En la misiva Vidal\u00edn felicit\u00f3 a las familias de Covicipol, \u201cacompa\u00f1o hoy el sentimiento de alegr\u00eda que est\u00e1n experimentando, ya que es el fin de un camino que hemos recorrido juntos, pero que a su vez es el inicio de una nueva etapa en sus vidas. La casa propia es el sue\u00f1o que todos anhelamos, y como gobernante de este departamento, sentir que los ciudadanos cumplen sus sue\u00f1os y nuestra ciudad capital sigue creciendo notoriamente, colma de felicidad nuestros corazones\u201d.<\/span><\/div>\n","protected":false},"excerpt":{"rendered":"<p>La\u00a0Cooperativa de Viviendas de Civiles y Policiales (Covicipol) realiz\u00f3 el s\u00e1bado la ceremonia de sorteo de llaves de las\u00a032 familias\u00a0que integran el grupo del nuevo n\u00facleo habitacional que est\u00e1 ubicado en el predio de la denominada \u201ccartera de tierras\u201d, en la zona del\u00a0Barrio Uni\u00f3n, calle Emilio Rossi e Isabel Colombie,\u00a0al Oeste de la ciudad de [&hellip;]<\/p>\n","protected":false},"author":4,"featured_media":5780,"comment_status":"closed","ping_status":"closed","sticky":false,"template":"","format":"standard","meta":{"footnotes":""},"categories":[5],"tags":[],"class_list":["post-5779","post","type-post","status-publish","format-standard","has-post-thumbnail","hentry","category-durazno"],"_links":{"self":[{"href":"https:\/\/paginacero.com.uy\/index.php?rest_route=\/wp\/v2\/posts\/5779","targetHints":{"allow":["GET"]}}],"collection":[{"href":"https:\/\/paginacero.com.uy\/index.php?rest_route=\/wp\/v2\/posts"}],"about":[{"href":"https:\/\/paginacero.com.uy\/index.php?rest_route=\/wp\/v2\/types\/post"}],"author":[{"embeddable":true,"href":"https:\/\/paginacero.com.uy\/index.php?rest_route=\/wp\/v2\/users\/4"}],"replies":[{"embeddable":true,"href":"https:\/\/paginacero.com.uy\/index.php?rest_route=%2Fwp%2Fv2%2Fcomments&post=5779"}],"version-history":[{"count":1,"href":"https:\/\/paginacero.com.uy\/index.php?rest_route=\/wp\/v2\/posts\/5779\/revisions"}],"predecessor-version":[{"id":5781,"href":"https:\/\/paginacero.com.uy\/index.php?rest_route=\/wp\/v2\/posts\/5779\/revisions\/5781"}],"wp:featuredmedia":[{"embeddable":true,"href":"https:\/\/paginacero.com.uy\/index.php?rest_route=\/wp\/v2\/media\/5780"}],"wp:attachment":[{"href":"https:\/\/paginacero.com.uy\/index.php?rest_route=%2Fwp%2Fv2%2Fmedia&parent=5779"}],"wp:term":[{"taxonomy":"category","embeddable":true,"href":"https:\/\/paginacero.com.uy\/index.php?rest_route=%2Fwp%2Fv2%2Fcategories&post=5779"},{"taxonomy":"post_tag","embeddable":true,"href":"https:\/\/paginacero.com.uy\/index.php?rest_route=%2Fwp%2Fv2%2Ftags&post=5779"}],"curies":[{"name":"wp","href":"https:\/\/api.w.org\/{rel}","templated":true}]}}