{"id":5770,"date":"2024-10-04T10:06:29","date_gmt":"2024-10-04T13:06:29","guid":{"rendered":"https:\/\/paginacero.com.uy\/?p=5770"},"modified":"2024-10-04T10:06:29","modified_gmt":"2024-10-04T13:06:29","slug":"duraznenses-estaran-en-el-parlamento-juvenil-del-mercosur","status":"publish","type":"post","link":"https:\/\/paginacero.com.uy\/?p=5770","title":{"rendered":"Duraznenses estar\u00e1n en el Parlamento Juvenil del Mercosur."},"content":{"rendered":"<p><strong>Estudiantes de tres liceos del departamento presentar\u00e1n sus propuestas en Montevideo en el\u00a0<span id=\"geom_inter_1728047100817_40_25\">Parlamento Juvenil Mercosur, un programa que busca promover el debate y la participaci\u00f3n de j\u00f3venes estudiantes de los pa\u00edses miembros del bloque, y que tendr\u00e1 lugar una vez m\u00e1s este a\u00f1o.<\/span><\/strong><!--more--><\/p>\n<p id=\"geom_inter_1728047104781_3_35\" dir=\"ltr\"><span id=\"geom_inter_1728047104780_32_34\">Estudiantes de los liceos de La Paloma; \u00abDr. Francisco R\u00edos\u00bb de Sarand\u00ed del Yi y \u00abDr. Miguel C. Rubino\u00bb, de la ciudad de Durazno, han sido seleccionados para representar al departamento en esta instancia nacional que se desarrollar\u00e1 el pr\u00f3ximo 4 de octubre en Montevideo.<\/span><\/p>\n<p id=\"geom_inter_1728047138774_48_39\" dir=\"ltr\"><span id=\"geom_inter_1728047135771_75_38\">Los j\u00f3venes participantes son Facundo Moreira, Carolina Mart\u00ednez, Paulina Rodr\u00edguez y Katherine Coito\u00f1o, del Liceo de Sarand\u00ed del Y\u00ed; Valentina Bares y Eilen Girona, del Liceo de La Paloma; y Thiago Ruso, del Liceo Miguel Rubino. Todos ellos estar\u00e1n acompa\u00f1ados por la docente Natalia Cama\u00f1o, quien ha sido una gu\u00eda clave en la preparaci\u00f3n de los estudiantes para esta importante jornada.<\/span><\/p>\n<p><strong>Actividades a desarrollar\u00a0<\/strong><\/p>\n<p dir=\"ltr\">El programa, que comenz\u00f3 en 2008, est\u00e1 dirigido a estudiantes de 1\u00b0 y 2\u00b0 a\u00f1o de bachillerato, y su objetivo principal es fomentar la reflexi\u00f3n y el trabajo colaborativo sobre diversos temas sociales. Los j\u00f3venes debaten en torno a siete ejes tem\u00e1ticos: Derechos Humanos, Participaci\u00f3n Ciudadana, J\u00f3venes y Trabajo, Integraci\u00f3n Regional, Inclusi\u00f3n Educativa, G\u00e9nero, y Medio Ambiente y Desarrollo. A trav\u00e9s de talleres, los estudiantes adquieren herramientas te\u00f3ricas y pr\u00e1cticas que les permiten elaborar propuestas concretas para enfrentar los desaf\u00edos de sus comunidades.<\/p>\n<p id=\"geom_inter_1728047139775_7_41\" dir=\"ltr\"><span id=\"geom_inter_1728047139775_65_40\">El evento culminar\u00e1 con una jornada en el Palacio Legislativo, donde los j\u00f3venes de todo el pa\u00eds presentar\u00e1n sus propuestas en una sesi\u00f3n que busca fomentar el di\u00e1logo y la participaci\u00f3n juvenil en la toma de decisiones. Los estudiantes duraznenses tendr\u00e1n la oportunidad de compartir sus ideas y debatir con sus pares de otros departamentos, en una instancia que refuerza el compromiso democr\u00e1tico y la integraci\u00f3n regional.<\/span><\/p>\n<p>Los participantes brindaron un \u00aba<span id=\"geom_inter_1728047139776_89_42\">gradecimiento especial a las directoras Mag. Prof. Adriana Madriaga, del Liceo de Sarand\u00ed del Yi, Prof. Luc\u00eda L\u00f3pez da Cunha, del Liceo de La Paloma; y Prof. Yolanda Sosa, del Liceo Dr. Miguel C. Rubino de Durazno, por su apoyo y colaboraci\u00f3n constante en el desarrollo de este proceso formativo. Gracias a su compromiso, los j\u00f3venes cuentan con el respaldo y las herramientas necesarias para participar activamente en esta experiencia \u00fanica\u00bb.<\/span><\/p>\n<p id=\"geom_inter_1728047140776_29_48\" dir=\"ltr\"><span id=\"geom_inter_1728047140774_82_43\">El Parlamento Juvenil Mercosur es un espacio clave para la formaci\u00f3n de futuros l\u00edderes, y los estudiantes de Durazno se destacan una vez m\u00e1s por su participaci\u00f3n activa en este tipo de iniciativas. Al finalizar la jornada, se seleccionar\u00e1 un delegado nacional que representar\u00e1 a Uruguay en el encuentro internacional que se llevar\u00e1 a cabo el pr\u00f3ximo a\u00f1o en Brasil.<\/span><\/p>\n<p id=\"geom_inter_1728047140774_80_44\" dir=\"ltr\"><span id=\"geom_inter_1728047140774_11_45\">Los j\u00f3venes se preparan con entusiasmo para esta importante experiencia, con la convicci\u00f3n de que sus propuestas podr\u00e1n generar un impacto positivo en la sociedad y contribuir al desarrollo del Mercosur desde una perspectiva juvenil.<\/span><\/p>\n","protected":false},"excerpt":{"rendered":"<p>Estudiantes de tres liceos del departamento presentar\u00e1n sus propuestas en Montevideo en el\u00a0Parlamento Juvenil Mercosur, un programa que busca promover el debate y la participaci\u00f3n de j\u00f3venes estudiantes de los pa\u00edses miembros del bloque, y que tendr\u00e1 lugar una vez m\u00e1s este a\u00f1o.<\/p>\n","protected":false},"author":4,"featured_media":5771,"comment_status":"closed","ping_status":"closed","sticky":false,"template":"","format":"standard","meta":{"footnotes":""},"categories":[5],"tags":[],"class_list":["post-5770","post","type-post","status-publish","format-standard","has-post-thumbnail","hentry","category-durazno"],"_links":{"self":[{"href":"https:\/\/paginacero.com.uy\/index.php?rest_route=\/wp\/v2\/posts\/5770","targetHints":{"allow":["GET"]}}],"collection":[{"href":"https:\/\/paginacero.com.uy\/index.php?rest_route=\/wp\/v2\/posts"}],"about":[{"href":"https:\/\/paginacero.com.uy\/index.php?rest_route=\/wp\/v2\/types\/post"}],"author":[{"embeddable":true,"href":"https:\/\/paginacero.com.uy\/index.php?rest_route=\/wp\/v2\/users\/4"}],"replies":[{"embeddable":true,"href":"https:\/\/paginacero.com.uy\/index.php?rest_route=%2Fwp%2Fv2%2Fcomments&post=5770"}],"version-history":[{"count":1,"href":"https:\/\/paginacero.com.uy\/index.php?rest_route=\/wp\/v2\/posts\/5770\/revisions"}],"predecessor-version":[{"id":5772,"href":"https:\/\/paginacero.com.uy\/index.php?rest_route=\/wp\/v2\/posts\/5770\/revisions\/5772"}],"wp:featuredmedia":[{"embeddable":true,"href":"https:\/\/paginacero.com.uy\/index.php?rest_route=\/wp\/v2\/media\/5771"}],"wp:attachment":[{"href":"https:\/\/paginacero.com.uy\/index.php?rest_route=%2Fwp%2Fv2%2Fmedia&parent=5770"}],"wp:term":[{"taxonomy":"category","embeddable":true,"href":"https:\/\/paginacero.com.uy\/index.php?rest_route=%2Fwp%2Fv2%2Fcategories&post=5770"},{"taxonomy":"post_tag","embeddable":true,"href":"https:\/\/paginacero.com.uy\/index.php?rest_route=%2Fwp%2Fv2%2Ftags&post=5770"}],"curies":[{"name":"wp","href":"https:\/\/api.w.org\/{rel}","templated":true}]}}