{"id":5757,"date":"2024-10-02T16:38:44","date_gmt":"2024-10-02T19:38:44","guid":{"rendered":"https:\/\/paginacero.com.uy\/?p=5757"},"modified":"2024-10-02T16:38:44","modified_gmt":"2024-10-02T19:38:44","slug":"comunidad-carmense-de-festejos-en-fin-de-semana","status":"publish","type":"post","link":"https:\/\/paginacero.com.uy\/?p=5757","title":{"rendered":"Comunidad carmense de festejos en fin de semana"},"content":{"rendered":"<p><strong>Con variadas propuestas para toda la comunidad, el Municipio de Ciudad del Carmen, contin\u00faa una variada gama de actividades y celebraciones.<\/strong><!--more--><\/p>\n<p><span id=\"geom_inter_1727897817391_2_47\" style=\"font-size: large;\">El\u00a0<b>\u00abpueblo del mejor pan y el mejor vino\u00bb<\/b>, realiza los d\u00edas s\u00e1bado 5 y domingo 6 de octubre, en el marco del \u00abD\u00eda del Patrimonio\u00bb, la celebraci\u00f3n por los 150 a\u00f1os de la Vitivinicultura en Uruguay, con una expo visual en el local de la Liga del Trabajo del Carmen, comenzando a la hora 14.00.<br \/>\n\u00abVen a conocer m\u00e1s sobre la historia de nuestra vitivinicultura y disfrutar de una muestra visual que destacar\u00e1 los momentos m\u00e1s emblem\u00e1ticos de esta rica tradici\u00f3n\u00bb, destaca la invitaci\u00f3n<br \/>\nEl\u00a0<b id=\"geom_inter_1727897857402_5_48\">Alcalde Fernando Rodr\u00edguez Remedios,<\/b>\u00a0inform\u00f3 que se llev\u00f3 a cabo el 2\u00ba Encuentro de Newcom en Ciudad del Carmen, organizado por \u00abGal\u00e1cticos Carmenses\u00bb.<br \/>\n<\/span><\/p>\n<div id=\"geom_inter_1727897860420_35_50\"><span id=\"geom_inter_1727897860403_38_49\" style=\"font-size: large;\">\u00abLa jornada fue completa y recibimos delegaciones de diversas localidades, como Centenario, Paso de los Toros, Tacuaremb\u00f3, Durazno. El Municipio brind\u00f3 su apoyo, lo que permiti\u00f3 y el cierre de la actividad estuvo a cargo del D\u00fao Sin Fronteras\u00bb.<\/span><\/div>\n<p><span id=\"geom_inter_1727897861419_37_53\" style=\"font-size: large;\"><b>Otras importantes actividades<\/b><br \/>\n<b>S\u00e1bado 5 de Octubre<\/b>, hora 14.00 Apertura de la Expoactiva (Fotograf\u00edas, Audiovisuales, Espacio Art\u00edstico).<br \/>\nPresentaci\u00f3n de Espacio Ciencia y Pl\u00e1stica, a cargo de\u00a0<b>Docentes y Alumnos de UTU Anexo Carmen\u00a0<\/b>y exposici\u00f3n del afiche del proyecto; hora 15 Representaci\u00f3n de la\u00a0<b>Biograf\u00eda de Andr\u00e9s Faraut Peirani<\/b>\u00a0(trabajo realizado por alumnos del Liceo Carmen, supervisados por las\u00a0<b>Prof. Laura Yaque y Maika Franco,\u00a0<\/b>sobre fragmentos relatados por\u00a0<b>su bisnieta Patricia Olivera Faraut<\/b>\u00a0de su libro \u00abMi Poncho, Mi Vida; Amor, Vida y Familia\u00bb y cap\u00edtulos del<b id=\"geom_inter_1727897861417_2_51\">\u00a0Libro \u00abBodega Faraut\u00bb<\/b><br \/>\nHora 16.00 \u00abEl Carmen: regi\u00f3n Vitivin\u00edcola diferenciada\u00bb, presentaci\u00f3n del\u00a0<b id=\"geom_inter_1727897861418_13_52\">En\u00f3logo Javier Alegresa Zerboni\u00a0<\/b>(Establecimiento \u00abEl Capricho\u00bb).<br \/>\nHora 17.00: La intrigante influencia de la Uva en el Arte (charla realizada por\u00a0<b>Prof. Washington M\u00e9ndez<\/b>)<br \/>\n<b>Domingo 6 de Octubre<\/b>, hora 14.00 Apertura de la Expo Activa<br \/>\nHora 15.00,\u00a0<b>Por el Pan y el Vino somos Din\u00e1mica Labor<\/b>\u00a0(frase que identifica al Escudo de Carmen); danza realizada por alumnas\u00a0<b>Liceo Carmen y UTU (Prof. Virginia Alvarez Ballarini)<\/b>, sobre canciones escritas por m\u00fasicos carmenses e interpretadas por Grupo Coral Carmense, dirigido por\u00a0<b>Prof. Pierino Techera.<\/b><br \/>\nHora 15.30, Ingreso de la Vitivinicultura en Am\u00e9rica, Uruguay y el Carmen, Conferencia y demostraciones pr\u00e1cticas del\u00a0<b>En\u00f3logo Pedro Gonz\u00e1lez Santiago<\/b>.<br \/>\nHora 16.30, Recitado del vecino<b>\u00a0Ignacio Gonz\u00e1lez<br \/>\n<\/b><\/span><\/p>\n<div id=\"geom_inter_1727897862429_67_57\"><span id=\"geom_inter_1727897862416_18_54\" style=\"font-size: large;\">Hora 17.00,\u00a0<b>Micr\u00f3fono Abierto<\/b>: an\u00e9cdotas vivas y espont\u00e1neas de bisnietos de Don Andr\u00e9s Faraut Peirani, as\u00ed como tambi\u00e9n trabajadores de las vi\u00f1as y bodega de diferentes generaciones.<\/span><\/div>\n<div id=\"geom_inter_1727897862418_41_55\"><span style=\"font-size: large;\">\u00a0<\/span><\/div>\n<p><span id=\"geom_inter_1727897862419_84_56\" style=\"font-size: large;\"><b>Deportes con 6K Ciudad del Carmen<\/b><br \/>\nEn el marco de las celebraciones por el\u00a0<b id=\"geom_inter_1727897862430_34_58\">150 aniversario de Ciudad del Carmen<\/b>, se invita a participar en la gran competencia de 6k organizada por la Escuela de Triatl\u00f3n.<br \/>\nSer\u00e1 el s\u00e1bado\u00a0<b>5 de Octubre\u00a0<\/b>de 2024, a la hora 15.00, en Ciudad del Carmen, siendo las categor\u00edas y distancias las siguientes:<br \/>\nNi\u00f1os (3 a 5 a\u00f1os y 6 a 12 a\u00f1os) 400 metros; Ni\u00f1os hasta 12 a\u00f1os: 600 metros; Juveniles (hasta 17 a\u00f1os) 4 kil\u00f3metros; Mayores 18 a 29 a\u00f1os: 6 kil\u00f3metros; de 30 a 39 a\u00f1os 6 kil\u00f3metros; de 40 a 49 a\u00f1os 6 kil\u00f3metros y 50 a\u00f1os en adelante 6 kil\u00f3metros; Correcaminata: 2 kil\u00f3metros<br \/>\n<b>Premios:<\/b>\u00a0Trofeos para los tres primeros puestos en todas las categor\u00edas (varones y damas); Medallas para los primeros puestos de la categor\u00eda promocional y correcaminata 2 kil\u00f3metros.<\/span><\/p>\n","protected":false},"excerpt":{"rendered":"<p>Con variadas propuestas para toda la comunidad, el Municipio de Ciudad del Carmen, contin\u00faa una variada gama de actividades y celebraciones.<\/p>\n","protected":false},"author":4,"featured_media":5758,"comment_status":"closed","ping_status":"closed","sticky":false,"template":"","format":"standard","meta":{"footnotes":""},"categories":[5],"tags":[],"class_list":["post-5757","post","type-post","status-publish","format-standard","has-post-thumbnail","hentry","category-durazno"],"_links":{"self":[{"href":"https:\/\/paginacero.com.uy\/index.php?rest_route=\/wp\/v2\/posts\/5757","targetHints":{"allow":["GET"]}}],"collection":[{"href":"https:\/\/paginacero.com.uy\/index.php?rest_route=\/wp\/v2\/posts"}],"about":[{"href":"https:\/\/paginacero.com.uy\/index.php?rest_route=\/wp\/v2\/types\/post"}],"author":[{"embeddable":true,"href":"https:\/\/paginacero.com.uy\/index.php?rest_route=\/wp\/v2\/users\/4"}],"replies":[{"embeddable":true,"href":"https:\/\/paginacero.com.uy\/index.php?rest_route=%2Fwp%2Fv2%2Fcomments&post=5757"}],"version-history":[{"count":1,"href":"https:\/\/paginacero.com.uy\/index.php?rest_route=\/wp\/v2\/posts\/5757\/revisions"}],"predecessor-version":[{"id":5759,"href":"https:\/\/paginacero.com.uy\/index.php?rest_route=\/wp\/v2\/posts\/5757\/revisions\/5759"}],"wp:featuredmedia":[{"embeddable":true,"href":"https:\/\/paginacero.com.uy\/index.php?rest_route=\/wp\/v2\/media\/5758"}],"wp:attachment":[{"href":"https:\/\/paginacero.com.uy\/index.php?rest_route=%2Fwp%2Fv2%2Fmedia&parent=5757"}],"wp:term":[{"taxonomy":"category","embeddable":true,"href":"https:\/\/paginacero.com.uy\/index.php?rest_route=%2Fwp%2Fv2%2Fcategories&post=5757"},{"taxonomy":"post_tag","embeddable":true,"href":"https:\/\/paginacero.com.uy\/index.php?rest_route=%2Fwp%2Fv2%2Ftags&post=5757"}],"curies":[{"name":"wp","href":"https:\/\/api.w.org\/{rel}","templated":true}]}}