{"id":5689,"date":"2024-09-23T21:19:45","date_gmt":"2024-09-24T00:19:45","guid":{"rendered":"https:\/\/paginacero.com.uy\/?p=5689"},"modified":"2024-09-23T21:19:45","modified_gmt":"2024-09-24T00:19:45","slug":"amigas-y-amigos-4","status":"publish","type":"post","link":"https:\/\/paginacero.com.uy\/?p=5689","title":{"rendered":"\u00a1Amigas y amigos!"},"content":{"rendered":"<p><strong>Este jueves 26 a las 19 y 30 horas, \u201cPeque\u00f1o Cine de Durazno\u201d presenta la pel\u00eccula uruguaya \u201cCarmen Vidal mujer detective\u201d.<\/strong><!--more--><\/p>\n<p>Carmen Vidal es una detective privado adicta a la pizza, la cerveza y la marihuana que lucha contra un Senador criminal para vengar la muerte de su colega, en una comedia noir sobre la superaci\u00f3n personal, una revisi\u00f3n del cine negro desde una mirada moderna, femenina y latinoamericana. El universo en el que transcurre la pel\u00edcula se moldea en funci\u00f3n de las emociones de la protagonista m\u00e1s que de las investigaciones en curso.<\/p>\n<p>Texto y Direcci\u00f3n: Eva Dans.<br \/>\nElenco: Eva Dans, Leonor Courtoisie, Lulo Demarco, Nicol\u00e1s Luzardo, Alejandro Bello Contenti, Gimena Gonz\u00e1lez y Roberto Su\u00e1rez.<\/p>\n<p>ENTRADA LIBRE Y GRATUITA<\/p>\n<p>\u00a1Les esperamos!<\/p>\n","protected":false},"excerpt":{"rendered":"<p>Este jueves 26 a las 19 y 30 horas, \u201cPeque\u00f1o Cine de Durazno\u201d presenta la pel\u00eccula uruguaya \u201cCarmen Vidal mujer detective\u201d.<\/p>\n","protected":false},"author":4,"featured_media":5690,"comment_status":"closed","ping_status":"closed","sticky":false,"template":"","format":"standard","meta":{"_monsterinsights_skip_tracking":false,"_monsterinsights_sitenote_active":false,"_monsterinsights_sitenote_note":"","_monsterinsights_sitenote_category":0,"footnotes":""},"categories":[5,14],"tags":[],"class_list":["post-5689","post","type-post","status-publish","format-standard","has-post-thumbnail","hentry","category-durazno","category-espectaculos"],"_links":{"self":[{"href":"https:\/\/paginacero.com.uy\/index.php?rest_route=\/wp\/v2\/posts\/5689","targetHints":{"allow":["GET"]}}],"collection":[{"href":"https:\/\/paginacero.com.uy\/index.php?rest_route=\/wp\/v2\/posts"}],"about":[{"href":"https:\/\/paginacero.com.uy\/index.php?rest_route=\/wp\/v2\/types\/post"}],"author":[{"embeddable":true,"href":"https:\/\/paginacero.com.uy\/index.php?rest_route=\/wp\/v2\/users\/4"}],"replies":[{"embeddable":true,"href":"https:\/\/paginacero.com.uy\/index.php?rest_route=%2Fwp%2Fv2%2Fcomments&post=5689"}],"version-history":[{"count":1,"href":"https:\/\/paginacero.com.uy\/index.php?rest_route=\/wp\/v2\/posts\/5689\/revisions"}],"predecessor-version":[{"id":5691,"href":"https:\/\/paginacero.com.uy\/index.php?rest_route=\/wp\/v2\/posts\/5689\/revisions\/5691"}],"wp:featuredmedia":[{"embeddable":true,"href":"https:\/\/paginacero.com.uy\/index.php?rest_route=\/wp\/v2\/media\/5690"}],"wp:attachment":[{"href":"https:\/\/paginacero.com.uy\/index.php?rest_route=%2Fwp%2Fv2%2Fmedia&parent=5689"}],"wp:term":[{"taxonomy":"category","embeddable":true,"href":"https:\/\/paginacero.com.uy\/index.php?rest_route=%2Fwp%2Fv2%2Fcategories&post=5689"},{"taxonomy":"post_tag","embeddable":true,"href":"https:\/\/paginacero.com.uy\/index.php?rest_route=%2Fwp%2Fv2%2Ftags&post=5689"}],"curies":[{"name":"wp","href":"https:\/\/api.w.org\/{rel}","templated":true}]}}