{"id":5683,"date":"2024-09-23T16:09:13","date_gmt":"2024-09-23T19:09:13","guid":{"rendered":"https:\/\/paginacero.com.uy\/?p=5683"},"modified":"2024-09-23T16:09:13","modified_gmt":"2024-09-23T19:09:13","slug":"wanderers-recupero-liderato-santa-bernardina-gano-el-clasico-militar","status":"publish","type":"post","link":"https:\/\/paginacero.com.uy\/?p=5683","title":{"rendered":"Wanderers recuper\u00f3 liderato; Santa Bernardina gan\u00f3 el \u00abcl\u00e1sico militar\u00bb"},"content":{"rendered":"<p><strong>Por la temporada 2024 denominada \u00abPablo F\u00e9lix Nossar Lafluf\u00bb, se jug\u00f3 la 5ta fecha de los torneos de Primera Divisi\u00f3n y Sub 17.<\/strong><!--more--><\/p>\n<div id=\"geom_inter_1727118444963_84_17\" dir=\"auto\">En Mayores, Wanderers logr\u00f3 una gran victoria ante el vigente Campe\u00f3n, Central por 3-2 y retom\u00f3 la punta del torneo.<\/div>\n<div dir=\"auto\">Santa Bernardina jugando de visitante se alz\u00f3 con el \u00abcl\u00e1sico militar\u00bb, ganando 2-1.<\/div>\n<div id=\"geom_inter_1727118445951_45_19\" dir=\"auto\"><\/div>\n<div id=\"geom_inter_1727118489942_71_20\" dir=\"auto\">En Sub 17 el l\u00edder es Juvenil, que le gan\u00f3 a Nacional 4-3 en el partido de gran intensidad jugado el domingo de ma\u00f1ana en cancha de Racing.<\/div>\n<div dir=\"auto\"><\/div>\n<div dir=\"auto\">Primera Divisi\u00f3n\u00a0 \u00abAna Gabriela Casanova M\u00e1s\u00bb<\/div>\n<div id=\"geom_inter_1727118489942_61_21\" dir=\"auto\"><\/div>\n<div id=\"geom_inter_1727118490946_44_27\" dir=\"auto\">Central 2 (15&#8242; Alexander Garc\u00eda; 96&#8242; Alexander Garc\u00eda, penal)<\/div>\n<div id=\"geom_inter_1727118489943_66_22\" dir=\"auto\">Wanderers 3 (6&#8242; Juan Ram\u00f3n Bolognini, penal; 48&#8242; Marcel S\u00e1nchez; 64&#8242; Juan Ram\u00f3n Bolognini)<\/div>\n<div dir=\"auto\"><\/div>\n<div id=\"geom_inter_1727118489943_56_23\" dir=\"auto\">Artigas 1 (60&#8242; Lionel Martinez, penal)<\/div>\n<div id=\"geom_inter_1727118490947_42_28\" dir=\"auto\">Santa Bernardina 2 (28&#8242; Enzo Pereira; 37&#8242; Brandon Martinez)<\/div>\n<div id=\"geom_inter_1727118489943_81_24\" dir=\"auto\"><\/div>\n<div id=\"geom_inter_1727118490947_52_29\" dir=\"auto\">La Lanera 0<\/div>\n<div dir=\"auto\">Sportivo Yi 1 (35&#8242; Maximiliano Gelpi)<\/div>\n<div id=\"geom_inter_1727118489943_84_25\" dir=\"auto\"><\/div>\n<div id=\"geom_inter_1727118490947_25_30\" dir=\"auto\">Rampla Juniors 0<\/div>\n<div dir=\"auto\">Molles FC 0<\/div>\n<div id=\"geom_inter_1727118489944_53_26\" dir=\"auto\"><\/div>\n<div id=\"geom_inter_1727118490948_60_31\" dir=\"auto\">Nacional 0<\/div>\n<div dir=\"auto\">Juvenil 0<\/div>\n<div dir=\"auto\"><\/div>\n<div id=\"geom_inter_1727118490948_74_32\" dir=\"auto\">Libre Racing<\/div>\n<div dir=\"auto\"><\/div>\n<div id=\"geom_inter_1727118491938_36_33\" dir=\"auto\">Posiciones: Wanderers 12; Racing y Sportivo Yi 10;\u00a0 Santa Bernardina 9;\u00a0 Juvenil 8; Central 7; Artigas 6; Molles FC y Nacional 4; Rampla Juniors 1; La Lanera 0.<\/div>\n<div dir=\"auto\"><\/div>\n<div id=\"geom_inter_1727118491938_40_34\" dir=\"auto\">-Sub 17 \u00abAlejandro Chiminelli\u00bb<\/div>\n<div dir=\"auto\"><\/div>\n<div id=\"geom_inter_1727118492948_36_40\" dir=\"auto\">La Lanera 1 Sportivo Yi 2<\/div>\n<div id=\"geom_inter_1727118491938_23_35\" dir=\"auto\">Rampla Juniors 1 Molles FC 6<\/div>\n<div dir=\"auto\">Nacional 3 Juvenil 4<\/div>\n<div id=\"geom_inter_1727118492949_84_41\" dir=\"auto\">Artigas 6 Santa Bernardina 2<\/div>\n<div id=\"geom_inter_1727118491938_45_36\" dir=\"auto\">Central 1 Wanderers 0<\/div>\n<div dir=\"auto\">Libre Racing<\/div>\n<div id=\"geom_inter_1727118492949_20_42\" dir=\"auto\"><\/div>\n<div id=\"geom_inter_1727118491938_72_37\" dir=\"auto\">Posiciones: Juvenil 13; Racing 12; Wanderers 10; Molles FC y Sportivo Yi y Central 9; La Lanera 7; Artigas 3; Nacional 1; Santa Bernardina y Rampla Juniors\u00a0 0<\/div>\n<div id=\"geom_inter_1727118491938_96_38\" dir=\"auto\"><\/div>\n<div id=\"geom_inter_1727118493936_28_45\" dir=\"auto\">Pr\u00f3xima fecha, 6ta (para ambas categor\u00edas):<\/div>\n<div id=\"geom_inter_1727118491939_72_39\" dir=\"auto\">Juvenil-Central; Rampla Juniors -La Lanera; Racing-Artigas; Sportivo Yi-Nacional y Molles FC-Wanderers. Libre: Santa Bernardina<\/div>\n<div id=\"geom_inter_1727118492950_18_43\" dir=\"auto\"><\/div>\n<div dir=\"auto\">(Fotos Valentina Ayala Lazo y Esc Mauricio Rodr\u00edguez).<\/div>\n","protected":false},"excerpt":{"rendered":"<p>Por la temporada 2024 denominada \u00abPablo F\u00e9lix Nossar Lafluf\u00bb, se jug\u00f3 la 5ta fecha de los torneos de Primera Divisi\u00f3n y Sub 17.<\/p>\n","protected":false},"author":4,"featured_media":5684,"comment_status":"closed","ping_status":"closed","sticky":false,"template":"","format":"standard","meta":{"_monsterinsights_skip_tracking":false,"_monsterinsights_sitenote_active":false,"_monsterinsights_sitenote_note":"","_monsterinsights_sitenote_category":0,"footnotes":""},"categories":[5,72],"tags":[],"class_list":["post-5683","post","type-post","status-publish","format-standard","has-post-thumbnail","hentry","category-durazno","category-futbol"],"_links":{"self":[{"href":"https:\/\/paginacero.com.uy\/index.php?rest_route=\/wp\/v2\/posts\/5683","targetHints":{"allow":["GET"]}}],"collection":[{"href":"https:\/\/paginacero.com.uy\/index.php?rest_route=\/wp\/v2\/posts"}],"about":[{"href":"https:\/\/paginacero.com.uy\/index.php?rest_route=\/wp\/v2\/types\/post"}],"author":[{"embeddable":true,"href":"https:\/\/paginacero.com.uy\/index.php?rest_route=\/wp\/v2\/users\/4"}],"replies":[{"embeddable":true,"href":"https:\/\/paginacero.com.uy\/index.php?rest_route=%2Fwp%2Fv2%2Fcomments&post=5683"}],"version-history":[{"count":1,"href":"https:\/\/paginacero.com.uy\/index.php?rest_route=\/wp\/v2\/posts\/5683\/revisions"}],"predecessor-version":[{"id":5685,"href":"https:\/\/paginacero.com.uy\/index.php?rest_route=\/wp\/v2\/posts\/5683\/revisions\/5685"}],"wp:featuredmedia":[{"embeddable":true,"href":"https:\/\/paginacero.com.uy\/index.php?rest_route=\/wp\/v2\/media\/5684"}],"wp:attachment":[{"href":"https:\/\/paginacero.com.uy\/index.php?rest_route=%2Fwp%2Fv2%2Fmedia&parent=5683"}],"wp:term":[{"taxonomy":"category","embeddable":true,"href":"https:\/\/paginacero.com.uy\/index.php?rest_route=%2Fwp%2Fv2%2Fcategories&post=5683"},{"taxonomy":"post_tag","embeddable":true,"href":"https:\/\/paginacero.com.uy\/index.php?rest_route=%2Fwp%2Fv2%2Ftags&post=5683"}],"curies":[{"name":"wp","href":"https:\/\/api.w.org\/{rel}","templated":true}]}}