{"id":5557,"date":"2024-09-09T20:08:05","date_gmt":"2024-09-09T23:08:05","guid":{"rendered":"https:\/\/paginacero.com.uy\/?p=5557"},"modified":"2024-09-09T20:08:05","modified_gmt":"2024-09-09T23:08:05","slug":"dfc-sad-derroto-a-rocha","status":"publish","type":"post","link":"https:\/\/paginacero.com.uy\/?p=5557","title":{"rendered":"DFC SAD derrot\u00f3 a Rocha"},"content":{"rendered":"<p><strong>Victoria decisiva para DFC SAD en la Primera Divisi\u00f3n Amateur<\/strong><!--more--><\/p>\n<p>El equipo formado en Durazno, con el nombre Asociaci\u00f3n Atl\u00e9tica Durazno FC, que tras su alejamiento de nuestra ciudad se radic\u00f3 en la zona Este del pa\u00eds y que ahora se denomina DFC SAD, logr\u00f3 el s\u00e1bado una importante victoria en sus aspiraciones de ingresar a la fase de definici\u00f3n del torneo de la Primera Divisi\u00f3n Amateur de la Asociaci\u00f3n Uruguaya de F\u00fatbol (AUF), con miras a lograr un cupo de ascenso a la Segunda Divisi\u00f3n profesional 2025. DFC derrot\u00f3 de visitante a Rocha FC en el estadio \u00abDr. Mario Sobrero\u00bb y de esa manera confirma el nivel que viene teniendo en el semestre. Por la d\u00e9cima fecha de la fase inicial, fue victoria 1 a 0 con gol de penal del experimentado Andr\u00e9s Rodales Ram\u00edrez. Recordamos que adem\u00e1s de Rodales, tambi\u00e9n est\u00e1n los duraznenses Lucas Mart\u00ednez Guanco y Facundo Samaniego Su\u00e1rez, adem\u00e1s de otros coterr\u00e1neos en las categor\u00edas formativas.<\/p>\n","protected":false},"excerpt":{"rendered":"<p>Victoria decisiva para DFC SAD en la Primera Divisi\u00f3n Amateur<\/p>\n","protected":false},"author":4,"featured_media":5558,"comment_status":"closed","ping_status":"closed","sticky":false,"template":"","format":"standard","meta":{"_monsterinsights_skip_tracking":false,"_monsterinsights_sitenote_active":false,"_monsterinsights_sitenote_note":"","_monsterinsights_sitenote_category":0,"footnotes":""},"categories":[5],"tags":[],"class_list":["post-5557","post","type-post","status-publish","format-standard","has-post-thumbnail","hentry","category-durazno"],"_links":{"self":[{"href":"https:\/\/paginacero.com.uy\/index.php?rest_route=\/wp\/v2\/posts\/5557","targetHints":{"allow":["GET"]}}],"collection":[{"href":"https:\/\/paginacero.com.uy\/index.php?rest_route=\/wp\/v2\/posts"}],"about":[{"href":"https:\/\/paginacero.com.uy\/index.php?rest_route=\/wp\/v2\/types\/post"}],"author":[{"embeddable":true,"href":"https:\/\/paginacero.com.uy\/index.php?rest_route=\/wp\/v2\/users\/4"}],"replies":[{"embeddable":true,"href":"https:\/\/paginacero.com.uy\/index.php?rest_route=%2Fwp%2Fv2%2Fcomments&post=5557"}],"version-history":[{"count":1,"href":"https:\/\/paginacero.com.uy\/index.php?rest_route=\/wp\/v2\/posts\/5557\/revisions"}],"predecessor-version":[{"id":5559,"href":"https:\/\/paginacero.com.uy\/index.php?rest_route=\/wp\/v2\/posts\/5557\/revisions\/5559"}],"wp:featuredmedia":[{"embeddable":true,"href":"https:\/\/paginacero.com.uy\/index.php?rest_route=\/wp\/v2\/media\/5558"}],"wp:attachment":[{"href":"https:\/\/paginacero.com.uy\/index.php?rest_route=%2Fwp%2Fv2%2Fmedia&parent=5557"}],"wp:term":[{"taxonomy":"category","embeddable":true,"href":"https:\/\/paginacero.com.uy\/index.php?rest_route=%2Fwp%2Fv2%2Fcategories&post=5557"},{"taxonomy":"post_tag","embeddable":true,"href":"https:\/\/paginacero.com.uy\/index.php?rest_route=%2Fwp%2Fv2%2Ftags&post=5557"}],"curies":[{"name":"wp","href":"https:\/\/api.w.org\/{rel}","templated":true}]}}