{"id":5542,"date":"2024-08-29T10:18:34","date_gmt":"2024-08-29T13:18:34","guid":{"rendered":"https:\/\/paginacero.com.uy\/?p=5542"},"modified":"2024-08-29T10:37:41","modified_gmt":"2024-08-29T13:37:41","slug":"suzana-davis-en-el-centenario-del-pueblo","status":"publish","type":"post","link":"https:\/\/paginacero.com.uy\/?p=5542","title":{"rendered":"SUZANA DAVIS EN EL CENTENARIO DEL PUEBLO"},"content":{"rendered":"<p><strong><span class=\"NormalTextRun SCXW164927276 BCX0\">H<\/span><span class=\"NormalTextRun SCXW164927276 BCX0\">it<\/span><span class=\"NormalTextRun SCXW164927276 BCX0\">os <\/span><span class=\"NormalTextRun SpellingErrorV2Themed SpellingErrorHighlight SCXW164927276 BCX0\">carmenses\u00a0<\/span><\/strong><\/p>\n<p><span class=\"NormalTextRun SpellingErrorV2Themed SCXW164927276 BCX0\">Disman<\/span> <span class=\"NormalTextRun SpellingErrorV2Themed SCXW164927276 BCX0\">Anchieri<\/span><span class=\"NormalTextRun SCXW164927276 BCX0\">\u00a0<\/span><\/p>\n<p><span class=\"TextRun SCXW122996887 BCX0\" lang=\"ES-MX\" xml:lang=\"ES-MX\" data-contrast=\"auto\"><span class=\"NormalTextRun SCXW122996887 BCX0\">A lo largo de <\/span><span class=\"NormalTextRun SCXW122996887 BCX0\">sus <\/span><span class=\"NormalTextRun SCXW122996887 BCX0\">150 a\u00f1os han sido muchos los h<\/span><span class=\"NormalTextRun SCXW122996887 BCX0\">echos<\/span><span class=\"NormalTextRun SCXW122996887 BCX0\"> vividos en el Carmen, ser\u00e1 imposible incluirlos<\/span><span class=\"NormalTextRun SCXW122996887 BCX0\"> a<\/span><span class=\"NormalTextRun SCXW122996887 BCX0\"> todos en estas notas, ni lo pretendemos, pero siguen surgiendo <\/span><span class=\"NormalTextRun SCXW122996887 BCX0\">acontecimientos<\/span><span class=\"NormalTextRun SCXW122996887 BCX0\"> que en su momento y hoy en el recuerdo, siguen consider\u00e1ndose importantes. Quiz\u00e1s las celebraciones del centenario pueden <\/span><span class=\"NormalTextRun ContextualSpellingAndGrammarErrorV2Themed SCXW122996887 BCX0\">calificarse<\/span><span class=\"NormalTextRun ContextualSpellingAndGrammarErrorV2Themed SCXW122996887 BCX0\">\u00a0 todas<\/span> <span class=\"NormalTextRun SCXW122996887 BCX0\">como <\/span><span class=\"NormalTextRun ContextualSpellingAndGrammarErrorV2Themed SCXW122996887 BCX0\">HITOS\u00a0 DESTACADOS<\/span><span class=\"NormalTextRun SCXW122996887 BCX0\"> y dentro de ellos la actividad h\u00edpica y el raid merecen especial atenci\u00f3n.\u00a0<\/span><\/span><span class=\"EOP SCXW122996887 BCX0\" data-ccp-props=\"{&quot;201341983&quot;:0,&quot;335559739&quot;:200,&quot;335559740&quot;:240}\">\u00a0<\/span><!--more--><\/p>\n<p><span data-contrast=\"auto\">En adhesi\u00f3n a las celebraciones por los 100 a\u00f1os, el Centro Recreativo Democr\u00e1tico, siempre presente, patrocin\u00f3 con la organizaci\u00f3n a cargo del conocido vecino Don Sinforoso S\u00e1nchez, el ya tradicional Raid H\u00edpico \u201c!8 de Julio\u201d que en 1974 en su 7\u00aa. Edici\u00f3n, posterg\u00f3 la fecha para darle m\u00e1s brillo, realiz\u00e1ndose en dos jornadas, s\u00e1bado 20 y domingo 21 de Julio, transform\u00e1ndose en un verdadero Festival H\u00edpico que concit\u00f3 gran apoyo, grandes premios, concurrencia y hasta la presencia de Radio Durazno para trasmitir todo en directo, as\u00ed como durante las noches reuniones bailables en los salones de la \u201cLiga del Trabajo\u201d y el \u201cCentro\u201d en honor de los visitantes.\u00a0\u00a0<\/span><span data-ccp-props=\"{&quot;201341983&quot;:0,&quot;335559739&quot;:200,&quot;335559740&quot;:240}\">\u00a0<\/span><\/p>\n<p><span data-contrast=\"auto\">Los remates se iniciaron el viernes, se continuaron en la ma\u00f1ana del s\u00e1bado en el Club y luego en la pista, a las 14y 30 hs. de aquel inolvidable s\u00e1bado se realiz\u00f3 desfile y pesaje de los participantes frente al local social y toda la atenci\u00f3n estuvo centrada en la presencia de la jocketa brasile\u00f1a Suzana Davis que ya esa tarde particip\u00f3 en una penca de 600 m y el domingo corri\u00f3 por primera vez un raid, montando a \u201cTrebolito\u201d un caballo de Sinforoso, que entre los 19 anotados de todo el pa\u00eds, lleg\u00f3 2\u00b0 detr\u00e1s de \u201cMartita\u201d una yegua llegada desde Carlos Reyles.<\/span><span data-ccp-props=\"{&quot;201341983&quot;:0,&quot;335559739&quot;:200,&quot;335559740&quot;:240}\">\u00a0<\/span><\/p>\n<p><span data-contrast=\"auto\">\u00bfPor qu\u00e9 fue importante la presencia de la jocketa brasile\u00f1a? Porque con su sencillez y simpat\u00eda conquist\u00f3 pronto a todos y adem\u00e1s por ser todo un s\u00edmbolo, ya que en su trayectoria\u00a0 primero tuvo que luchar contra <\/span><span data-contrast=\"none\">la desaprobaci\u00f3n masculina cuando incursion\u00f3 en el turf nacional en la d\u00e9cada de los 70. Su talento demostrado en pista y su fama la convirtieron en pionera en la actividad, contribuyendo a que la profesi\u00f3n de jockey entre las mujeres fuera imitada por otras, despu\u00e9s de una larga lucha por la igualdad fue aceptada, apoyada y querida.<\/span><span data-ccp-props=\"{&quot;201341983&quot;:0,&quot;335557856&quot;:16777215,&quot;335559739&quot;:0,&quot;335559740&quot;:240}\">\u00a0<\/span><\/p>\n<p><span data-contrast=\"auto\">El 28 de octubre de 1972, Suzana Davis hab\u00eda debutado en Maro\u00f1as. En esos a\u00f1os logr\u00f3 75 triunfos, incluidos varios cl\u00e1sicos. En la c\u00faspide de su carrera profesional llega al Carmen para prestigiar el Raid \u201c18 de Julio\u201d y las celebraciones del Centenario del pueblo, siendo desde entonces uno de los hitos insuperables e inolvidables.<\/span><span data-ccp-props=\"{&quot;201341983&quot;:0,&quot;335559739&quot;:200,&quot;335559740&quot;:240}\">\u00a0<\/span><\/p>\n<p><span data-contrast=\"auto\">Fue tanto su prestigio que Las Piedras, San Jos\u00e9, Paysand\u00fa, Colonia, Mercedes, Fray Bentos, Durazno, Florida, Melo, Salto, Lavalleja y Flores, supieron tambi\u00e9n recibirla como en el Carmen con aplausos y muestras de reconocimiento, lo mismo que logr\u00f3 <\/span><span data-contrast=\"none\">en 58 hip\u00f3dromos<\/span><b><span data-contrast=\"none\">\u202f<\/span><\/b><span data-contrast=\"none\">de Uruguay, Brasil, Argentina, Venezuela, Per\u00fa y Chile, todo un record, que junto con sus m\u00e1s de 800 triunfos logrados hasta su retiro en 1980 avalan su prestigio.<\/span><span data-ccp-props=\"{&quot;201341983&quot;:0,&quot;335559739&quot;:200,&quot;335559740&quot;:240}\">\u00a0<\/span><\/p>\n<p><span data-contrast=\"none\">Hoy con casi 70 a\u00f1os, Suzana Davis vive en Porto Alegre, Brasil y su presencia en el pueblo, en aquellos d\u00edas del Centenario, sigue intacta dentro de los mejores recuerdos carmenses.\u00a0<\/span><span data-ccp-props=\"{&quot;201341983&quot;:0,&quot;335559739&quot;:200,&quot;335559740&quot;:240}\">\u00a0<\/span><\/p>\n","protected":false},"excerpt":{"rendered":"<p>Hitos carmenses\u00a0 Disman Anchieri\u00a0 A lo largo de sus 150 a\u00f1os han sido muchos los hechos vividos en el Carmen, ser\u00e1 imposible incluirlos a todos en estas notas, ni lo pretendemos, pero siguen surgiendo acontecimientos que en su momento y hoy en el recuerdo, siguen consider\u00e1ndose importantes. Quiz\u00e1s las celebraciones del centenario pueden calificarse\u00a0 todas [&hellip;]<\/p>\n","protected":false},"author":4,"featured_media":5544,"comment_status":"closed","ping_status":"closed","sticky":false,"template":"","format":"standard","meta":{"_monsterinsights_skip_tracking":false,"_monsterinsights_sitenote_active":false,"_monsterinsights_sitenote_note":"","_monsterinsights_sitenote_category":0,"footnotes":""},"categories":[5,68],"tags":[],"class_list":["post-5542","post","type-post","status-publish","format-standard","has-post-thumbnail","hentry","category-durazno","category-hitos-carmenses"],"_links":{"self":[{"href":"https:\/\/paginacero.com.uy\/index.php?rest_route=\/wp\/v2\/posts\/5542","targetHints":{"allow":["GET"]}}],"collection":[{"href":"https:\/\/paginacero.com.uy\/index.php?rest_route=\/wp\/v2\/posts"}],"about":[{"href":"https:\/\/paginacero.com.uy\/index.php?rest_route=\/wp\/v2\/types\/post"}],"author":[{"embeddable":true,"href":"https:\/\/paginacero.com.uy\/index.php?rest_route=\/wp\/v2\/users\/4"}],"replies":[{"embeddable":true,"href":"https:\/\/paginacero.com.uy\/index.php?rest_route=%2Fwp%2Fv2%2Fcomments&post=5542"}],"version-history":[{"count":2,"href":"https:\/\/paginacero.com.uy\/index.php?rest_route=\/wp\/v2\/posts\/5542\/revisions"}],"predecessor-version":[{"id":5553,"href":"https:\/\/paginacero.com.uy\/index.php?rest_route=\/wp\/v2\/posts\/5542\/revisions\/5553"}],"wp:featuredmedia":[{"embeddable":true,"href":"https:\/\/paginacero.com.uy\/index.php?rest_route=\/wp\/v2\/media\/5544"}],"wp:attachment":[{"href":"https:\/\/paginacero.com.uy\/index.php?rest_route=%2Fwp%2Fv2%2Fmedia&parent=5542"}],"wp:term":[{"taxonomy":"category","embeddable":true,"href":"https:\/\/paginacero.com.uy\/index.php?rest_route=%2Fwp%2Fv2%2Fcategories&post=5542"},{"taxonomy":"post_tag","embeddable":true,"href":"https:\/\/paginacero.com.uy\/index.php?rest_route=%2Fwp%2Fv2%2Ftags&post=5542"}],"curies":[{"name":"wp","href":"https:\/\/api.w.org\/{rel}","templated":true}]}}