{"id":5521,"date":"2024-08-27T10:46:26","date_gmt":"2024-08-27T13:46:26","guid":{"rendered":"https:\/\/paginacero.com.uy\/?p=5521"},"modified":"2024-08-27T10:46:26","modified_gmt":"2024-08-27T13:46:26","slug":"pampa-morena-con-los-tapones-de-punta","status":"publish","type":"post","link":"https:\/\/paginacero.com.uy\/?p=5521","title":{"rendered":"\u201cPampa\u201d Morena, con los tapones de punta."},"content":{"rendered":"<p><strong>La interna nacionalista sigue dando que hablar, y parece acentuarse a medida que se aproxima la Convenci\u00f3n Departamental que dirimir\u00e1 el o los candidatos al sill\u00f3n comunal.<\/strong><!--more--><\/p>\n<p>Jos\u00e9 Luis Morena, el \u201cPampa\u201d, quiere hacer valer sus 1.200 votos; dice no entender que el protagonismo en la interna nacionalista se lo est\u00e1n llevando \u201cparacaidistas\u201d que no tienen m\u00e1s de 200 votos.<br \/>\nEn entrevista con\u00a0<b>P\u00e1gina Cero,<\/b>\u00a0se\u00f1al\u00f3 que \u201clos acuerdos program\u00e1ticos en este momento ya se dejaron de lado, ahora son todos acuerdos por cargos; se discute m\u00e1s quien sale en las fotos y en los carteles que hablar de programas y objetivos\u201d.<\/p>\n<p><b>\u201cComo retrato de Madre\u201d<\/b><br \/>\nCon un tono lac\u00f3nico y un sesgo de iron\u00eda, a\u00f1adi\u00f3 que \u201cdespu\u00e9s aparecen los paracaidistas de siempre donde no han marcado un voto, donde siempre han estado como \u00a0retrato de Madre; en la c\u00f3moda \u201d, lament\u00f3 el precandidato del slogan \u201cPan pa hoy, Pan pa ma\u00f1ana\u201d, parafraseando con su apodo \u201cPampa\u201d.<br \/>\nMorena concurri\u00f3 a la presentaci\u00f3n oficial de la f\u00f3rmula Delgado y Ripoll, pero acompa\u00f1\u00f3 fuera del lugar de la rueda de prensa, \u201cestuve un rato porque no estaba en Durazno\u201d.<br \/>\n\u201cEstamos conversando; hemos tenido reuniones con (Domingo) Rielli y con (Felipe) Algorta, estamos negociando los cargos, y no han definido todav\u00eda lo que van a hacer ellos. Esto es por cargos, no es por acuerdos program\u00e1ticos, es todo mentira, es lo que dije en la radio, est\u00e1n repartiendo la piel del oso y no lo han cazado todav\u00eda\u201d, sostuvo.<br \/>\n\u201cSi me dejan afuera est\u00e1 bien, tienen el derecho a dejarme afuera, pero yo tengo 1.200 votos, no s\u00e9 que van a hacer,quedan dos meses para las elecciones y no se sabe qui\u00e9n va a ser el candidato a diputado, ni quien va a ser el suplente, ni c\u00f3mo van a arreglar\u201d<\/p>\n<p><b>Lista a la Junta Departamental<\/b><br \/>\nHaciendo valer los votos obtenidos en las internas, Morena confirm\u00f3 su intenci\u00f3n de presentar lista al \u00f3rgano deliberativo departamental.<br \/>\n\u201cLista a la Junta Departamental pienso abrir y marcar los ediles, uno, dos o tres, no s\u00e9 los que voy a sacar, pero hay gente con 200 votos que quiere estar m\u00e1s arriba que uno, par\u00e1, par\u00e1&#8230;, para que hacer elecciones internas entonces, se pregunt\u00f3, \u201cPampa\u201d Morena<\/p>\n","protected":false},"excerpt":{"rendered":"<p>La interna nacionalista sigue dando que hablar, y parece acentuarse a medida que se aproxima la Convenci\u00f3n Departamental que dirimir\u00e1 el o los candidatos al sill\u00f3n comunal.<\/p>\n","protected":false},"author":4,"featured_media":5522,"comment_status":"closed","ping_status":"closed","sticky":false,"template":"","format":"standard","meta":{"footnotes":""},"categories":[5,31],"tags":[],"class_list":["post-5521","post","type-post","status-publish","format-standard","has-post-thumbnail","hentry","category-durazno","category-entrevista-politica"],"_links":{"self":[{"href":"https:\/\/paginacero.com.uy\/index.php?rest_route=\/wp\/v2\/posts\/5521","targetHints":{"allow":["GET"]}}],"collection":[{"href":"https:\/\/paginacero.com.uy\/index.php?rest_route=\/wp\/v2\/posts"}],"about":[{"href":"https:\/\/paginacero.com.uy\/index.php?rest_route=\/wp\/v2\/types\/post"}],"author":[{"embeddable":true,"href":"https:\/\/paginacero.com.uy\/index.php?rest_route=\/wp\/v2\/users\/4"}],"replies":[{"embeddable":true,"href":"https:\/\/paginacero.com.uy\/index.php?rest_route=%2Fwp%2Fv2%2Fcomments&post=5521"}],"version-history":[{"count":1,"href":"https:\/\/paginacero.com.uy\/index.php?rest_route=\/wp\/v2\/posts\/5521\/revisions"}],"predecessor-version":[{"id":5523,"href":"https:\/\/paginacero.com.uy\/index.php?rest_route=\/wp\/v2\/posts\/5521\/revisions\/5523"}],"wp:featuredmedia":[{"embeddable":true,"href":"https:\/\/paginacero.com.uy\/index.php?rest_route=\/wp\/v2\/media\/5522"}],"wp:attachment":[{"href":"https:\/\/paginacero.com.uy\/index.php?rest_route=%2Fwp%2Fv2%2Fmedia&parent=5521"}],"wp:term":[{"taxonomy":"category","embeddable":true,"href":"https:\/\/paginacero.com.uy\/index.php?rest_route=%2Fwp%2Fv2%2Fcategories&post=5521"},{"taxonomy":"post_tag","embeddable":true,"href":"https:\/\/paginacero.com.uy\/index.php?rest_route=%2Fwp%2Fv2%2Ftags&post=5521"}],"curies":[{"name":"wp","href":"https:\/\/api.w.org\/{rel}","templated":true}]}}