{"id":5518,"date":"2024-08-27T10:39:50","date_gmt":"2024-08-27T13:39:50","guid":{"rendered":"https:\/\/paginacero.com.uy\/?p=5518"},"modified":"2024-08-27T10:39:50","modified_gmt":"2024-08-27T13:39:50","slug":"rielli-camino-vecinal-transformado-en-ruta-nacional","status":"publish","type":"post","link":"https:\/\/paginacero.com.uy\/?p=5518","title":{"rendered":"Rielli: \u201ccamino vecinal transformado en ruta nacional\u201d"},"content":{"rendered":"<p><strong>El Secretario General de la Intendencia de Durazno, Domingo Rielli San Mart\u00edn, estuvo presente en la ceremonia de inauguraci\u00f3n de las obras de ruta 6, realizada en el puente del kil\u00f3metro 329.<\/strong><!--more--><\/p>\n<p>En la oportunidad represent\u00f3 al Intendente Carmelo Vidal\u00edn -que no acudi\u00f3 debido a un estado gripal.<br \/>\nDijo que \u201ceste es uno de los hechos hist\u00f3ricos; lo dije cuando me toc\u00f3 decir unas palabras (que) nos hab\u00edan hecho convencer que eran obras que eran imposibles que las pod\u00edamos vivir la gente del Interior, bueno ese gobierno entendi\u00f3 que hab\u00eda que hacer obras para el Interior, que son importantes para el desarrollo y en definitiva para todo el pa\u00eds productivo\u201d.<br \/>\nEl integrante del ejecutivo duraznense, y precandidato del Partido Nacional, agreg\u00f3 que \u201cfue as\u00ed que tuvimos el puente \u201cPicada de Oribe\u201d, que sustituy\u00f3 a la vieja balsa; fue as\u00ed que tuvimos el \u201cPaso del Gordo\u201d, la doble v\u00eda hacia Montevideo y hoy inaugurando esta ruta 6 que va a unir a trav\u00e9s del (puente del kil\u00f3metro) 329 con todo Tacuaremb\u00f3 y con el Norte del Uruguay, en una ruta muy similar al trayecto de la ruta 5, que sin dudas va a descongestionar, pero que sobre todo hace justicia con un mont\u00f3n de vecinos que realmente vieron transformado un camino vecinal en una ruta nacional\u201d<br \/>\n<b>\u201cAhora podr\u00e1n pintar sus casas\u201d<\/b><br \/>\nConsultado por Felipe Ramallo, de Canal 5, Teveca Cerro Chato, Rielli, dijo que la nueva obra significar\u00e1 \u201cun cambio de vida para toda la gente de la zona\u201d.<br \/>\n\u201cEstoy convencido que los vecinos lo van a disfrutar mucho, ya lo disfrutan\u201d, y remarc\u00f3 como hecho curioso que, debido a que ahora el tramo es de asfalto y no de tierra, \u201cahora pueden pintar las casas; antes ten\u00edan que pintarlas de terracota, porque sino el tr\u00e1nsito de los camiones se las dejaban marrones en pocos d\u00edas, bueno, ahora van a poder\u201d, coment\u00f3.<br \/>\n<b>30 millones de d\u00f3lares<\/b><br \/>\nLas obras corresponden al tramo de 82 kil\u00f3metros de la ruta que une los departamentos de Durazno y Tacuaremb\u00f3 y la nueva infraestructura implic\u00f3 una inversi\u00f3n de US$ 30 millones<br \/>\nEl Presidente de la Rep\u00fablica, Dr. Luis Lacalle Pou consider\u00f3 en su oratoria, que se trata de una obra \u201cemblem\u00e1tica\u201d y destac\u00f3 que esta iniciativa, junto con la construcci\u00f3n del Hospital del Cerro, han sido las m\u00e1s importantes de su administraci\u00f3n de gobierno.<br \/>\nEn ese sentido, se\u00f1al\u00f3 que \u201cconocer no es solo pasar, es ver m\u00e1s que mirar, escuchar m\u00e1s que o\u00edr, mirar a los ojos, preguntarle al vecino y escuchar el reclamo de una ruta\u201d, y a\u00f1adi\u00f3 que \u201cse conoci\u00f3, se quiso y se entendi\u00f3\u201d, y se cumpli\u00f3 la palabra dada \u201cde construir la ruta 6, que era la gran olvidada\u201d.<br \/>\nLacalle Pou, cont\u00f3 que un vecino le hab\u00eda dicho que la obra le iba a permitir \u201cahorrar m\u00e1s de 150 kil\u00f3metros\u201d de trayecto cada d\u00eda, equivalente a dos horas, y tambi\u00e9n resalt\u00f3 la posibilidad de que exista un mayor encuentro entre comunidades, lo que podr\u00eda llevar a un m\u00e1s desarrollo econ\u00f3mico. \u201cAtr\u00e1s de ese desarrollo, viene la prosperidad. obras como esta implica una \u201cdecisi\u00f3n de justicia\u201d, por parte del gobierno, y de \u201crespeto y aprecio a las comunidades\u201d.<br \/>\nEl Ministro de Transportes y Obras P\u00fablicas (Mtop), Jos\u00e9 Luis Falero, enfatiz\u00f3 que \u201csin duda, no se trata de una obra cualquiera, por eso hay tanta gente\u201d, y remarc\u00f3 que la inversi\u00f3n del ejecutivo en infraestructura vial representa una cifra r\u00e9cord, que est\u00e1 documentada en la Rendici\u00f3n de Cuentas.<br \/>\n\u201cEl gobierno de Lacalle Pou se puso como foco, para sus \u00faltimos meses de gesti\u00f3n, concretar proyectos y obras iniciados durante los primeros cuatro a\u00f1os. El ministerio se propuso este a\u00f1o ejecutar el 28,9% del presupuesto restante para las obras de la infraestructura vial. Asimismo, en materia mar\u00edtima est\u00e1 previsto llamar a licitaci\u00f3n para un proyecto ejecutivo y construcci\u00f3n de una Estaci\u00f3n N\u00e1utica en el Paso de Balsa de San Gregorio de Polanco, destac\u00f3 el \u00e1rea de Comunicaciones de Presidencia de la Rep\u00fablica.<\/p>\n","protected":false},"excerpt":{"rendered":"<p>El Secretario General de la Intendencia de Durazno, Domingo Rielli San Mart\u00edn, estuvo presente en la ceremonia de inauguraci\u00f3n de las obras de ruta 6, realizada en el puente del kil\u00f3metro 329.<\/p>\n","protected":false},"author":4,"featured_media":5519,"comment_status":"closed","ping_status":"closed","sticky":false,"template":"","format":"standard","meta":{"footnotes":""},"categories":[5],"tags":[],"class_list":["post-5518","post","type-post","status-publish","format-standard","has-post-thumbnail","hentry","category-durazno"],"_links":{"self":[{"href":"https:\/\/paginacero.com.uy\/index.php?rest_route=\/wp\/v2\/posts\/5518","targetHints":{"allow":["GET"]}}],"collection":[{"href":"https:\/\/paginacero.com.uy\/index.php?rest_route=\/wp\/v2\/posts"}],"about":[{"href":"https:\/\/paginacero.com.uy\/index.php?rest_route=\/wp\/v2\/types\/post"}],"author":[{"embeddable":true,"href":"https:\/\/paginacero.com.uy\/index.php?rest_route=\/wp\/v2\/users\/4"}],"replies":[{"embeddable":true,"href":"https:\/\/paginacero.com.uy\/index.php?rest_route=%2Fwp%2Fv2%2Fcomments&post=5518"}],"version-history":[{"count":1,"href":"https:\/\/paginacero.com.uy\/index.php?rest_route=\/wp\/v2\/posts\/5518\/revisions"}],"predecessor-version":[{"id":5520,"href":"https:\/\/paginacero.com.uy\/index.php?rest_route=\/wp\/v2\/posts\/5518\/revisions\/5520"}],"wp:featuredmedia":[{"embeddable":true,"href":"https:\/\/paginacero.com.uy\/index.php?rest_route=\/wp\/v2\/media\/5519"}],"wp:attachment":[{"href":"https:\/\/paginacero.com.uy\/index.php?rest_route=%2Fwp%2Fv2%2Fmedia&parent=5518"}],"wp:term":[{"taxonomy":"category","embeddable":true,"href":"https:\/\/paginacero.com.uy\/index.php?rest_route=%2Fwp%2Fv2%2Fcategories&post=5518"},{"taxonomy":"post_tag","embeddable":true,"href":"https:\/\/paginacero.com.uy\/index.php?rest_route=%2Fwp%2Fv2%2Ftags&post=5518"}],"curies":[{"name":"wp","href":"https:\/\/api.w.org\/{rel}","templated":true}]}}