{"id":5505,"date":"2024-08-27T10:23:06","date_gmt":"2024-08-27T13:23:06","guid":{"rendered":"https:\/\/paginacero.com.uy\/?p=5505"},"modified":"2024-08-27T10:23:06","modified_gmt":"2024-08-27T13:23:06","slug":"plaza-itala-mondragon-un-espacio-infantil-completo-y-moderno","status":"publish","type":"post","link":"https:\/\/paginacero.com.uy\/?p=5505","title":{"rendered":"Plaza \u00cdtala Mondrag\u00f3n: un espacio infantil completo y moderno"},"content":{"rendered":"<p><strong>El Intendente Departamental, Lic. Carmelo Vidal\u00edn, encabez\u00f3 la inauguraci\u00f3n de las obras de remodelaci\u00f3n y nuevos servicios de la Plaza \u00cdtala Mondrag\u00f3n de Fern\u00e1ndez, ubicada en calle Manuel Oribe, entre Rubino y 4 de Octubre.<\/strong><!--more--><\/p>\n<p>La ceremonia tuvo lugar el domingo 4 de agosto 2024, y cont\u00f3 con la presencia de autoridades, representantes de instituciones, familiares de la recordada docente y p\u00fablico en general, que pudieron observar las mejoras generales y los m\u00e1s peque\u00f1os disfrutar de los juegos instalados. Vidal\u00edn, resalt\u00f3 la vida y trayectoria de la Maestra \u00cdtala Mondrag\u00f3n de Fern\u00e1ndez \u201cque fue una ciudadana ejemplar, una gran docente\u201d, y tambi\u00e9n valor\u00f3 a otras personas que de forma destacada aportaron a la sociedad duraznense, cuyos nombres lucen en el lugar, como Mar\u00eda Concepci\u00f3n Matonte Gallo; Eut\u00edbides Balbi (Maestra Pibe) y al recordado vecino, escritor y publicista, Luis Anchieri P\u00e9rez. En cuanto a la obra, la IDD llev\u00f3 a cabo una remodelaci\u00f3n total y dot\u00f3 de nuevos juegos, espacios y servicios, en un \u00e1rea total de 950m2. Se habilit\u00f3 nuevo acceso por escalera y por rampa inclusiva; sectores de juegos infantiles con pavimento de goma para la seguridad de los usuarios; hamacas y al fondo del padr\u00f3n un \u00e1rea de deportes, inclu\u00edda una cancha de mini b\u00e1squetbol. La plaza cuenta con equipamiento urbano (bancos, papeleras, macetas), servicios higi\u00e9nicos, iluminaci\u00f3n a nuevo y c\u00e1maras de seguridad, y se realiz\u00f3 mantenimiento de la p\u00e9rgola. El jerarca destac\u00f3 adem\u00e1s en su oratoria, la labor desarrollada en la obra por el personal de la IDD y a la proyectista de la misma, Arq. Ana Laura B\u00e1ez.<\/p>\n<p>Historia y presente del lugar \u201cEn el a\u00f1o 93&#8242; recuperamos por primera vez este lugar, que se llamaba Rinc\u00f3n Infantil. En esa ocasi\u00f3n homenajeamos a &#8216;do\u00f1a Beba&#8217;, \u00cdtala Mondrag\u00f3n de Fern\u00e1ndez, para que este espacio llevara su nombre; despu\u00e9s se volvi\u00f3 a reconstruir en el a\u00f1o 2003 nuevamente y hoy tenemos la dicha de poder decir que contamos con uno de los espacios m\u00e1s lindos de la recreaci\u00f3n de nuestro departamento\u201d, dijo, Vidal\u00edn en la oratoria. \u201cHoy no solamente homenajeamos a la Maestra \u00cdtala Mondrag\u00f3n de Fern\u00e1ndez, que fue una ciudadana ejemplar, una gran docente. Los m\u00e1s viejos quiz\u00e1s la conocimos; tengo gratos recuerdos, alguna foto con ella y con su familia, que hoy est\u00e1 presente, agradecemos a su nieta, a su esposo, a su sobrina nieta, nieta tambi\u00e9n Daniela, o sea dos nietas con sus esposos que nos est\u00e1n acompa\u00f1ando, que lindo, gracias por estar\u201d. Dijo que la extinta docente \u201cform\u00f3 muchas generaciones en lo que tiene que<\/p>\n<p>ver en la formaci\u00f3n en valores\u201d, \u201cfue tambi\u00e9n Directora de la escuela N\u00ba 1; muchos a\u00f1os en la escuela N\u00ba 8, fue autora de algunas canciones, por ejemplo el Himno del Instituto Rubino lo escribi\u00f3 esta Maestra conjuntamente con el gran Maestro (Julio) Mart\u00ednez Oyanguren; tambi\u00e9n escribi\u00f3 otra canci\u00f3n, sobre el Dr. Emilio Penza, que es muy poco conocida; en sus ratos libres escrib\u00eda poes\u00edas. Nunca escribi\u00f3 un libro, pero dej\u00f3 muchas cosas que seguramente alg\u00fan d\u00eda su nieta cuando se junte con su madre &#8216;Chiquina&#8217;, que debe estar con la cabecita aqu\u00ed en Durazno, la puedan recopilar para que podamos editar alguna obra de ella\u201d. \u201cLlev\u00f3 adelante un Plan Escolar\u201d \u00cdtala Mondrag\u00f3n, fue tambi\u00e9n \u201cuna de las pocas Maestras que llev\u00f3 adelante un plan escolar que sali\u00f3 por \u00fanica vez y tuvo como alumno a otro de los m\u00e1s grandes de nuestro Durazno, que fue el Mtro. Jorge Echenique Flores; alumno, que en esa \u00e9poca y en ese tiempo la Maestra \u00cdtala Mondrag\u00f3n de Fern\u00e1ndez, en ese experimento educativo fue la Maestra en 1\u00ba, 2\u00ba, 3\u00ba, 4\u00ba, 5\u00ba y 6\u00ba; era como una segunda madre porque los ten\u00eda durante seis a\u00f1os e indudablemente creaba una dependencia de esos que eran sus estudiantes\u201d \u201cPero fundamentalmente la Maestra \u00cdtala Mondrag\u00f3n de Fern\u00e1ndez, fue una se\u00f1ora con may\u00fascula, una docente que despleg\u00f3 su vida para formar generaciones en el culto de los valores\u201d, se\u00f1al\u00f3 el jefe comunal. Como estos nombres que nos acompa\u00f1an, agreg\u00f3 en referencia a las plaquetas que lucen en el lugar \u201ccomo Luis Anchieri P\u00e9rez, el eterno Bibliotecario, docente, historiador y tambi\u00e9n vecino de este barrio; \u00e9l tambi\u00e9n forma parte del afecto, del cari\u00f1o, del reconocimiento y cada vez que hay un hecho importante en este nuestro Durazno o en Ciudad del Carmen, la figura de Luisito&#8217; como le dec\u00edamos con cari\u00f1o, cobra vigencia y por eso es buena cosa que \u00e9l que despleg\u00f3 tanto por este su Durazno, y que a\u00fan hoy, que hace unos cuantos a\u00f1os que no nos acompa\u00f1a, sus valores siguen tambi\u00e9n vigentes\u201d, \u201cveo tambi\u00e9n la placa de Eut\u00edbides Balbi; nadie sabe quien es , pero si sabemos quien es la &#8216;Pibe Balbi&#8217;, una querida Maestra, tambi\u00e9n vecina aqu\u00ed por calle Zorrilla, que despleg\u00f3 todo su cari\u00f1o y los valores en la sociedad que ella integr\u00f3 y que fue una Maestra comprometida, que m\u00e1s que Maestra fue tambi\u00e9n madre de esos alumnos y una gran socia en la educaci\u00f3n conjuntamente con los padres y con las madres\u201d. \u201cTambi\u00e9n hoy homenajeamos a alguien que durante su vida despleg\u00f3 m\u00fasica a todos los que de una manera u otra ven\u00edan a disfrutar de este espacio. Y es la querida Maestra, gran Profesora, mejor vecina, excelente madre, formadora de unos seres maravillosos, que es, porque sigue estando vigente, la Maestra Mar\u00eda Matonte de Estevez\u201d, \u201cy con ella hoy lo que hacemos es reconocer a alguien que sembr\u00f3 una semilla, ara formar seres humanos de excelencia todos ellos\u201d, valor\u00f3, Vidal\u00edn, resaltando adem\u00e1s la presencia del Prof. Miguel Estevez.<\/p>\n","protected":false},"excerpt":{"rendered":"<p>El Intendente Departamental, Lic. Carmelo Vidal\u00edn, encabez\u00f3 la inauguraci\u00f3n de las obras de remodelaci\u00f3n y nuevos servicios de la Plaza \u00cdtala Mondrag\u00f3n de Fern\u00e1ndez, ubicada en calle Manuel Oribe, entre Rubino y 4 de Octubre.<\/p>\n","protected":false},"author":4,"featured_media":5506,"comment_status":"closed","ping_status":"closed","sticky":false,"template":"","format":"standard","meta":{"footnotes":""},"categories":[5],"tags":[],"class_list":["post-5505","post","type-post","status-publish","format-standard","has-post-thumbnail","hentry","category-durazno"],"_links":{"self":[{"href":"https:\/\/paginacero.com.uy\/index.php?rest_route=\/wp\/v2\/posts\/5505","targetHints":{"allow":["GET"]}}],"collection":[{"href":"https:\/\/paginacero.com.uy\/index.php?rest_route=\/wp\/v2\/posts"}],"about":[{"href":"https:\/\/paginacero.com.uy\/index.php?rest_route=\/wp\/v2\/types\/post"}],"author":[{"embeddable":true,"href":"https:\/\/paginacero.com.uy\/index.php?rest_route=\/wp\/v2\/users\/4"}],"replies":[{"embeddable":true,"href":"https:\/\/paginacero.com.uy\/index.php?rest_route=%2Fwp%2Fv2%2Fcomments&post=5505"}],"version-history":[{"count":1,"href":"https:\/\/paginacero.com.uy\/index.php?rest_route=\/wp\/v2\/posts\/5505\/revisions"}],"predecessor-version":[{"id":5507,"href":"https:\/\/paginacero.com.uy\/index.php?rest_route=\/wp\/v2\/posts\/5505\/revisions\/5507"}],"wp:featuredmedia":[{"embeddable":true,"href":"https:\/\/paginacero.com.uy\/index.php?rest_route=\/wp\/v2\/media\/5506"}],"wp:attachment":[{"href":"https:\/\/paginacero.com.uy\/index.php?rest_route=%2Fwp%2Fv2%2Fmedia&parent=5505"}],"wp:term":[{"taxonomy":"category","embeddable":true,"href":"https:\/\/paginacero.com.uy\/index.php?rest_route=%2Fwp%2Fv2%2Fcategories&post=5505"},{"taxonomy":"post_tag","embeddable":true,"href":"https:\/\/paginacero.com.uy\/index.php?rest_route=%2Fwp%2Fv2%2Ftags&post=5505"}],"curies":[{"name":"wp","href":"https:\/\/api.w.org\/{rel}","templated":true}]}}