{"id":5482,"date":"2024-08-24T00:55:31","date_gmt":"2024-08-24T03:55:31","guid":{"rendered":"https:\/\/paginacero.com.uy\/?p=5482"},"modified":"2024-08-24T00:55:31","modified_gmt":"2024-08-24T03:55:31","slug":"durazno-convoca-a-jugadores-locales-para-nuevo-seleccionado","status":"publish","type":"post","link":"https:\/\/paginacero.com.uy\/?p=5482","title":{"rendered":"Durazno convoca a jugadores locales para nuevo seleccionado"},"content":{"rendered":"<p><strong>La Liga de B\u00e1squetbol de Durazno ha convocado a un plantel para conformar un seleccionado que competir\u00e1 en instancias interdepartamentales. Los entrenamientos comienzan el 24 de agosto, con el primer amistoso previsto para el 7 de septiembre.<\/strong><!--more--><\/p>\n<p>La Liga de B\u00e1squetbol de Durazno ha convocado a un plantel de jugadores del torneo local para conformar un seleccionado con miras a pr\u00f3ximas instancias interdepartamentales.<\/p>\n<p>Los primeros entrenamientos se llevar\u00e1n a cabo el s\u00e1bado 24 de agosto a las 15:00 en el estadio Ernesto de Le\u00f3n, y el s\u00e1bado 31 de agosto a las 10:00, en el mismo lugar.<\/p>\n<p>El primer partido amistoso ser\u00e1 el s\u00e1bado 7 de septiembre en el Polideportivo de Ciudad del Plata, San Jos\u00e9, contra el equipo local, Playa Pascual.<\/p>\n","protected":false},"excerpt":{"rendered":"<p>La Liga de B\u00e1squetbol de Durazno ha convocado a un plantel para conformar un seleccionado que competir\u00e1 en instancias interdepartamentales. Los entrenamientos comienzan el 24 de agosto, con el primer amistoso previsto para el 7 de septiembre.<\/p>\n","protected":false},"author":4,"featured_media":5483,"comment_status":"closed","ping_status":"closed","sticky":false,"template":"","format":"standard","meta":{"footnotes":""},"categories":[12,5],"tags":[],"class_list":["post-5482","post","type-post","status-publish","format-standard","has-post-thumbnail","hentry","category-deporte","category-durazno"],"_links":{"self":[{"href":"https:\/\/paginacero.com.uy\/index.php?rest_route=\/wp\/v2\/posts\/5482","targetHints":{"allow":["GET"]}}],"collection":[{"href":"https:\/\/paginacero.com.uy\/index.php?rest_route=\/wp\/v2\/posts"}],"about":[{"href":"https:\/\/paginacero.com.uy\/index.php?rest_route=\/wp\/v2\/types\/post"}],"author":[{"embeddable":true,"href":"https:\/\/paginacero.com.uy\/index.php?rest_route=\/wp\/v2\/users\/4"}],"replies":[{"embeddable":true,"href":"https:\/\/paginacero.com.uy\/index.php?rest_route=%2Fwp%2Fv2%2Fcomments&post=5482"}],"version-history":[{"count":1,"href":"https:\/\/paginacero.com.uy\/index.php?rest_route=\/wp\/v2\/posts\/5482\/revisions"}],"predecessor-version":[{"id":5484,"href":"https:\/\/paginacero.com.uy\/index.php?rest_route=\/wp\/v2\/posts\/5482\/revisions\/5484"}],"wp:featuredmedia":[{"embeddable":true,"href":"https:\/\/paginacero.com.uy\/index.php?rest_route=\/wp\/v2\/media\/5483"}],"wp:attachment":[{"href":"https:\/\/paginacero.com.uy\/index.php?rest_route=%2Fwp%2Fv2%2Fmedia&parent=5482"}],"wp:term":[{"taxonomy":"category","embeddable":true,"href":"https:\/\/paginacero.com.uy\/index.php?rest_route=%2Fwp%2Fv2%2Fcategories&post=5482"},{"taxonomy":"post_tag","embeddable":true,"href":"https:\/\/paginacero.com.uy\/index.php?rest_route=%2Fwp%2Fv2%2Ftags&post=5482"}],"curies":[{"name":"wp","href":"https:\/\/api.w.org\/{rel}","templated":true}]}}