{"id":5469,"date":"2024-08-23T01:15:54","date_gmt":"2024-08-23T04:15:54","guid":{"rendered":"https:\/\/paginacero.com.uy\/?p=5469"},"modified":"2024-08-23T01:15:54","modified_gmt":"2024-08-23T04:15:54","slug":"a-todo-ritmo-a-toda-danza-en-carlos-reyles","status":"publish","type":"post","link":"https:\/\/paginacero.com.uy\/?p=5469","title":{"rendered":"A todo ritmo, a toda danza, en Carlos Reyles"},"content":{"rendered":"<p><strong><span class=\"NormalTextRun SCXW261220633 BCX0\" data-ccp-parastyle=\"Standard\" data-ccp-parastyle-defn=\"{&quot;ObjectId&quot;:&quot;2dfb14d6-1745-4c2c-b30e-c87ef907e8b4|5&quot;,&quot;ClassId&quot;:1073872969,&quot;Properties&quot;:[469775450,&quot;Standard&quot;,201340122,&quot;2&quot;,134233614,&quot;true&quot;,469778129,&quot;Standard&quot;,335572020,&quot;1&quot;,469777841,&quot;Times New Roman&quot;,469777842,&quot;Arial&quot;,469777843,&quot;SimSun&quot;,469777844,&quot;Times New Roman&quot;,469769226,&quot;Times New Roman,Arial,SimSun&quot;,268442635,&quot;24&quot;,335559704,&quot;1081&quot;,335559705,&quot;2052&quot;,335551547,&quot;14346&quot;,134245417,&quot;false&quot;]}\">En Carlos <\/span><span class=\"NormalTextRun SpellingErrorV2Themed SCXW261220633 BCX0\" data-ccp-parastyle=\"Standard\">Reyles<\/span><span class=\"NormalTextRun SCXW261220633 BCX0\" data-ccp-parastyle=\"Standard\"> el Centro Juvenil ATR (A todo ritmo) lleva adelante una propuesta muy interesante para los adolescentes de la zona, atendiendo a sus intereses y a la motivaci\u00f3n <\/span><span class=\"NormalTextRun SCXW261220633 BCX0\" data-ccp-parastyle=\"Standard\">necesaria para fortalecerse y crecer.<\/span><\/strong><!--more--><\/p>\n<p><span data-contrast=\"auto\">El Taller de danzas tiene una fuerte apuesta al crecimiento de los j\u00f3venes y no se detiene ante las diferentes propuestas que surgen, para presentarse en competencias y cert\u00e1menes, prepar\u00e1ndose con todas las ganas.<\/span><span data-ccp-props=\"{&quot;134245417&quot;:false}\">\u00a0<\/span><\/p>\n<p><span data-contrast=\"auto\">Virginia Alvarez Ballarini es Trabajadora Social y profesora de danzas egresada de la Escuela Nacional de Danzas Divisi\u00f3n Folklore de Montevideo. Ella es quien dirige el grupo de danzas de ATR y dinamiza las actividades que se proponen.<\/span><span data-ccp-props=\"{&quot;134245417&quot;:false}\">\u00a0<\/span><\/p>\n<p><span data-contrast=\"auto\">\u201cSoy de la ciudad del Carmen, puedo decir que mi inter\u00e9s por la danza surgi\u00f3 cuando ni\u00f1a, casi adolescente, en el Carmen hay un grupo de danzas donde me sum\u00e9 con amigos, tuvimos muy lindas experiencias, compartiendo juntos, bailando, aprendiendo. Desde ah\u00ed el amor por la danza qued\u00f3, cuando me fui a Montevideo a estudiar Trabajo Social conoc\u00ed que exist\u00eda la Escuela de Danzas y el \u00e1rea de Folklore, me encant\u00f3 esa idea y en cuanto tuve oportunidad, al avanzar en la carrera de Trabajo Social y ten\u00eda tiempo para hacer esta otra carrera, que tambi\u00e9n implicaba un horario fijo de lunes a viernes para ir a clases, lo hice y me encant\u00f3\u201d dijo present\u00e1ndose.<\/span><span data-ccp-props=\"{&quot;134245417&quot;:false}\">\u00a0<\/span><\/p>\n<p><span data-contrast=\"auto\">\u201cMe inclin\u00e9 por la docencia porque considero que tal vez tengo herramientas y me gusta poder ense\u00f1ar las cosas que sab\u00eda. En Montevideo estuve trabajando en algunas escuelas, en el 2017 cuando me vine tambi\u00e9n trabaj\u00e9\u00a0 en otra escuela y cuando ingres\u00e9 al Centro Juvenil de Carlos Reyles, donde ingreso como Trabajadora Social y mantengo ese rol, comienzo a hacer voluntariamente este taller de danzas porque vi que a los j\u00f3venes les gustaba, les interesaba, estaban interesados en poder aprender, quer\u00edan saber m\u00e1s. Compartimos la misma pasi\u00f3n por la danza\u201d agreg\u00f3.<\/span><span data-ccp-props=\"{&quot;134245417&quot;:false}\">\u00a0<\/span><\/p>\n<p><span data-contrast=\"auto\">Los j\u00f3venes est\u00e1n fuertemente compenetrados con la propuesta y participan activamente, desarrollando nuevas coreograf\u00edas y actividades para llevar a todo el pa\u00eds e incluso al exterior, ya que han estado present\u00e1ndose en diferentes escenarios de Uruguay y Argentina, siempre con buenos resultados y evaluaciones.<\/span><span data-ccp-props=\"{&quot;134245417&quot;:false}\">\u00a0<\/span><\/p>\n<p><span data-contrast=\"auto\">\u201cEl grupo est\u00e1 formado por chiquilines que son del Centro Juvenil, tienen entre 12 y 18 a\u00f1os y concurren a hacer diferentes actividades, entre ellas tenemos la danza. Todo comienza con un taller para aprender, bailar, compartir estos momentos, tambi\u00e9n desde el arte, crear cosas nuevas y poco a poco van surgiendo salidas, invitaciones para participar en algunos espect\u00e1culos, eventos, nos vamos enterando de propuestas que hay como cert\u00e1menes, encuentros de danzas y nos preparamos para participar. Tenemos un gran apoyo desde el Centro Juvenil, la Asociaci\u00f3n Civil y la coordinadora, eso ayuda mucho porque de lo contrario no ser\u00eda posible. Tambi\u00e9n el apoyo de las familias que siempre acompa\u00f1an, algunas veces en veh\u00edculos propios, eso nos ha ayudado un mont\u00f3n para tener apoyo con los chiquilines y en esto de salir, movernos, todo implica gastos, que tambi\u00e9n tengamos que desembolsar en vestimenta, maquillaje, transporte y todo lo que engloba\u201d dijo.<\/span><span data-ccp-props=\"{&quot;134245417&quot;:false}\">\u00a0<\/span><\/p>\n<p><span data-contrast=\"auto\">Los talleres del Centro son parte vital de la actividad cotidiana de los j\u00f3venes, nucle\u00e1ndonos en un grupo que sigue creciendo.<\/span><span data-ccp-props=\"{&quot;134245417&quot;:false}\">\u00a0<\/span><\/p>\n<p><span data-contrast=\"auto\">\u201cCreemos que con todos los talleres que hacemos en el Centro Juvenil y con la danza aportamos a la autoestima de los j\u00f3venes, brindarles un espacio para hacer cosas que les gustan y les motivan, ellos crean, sugieren cosas, las coreograf\u00edas tambi\u00e9n tienen que ser pensadas para que les queden c\u00f3modas y a medida que las vamos armando y llevando a la pr\u00e1ctica, ellos aportan sugerencias, crean, aportan m\u00fasicas que le gustan, para crear este espacio entre todos, algo colectivo. Creemos que el trabajo en equipo, en comunidad, en peque\u00f1as comunidades, la comunicaci\u00f3n no verbal importa mucho, todo eso se va logrando poco a poco, es un trabajo diario, siempre quedan cosas para seguir mejorando, seguir haciendo, todo lo que estos meses del a\u00f1o ya tenemos algunas invitaciones y queremos poder seguir buscando espacios para poder participar\u201d agreg\u00f3.<\/span><span data-ccp-props=\"{&quot;134245417&quot;:false}\">\u00a0<\/span><\/p>\n<p><span data-contrast=\"auto\">Especialmente el taller de danza tiene previstas varias presentaciones para los pr\u00f3ximos meses, adem\u00e1s de que ya hay realizado varias en diferentes lugares.<\/span><span data-ccp-props=\"{&quot;134245417&quot;:false}\">\u00a0<\/span><\/p>\n<p><span data-contrast=\"auto\">\u201cEn setiembre vamos a estar present\u00e1ndonos en El Prado, tambi\u00e9n acompa\u00f1ando a la gente de la intendencia en la presentaci\u00f3n del Festival del Rosedal, en octubre queremos participar en un encuentro de danzas en Tacuaremb\u00f3 donde los j\u00f3venes podr\u00e1n presentar lo que hacen y recibir una devoluci\u00f3n de gente con mayores conocimientos, que los eval\u00faan como jurado. A fines de octubre tenemos la semana de Carlos Reyles, en noviembre el Festival del Rosedal donde estamos invitados a participar y abrir el Festival como locatarios, con la gente del Taller de M\u00fasica del Centro Juvenil, luego hay otro encuentro de danzas \u201cEl bailar\u00edn\u201d en Durazno del cual nos gustar\u00eda participar y seguramente en diciembre vendr\u00e1n otras propuestas. Prepararnos, crear cosas nuevas para mostrar, mejorar lo que estamos haciendo, esta participaci\u00f3n en cert\u00e1menes y encuentros de danzas, donde hay gente experta en danzas y expresiones art\u00edsticas, es muy bueno para los chiquilines porque hace que ellos tengan una devoluci\u00f3n de gente que est\u00e1 por fuera de lo que hacemos todos los d\u00edas, los eval\u00faa, corrige cosas, les permite seguir mejorando y creciendo para pr\u00f3ximas actuaciones. Esto motiva, el reconocimiento, a seguir aprendiendo, a mejorar siempre, para los j\u00f3venes y nosotros como adultos es motivante y es un espacio de crecimiento\u201d dijo.<\/span><span data-ccp-props=\"{&quot;134245417&quot;:false}\">\u00a0<\/span><\/p>\n<p><span data-contrast=\"auto\">\u201cEn cuanto a competencias nos gusta que sea con nosotros mismos,\u00a0 no hay una comparaci\u00f3n con los dem\u00e1s grupos ni las dem\u00e1s categor\u00edas sino que es una competencia con uno mismo para seguir mejorando. La evaluaci\u00f3n es grupal o personal y el puntaje se da de acuerdo a lo que se vio en la presentaci\u00f3n\u201d indic\u00f3.<\/span><span data-ccp-props=\"{&quot;134245417&quot;:false}\">\u00a0<\/span><\/p>\n<p><span data-contrast=\"auto\">Este convenio entre una organizaci\u00f3n civil e INAU dieron inicio al Centro Juvenil que hoy es un espacio de referencia para los j\u00f3venes.<\/span><span data-ccp-props=\"{&quot;134245417&quot;:false}\">\u00a0<\/span><\/p>\n<p><span data-contrast=\"auto\">\u201cEl Centro Juvenil ATR, A todo ritmo, es un convenio con INAU entre la Organizaci\u00f3n Civil La Estaci\u00f3n e INAU para poder trabajar a trav\u00e9s de un proyecto con adolescentes entre 12 y 18 a\u00f1os que pueden estar o no inclu\u00eddos en la educaci\u00f3n formal. Se les brinda a ellos apoyo pedag\u00f3gico para quienes est\u00e1n en la educaci\u00f3n formal, para tareas domiciliarias, preparaci\u00f3n de ex\u00e1menes, talleres que son variados, m\u00fasica, danzas, huerta, macram\u00e9, cocina, peluquer\u00eda, manicure, tambi\u00e9n van surgiendo otros talleres que van cambiando durante el a\u00f1o, a veces podemos acceder a alguno que ellos nos pidan y sea de sus intereses, esto siempre se tiene en cuenta para que est\u00e9n motivados en las actividades\u201d cont\u00f3.<\/span><span data-ccp-props=\"{&quot;134245417&quot;:false}\">\u00a0<\/span><\/p>\n<p><span data-contrast=\"auto\">\u201cTambi\u00e9n participamos con el Centro en las actividades deportivas del gimnasio y nos sumamos a propuestas que vengan de otras instituciones, tratamos de trabajar en conjunto, hay un profesor referente, talleristas que tambi\u00e9n algunos educadores ofician de talleristas y un equipo t\u00e9cnico, coordinador que trabajan en los proyectos personales y proyectos a futuro de los adolescentes, de las familias, se trabaja mucho con ellas para apoyar en la crianza, lo educativo, todo lo que tiene que ver con esta etapa vital de los adolescentes\u201d dijo.<\/span><span data-ccp-props=\"{&quot;134245417&quot;:false}\">\u00a0<\/span><\/p>\n","protected":false},"excerpt":{"rendered":"<p>En Carlos Reyles el Centro Juvenil ATR (A todo ritmo) lleva adelante una propuesta muy interesante para los adolescentes de la zona, atendiendo a sus intereses y a la motivaci\u00f3n necesaria para fortalecerse y crecer.<\/p>\n","protected":false},"author":4,"featured_media":5470,"comment_status":"closed","ping_status":"closed","sticky":false,"template":"","format":"standard","meta":{"footnotes":""},"categories":[5,17],"tags":[],"class_list":["post-5469","post","type-post","status-publish","format-standard","has-post-thumbnail","hentry","category-durazno","category-suplemento-mujer"],"_links":{"self":[{"href":"https:\/\/paginacero.com.uy\/index.php?rest_route=\/wp\/v2\/posts\/5469","targetHints":{"allow":["GET"]}}],"collection":[{"href":"https:\/\/paginacero.com.uy\/index.php?rest_route=\/wp\/v2\/posts"}],"about":[{"href":"https:\/\/paginacero.com.uy\/index.php?rest_route=\/wp\/v2\/types\/post"}],"author":[{"embeddable":true,"href":"https:\/\/paginacero.com.uy\/index.php?rest_route=\/wp\/v2\/users\/4"}],"replies":[{"embeddable":true,"href":"https:\/\/paginacero.com.uy\/index.php?rest_route=%2Fwp%2Fv2%2Fcomments&post=5469"}],"version-history":[{"count":1,"href":"https:\/\/paginacero.com.uy\/index.php?rest_route=\/wp\/v2\/posts\/5469\/revisions"}],"predecessor-version":[{"id":5471,"href":"https:\/\/paginacero.com.uy\/index.php?rest_route=\/wp\/v2\/posts\/5469\/revisions\/5471"}],"wp:featuredmedia":[{"embeddable":true,"href":"https:\/\/paginacero.com.uy\/index.php?rest_route=\/wp\/v2\/media\/5470"}],"wp:attachment":[{"href":"https:\/\/paginacero.com.uy\/index.php?rest_route=%2Fwp%2Fv2%2Fmedia&parent=5469"}],"wp:term":[{"taxonomy":"category","embeddable":true,"href":"https:\/\/paginacero.com.uy\/index.php?rest_route=%2Fwp%2Fv2%2Fcategories&post=5469"},{"taxonomy":"post_tag","embeddable":true,"href":"https:\/\/paginacero.com.uy\/index.php?rest_route=%2Fwp%2Fv2%2Ftags&post=5469"}],"curies":[{"name":"wp","href":"https:\/\/api.w.org\/{rel}","templated":true}]}}