{"id":5466,"date":"2024-08-23T01:12:37","date_gmt":"2024-08-23T04:12:37","guid":{"rendered":"https:\/\/paginacero.com.uy\/?p=5466"},"modified":"2024-08-23T01:12:37","modified_gmt":"2024-08-23T04:12:37","slug":"centros-barriales-reciben-al-taller-de-costura-de-ines","status":"publish","type":"post","link":"https:\/\/paginacero.com.uy\/?p=5466","title":{"rendered":"Centros Barriales reciben al taller de costura de In\u00e9s"},"content":{"rendered":"<p><strong><span class=\"NormalTextRun SCXW226761812 BCX0\" data-ccp-parastyle=\"Standard\" data-ccp-parastyle-defn=\"{&quot;ObjectId&quot;:&quot;3c003624-4766-4000-bea2-babf2a8515ba|5&quot;,&quot;ClassId&quot;:1073872969,&quot;Properties&quot;:[469775450,&quot;Standard&quot;,201340122,&quot;2&quot;,134233614,&quot;true&quot;,469778129,&quot;Standard&quot;,335572020,&quot;1&quot;,469777841,&quot;Times New Roman&quot;,469777842,&quot;Arial&quot;,469777843,&quot;SimSun&quot;,469777844,&quot;Times New Roman&quot;,469769226,&quot;Times New Roman,Arial,SimSun&quot;,268442635,&quot;24&quot;,335559704,&quot;1081&quot;,335559705,&quot;2052&quot;,335551547,&quot;14346&quot;,134245417,&quot;false&quot;]}\">Desde hace unas semanas los <\/span><span class=\"NormalTextRun SpellingErrorV2Themed SCXW226761812 BCX0\" data-ccp-parastyle=\"Standard\">Cib<\/span><span class=\"NormalTextRun SCXW226761812 BCX0\" data-ccp-parastyle=\"Standard\"> se han visto engalanados con los talleres que brinda In\u00e9s <\/span><span class=\"NormalTextRun SpellingErrorV2Themed SCXW226761812 BCX0\" data-ccp-parastyle=\"Standard\">Oyarz\u00e1bal<\/span><span class=\"NormalTextRun SCXW226761812 BCX0\" data-ccp-parastyle=\"Standard\">, donde los participantes pueden aprender costura para elaborar sus prendas de <\/span><span class=\"NormalTextRun SCXW226761812 BCX0\" data-ccp-parastyle=\"Standard\">vestir o incluso, a futuro, para tener una salida laboral en una profesi\u00f3n que les guste.<\/span><\/strong><!--more--><\/p>\n<p><span data-contrast=\"auto\">\u201cLos participantes son de todas las edades, hay desde ni\u00f1os a adultos, me he encontrado con muy buenas sorpresas porque desde el primer d\u00eda quienes est\u00e1n yendo a los talleres se interesan mucho por la actividad, han aprendido a realizar las primeras confecciones y lo han hecho con muy buenos resultados, prendas de buena calidad\u201d cont\u00f3 In\u00e9s.<\/span><span data-ccp-props=\"{&quot;134245417&quot;:false}\">\u00a0<\/span><\/p>\n<p><span data-contrast=\"auto\">\u201cMe enter\u00e9 que la persona que daba los cursos de costura se hab\u00eda jubilado, no ten\u00edan a nadie y no se sab\u00eda si iban a poder continuar. Estaban empezando otros y de costura no hab\u00eda nada previsto porque no ten\u00edan docente, junt\u00e9 todos mis diplomas, escrib\u00ed una carta de postulaci\u00f3n y la llev\u00e9 a la Intendencia, le hice un seguimiento, llamando a ver que pasaba para que llegara a alguna oficina donde me dieran alguna respuesta. Esto comenz\u00f3 en el mes de febrero y en mayo tuve la respuesta de que se hab\u00eda aprobado mi postulaci\u00f3n y fui contratada por la Fundaci\u00f3n A Ganar que es quien maneja y sostiene los talleres que se dictan en los Centros de Integraci\u00f3n Barrial\u201d cont\u00f3 al presentar la propuesta que desarrolla en los centros de integraci\u00f3n de la ciudad.<\/span><span data-ccp-props=\"{&quot;134245417&quot;:false}\">\u00a0<\/span><\/p>\n<p><span data-contrast=\"auto\">\u201cEl 21 de mayo comenc\u00e9 con los talleres, con un poco de incertidumbre, si bien hab\u00eda dado clases siempre hab\u00edan sido mano a mano, no en grupo, algo que me pon\u00eda nerviosa a pesar de saber que ten\u00eda los conocimientos a quienes fueran a los cursos. Comenc\u00e9 en el CIB de Varona, Higuera y Vista Linda, estoy dando clases de lunes a jueves y me ha resultado una experiencia re buena. Para las personas es gratis, est\u00e1 buen\u00edsimo que puedan ir y aprender sin pagar la clase, hubo disposici\u00f3n de la Intendencia para apoyar las clases, porque en el CIB del Varona hab\u00eda m\u00e1quinas de coser y en los otros no, hasta que finalmente despu\u00e9s que llevamos las que ten\u00edamos, solicitamos m\u00e1quinas, alargues, todo lo b\u00e1sico para arrancar, hubo respuesta, se consiguieron m\u00e1quinas nuevas y esto motiv\u00f3 a las chiquilinas a seguir yendo, porque no todas ten\u00edan la posibilidad de comprar\u201d agreg\u00f3.<\/span><span data-ccp-props=\"{&quot;134245417&quot;:false}\">\u00a0<\/span><\/p>\n<p><span data-contrast=\"auto\">Luego de algunas clases, los avances comenzaron a verse con las diferentes prendas que lograron realizar.<\/span><span data-ccp-props=\"{&quot;134245417&quot;:false}\">\u00a0<\/span><\/p>\n<p><span data-contrast=\"auto\">\u201cA esta altura lo bueno es que muchas se han entusiasmado y se animaron a comprarse la m\u00e1quina propia, a pesar de que hab\u00edan empezado sin ning\u00fan conocimiento. A las cuatro o cinco clases de haber comenzado, algunas ya estaban haciendo algunos arreglos, cosiendo alguna cosa, muchas de ellas son amas de casa y con ni\u00f1os a cargo, pudieron ganar alg\u00fan dinero y eso me llen\u00f3 de alegr\u00eda, porque yo tambi\u00e9n estuve en esa misma situaci\u00f3n, de estar solo cuidando a mi hijo sin generar dinero para la casa, eso te da una gran satisfacci\u00f3n\u201d cont\u00f3.<\/span><span data-ccp-props=\"{&quot;134245417&quot;:false}\">\u00a0<\/span><\/p>\n<p><span data-contrast=\"auto\">\u201cTengo alumnos de los m\u00e1s variados, desde personas de 72 a\u00f1os hasta una alumna que fue a acompa\u00f1ar a su madre, tiene 9 a\u00f1os, y termin\u00f3 cosiendo como todas las dem\u00e1s. Ella ya cos\u00eda pero a mano y ahora est\u00e1 imparable\u201d dijo.<\/span><span data-ccp-props=\"{&quot;134245417&quot;:false}\">\u00a0<\/span><\/p>\n<p><span data-contrast=\"auto\">\u201cEn general las clases son abiertas, no hay un programa estipulado. Cada una lleva la idea de lo que quiere, algunas arrancan con arreglos, otras con accesorios, otras con prendas desde cero, aprenden a hacer moldes de una manera alternativa que es con un aprenda base y a partir de eso la llevamos a lo que ellas quieren\u201d dijo.<\/span><span data-ccp-props=\"{&quot;134245417&quot;:false}\">\u00a0<\/span><\/p>\n<p><span data-contrast=\"auto\">Adem\u00e1s de todo esto, In\u00e9s es la creadora de Agnes bajo el lema \u201cdise\u00f1o de autor\u201d, una iniciativa que a lo largo de los a\u00f1os ha desarrollado moda y tendencia en varias \u00e1reas. Tambi\u00e9n se ha convertido en docente de costura y dise\u00f1o en los centros de integraci\u00f3n barriales de la ciudad, donde lleva sus conocimientos y su amor por la creaci\u00f3n de prendas de vestir. La costura fue su vocaci\u00f3n y fue por ella a estudiar a Montevideo.<\/span><span data-ccp-props=\"{&quot;134245417&quot;:false}\">\u00a0<\/span><\/p>\n<p><span data-contrast=\"auto\">\u201cA los 19 a\u00f1os me fui a Montevideo a estudiar costura, dise\u00f1o y confecci\u00f3n, fue un curso de 3 a\u00f1os en la UTU de Palermo y despu\u00e9s de eso empec\u00e9 a trabajar en diferentes tiendas, haciendo arreglos, despu\u00e9s hice vestidos de novia, de fiesta, tambi\u00e9n trabaj\u00e9 confeccionando uniformes y ah\u00ed fue donde aprend\u00ed mucho m\u00e1s a confeccionar, estuve trabajando con mujeres que hab\u00edan cosido toda la vida y me ense\u00f1aron un mont\u00f3n, fueron experiencias de crecimiento y aprendizaje\u201d agreg\u00f3.<\/span><span data-ccp-props=\"{&quot;134245417&quot;:false}\">\u00a0<\/span><\/p>\n<p><span data-contrast=\"auto\">Agnes surge luego de su formaci\u00f3n y finalmente la trajo a Durazno, su ciudad natal.<\/span><span data-ccp-props=\"{&quot;134245417&quot;:false}\">\u00a0<\/span><\/p>\n<p><span data-contrast=\"auto\">\u201cCuando me encontr\u00e9 en un momento que trabajando no llegaba a fin de mes busqu\u00e9 otra manera de ganar dinero y ah\u00ed empec\u00e9 con mi emprendimiento de Agnes. Empec\u00e9 a ir a feria de dise\u00f1o, tambi\u00e9n comenc\u00e9 a hacer accesorios, collares, caravanas, cintos y por supuesto ropa. Durante muchos a\u00f1os fui a la feria en Villa Biarritz y Parque Rod\u00f3, a todas las ferias de dise\u00f1o y empec\u00e9 a buscar locales donde dejar mercader\u00eda y consegu\u00ed unos cuantos lugares donde entregar mis dise\u00f1os Fue cuando dej\u00e9 mi trabajo formal para dedicarme 100% al emprendimiento y estuve a\u00f1os a\u00f1os trabajando en ferias de dise\u00f1o, cada feria que surg\u00eda de dise\u00f1o en diferentes lugares me anotaba. Fue creciendo Agnes hasta que me decid\u00ed por abrir un local y decid\u00ed que fuera en Durazno, lo que concret\u00e9 en el a\u00f1o 2016\u201d cont\u00f3.<\/span><span data-ccp-props=\"{&quot;134245417&quot;:false}\">\u00a0<\/span><\/p>\n<p><span data-contrast=\"auto\">\u201cActualmente desde 2021 estoy en el Paseo de los Artesanos, me dedico a hacer ropa casual, todo tipo de ropa, vestidos, polleras, pantalones, camisas, blusas, tambi\u00e9n hago mallas cada verano y colecciones de temporada, atendiendo a que sean para sentirse c\u00f3modas y verse bien, que es el centro de todas las prendas que dise\u00f1o, la comodidad, el bienestar y la belleza\u201d agreg\u00f3.<\/span><span data-ccp-props=\"{&quot;134245417&quot;:false}\">\u00a0<\/span><\/p>\n","protected":false},"excerpt":{"rendered":"<p>Desde hace unas semanas los Cib se han visto engalanados con los talleres que brinda In\u00e9s Oyarz\u00e1bal, donde los participantes pueden aprender costura para elaborar sus prendas de vestir o incluso, a futuro, para tener una salida laboral en una profesi\u00f3n que les guste.<\/p>\n","protected":false},"author":4,"featured_media":5467,"comment_status":"closed","ping_status":"closed","sticky":false,"template":"","format":"standard","meta":{"footnotes":""},"categories":[5,17],"tags":[],"class_list":["post-5466","post","type-post","status-publish","format-standard","has-post-thumbnail","hentry","category-durazno","category-suplemento-mujer"],"_links":{"self":[{"href":"https:\/\/paginacero.com.uy\/index.php?rest_route=\/wp\/v2\/posts\/5466","targetHints":{"allow":["GET"]}}],"collection":[{"href":"https:\/\/paginacero.com.uy\/index.php?rest_route=\/wp\/v2\/posts"}],"about":[{"href":"https:\/\/paginacero.com.uy\/index.php?rest_route=\/wp\/v2\/types\/post"}],"author":[{"embeddable":true,"href":"https:\/\/paginacero.com.uy\/index.php?rest_route=\/wp\/v2\/users\/4"}],"replies":[{"embeddable":true,"href":"https:\/\/paginacero.com.uy\/index.php?rest_route=%2Fwp%2Fv2%2Fcomments&post=5466"}],"version-history":[{"count":1,"href":"https:\/\/paginacero.com.uy\/index.php?rest_route=\/wp\/v2\/posts\/5466\/revisions"}],"predecessor-version":[{"id":5468,"href":"https:\/\/paginacero.com.uy\/index.php?rest_route=\/wp\/v2\/posts\/5466\/revisions\/5468"}],"wp:featuredmedia":[{"embeddable":true,"href":"https:\/\/paginacero.com.uy\/index.php?rest_route=\/wp\/v2\/media\/5467"}],"wp:attachment":[{"href":"https:\/\/paginacero.com.uy\/index.php?rest_route=%2Fwp%2Fv2%2Fmedia&parent=5466"}],"wp:term":[{"taxonomy":"category","embeddable":true,"href":"https:\/\/paginacero.com.uy\/index.php?rest_route=%2Fwp%2Fv2%2Fcategories&post=5466"},{"taxonomy":"post_tag","embeddable":true,"href":"https:\/\/paginacero.com.uy\/index.php?rest_route=%2Fwp%2Fv2%2Ftags&post=5466"}],"curies":[{"name":"wp","href":"https:\/\/api.w.org\/{rel}","templated":true}]}}