{"id":5452,"date":"2024-08-21T11:00:12","date_gmt":"2024-08-21T14:00:12","guid":{"rendered":"https:\/\/paginacero.com.uy\/?p=5452"},"modified":"2024-08-21T11:00:12","modified_gmt":"2024-08-21T14:00:12","slug":"servicio-de-farmacia-de-camedur-en-blanquillo-genera-preocupacion-en-usuarios","status":"publish","type":"post","link":"https:\/\/paginacero.com.uy\/?p=5452","title":{"rendered":"\u201cServicio de farmacia de Camedur en Blanquillo genera preocupaci\u00f3n en usuarios\u201d"},"content":{"rendered":"<p><strong><span class=\"TextRun SCXW82072124 BCX0\" lang=\"ES-UY\" xml:lang=\"ES-UY\" data-contrast=\"auto\"><span class=\"NormalTextRun SCXW82072124 BCX0\" data-ccp-parastyle=\"Standard\" data-ccp-parastyle-defn=\"{&quot;ObjectId&quot;:&quot;f77afae9-bb26-4a44-a828-2ddca516ad5d|5&quot;,&quot;ClassId&quot;:1073872969,&quot;Properties&quot;:[469775450,&quot;Standard&quot;,201340122,&quot;2&quot;,134233614,&quot;true&quot;,469778129,&quot;Standard&quot;,335572020,&quot;1&quot;,469777841,&quot;Times New Roman&quot;,469777842,&quot;Arial&quot;,469777843,&quot;SimSun&quot;,469777844,&quot;Times New Roman&quot;,469769226,&quot;Times New Roman,Arial,SimSun&quot;,268442635,&quot;24&quot;,335559704,&quot;1081&quot;,335559705,&quot;2052&quot;,335551547,&quot;14346&quot;,134245417,&quot;false&quot;]}\">La edil Anabel Fuentes present\u00f3 una carta de usuarios de <\/span><span class=\"NormalTextRun SpellingErrorV2Themed SCXW82072124 BCX0\" data-ccp-parastyle=\"Standard\">Camedur<\/span><span class=\"NormalTextRun SCXW82072124 BCX0\" data-ccp-parastyle=\"Standard\"> en Blanquillo que dan cuenta de la preocupaci\u00f3n por el cierre del servicio de <\/span><span class=\"NormalTextRun SCXW82072124 BCX0\" data-ccp-parastyle=\"Standard\">farmacia en dicho lugar.<\/span><\/span><span class=\"EOP SCXW82072124 BCX0\" data-ccp-props=\"{&quot;134245417&quot;:false}\">\u00a0<\/span><\/strong><!--more--><\/p>\n<p><span data-contrast=\"auto\">\u201cQuiero compartir y traer a esta Sala una carta de usuarios de la mutualista Camedur de la localidad de Blanquillo, es firmada por usuarios de esa zona, la que expresa en su parte central \u201cnos dirigimos a ustedes en la calidad de ciudadanos de la localidad de Blanquillo, Durazno, para expresar la profunda preocupaci\u00f3n respecto a la reciente modificaci\u00f3n en la prestaci\u00f3n de servicios de salud, espec\u00edficamente a lo que respecta en la entrega de medicamentos. La clausura de la farmacia correspondiente a Camedur ha generado un impacto significativo en nuestra comunidad, la nueva modalidad que implica que los pacientes deben esperar 24 horas para recibir sus medicamentos, a trav\u00e9s de un servicio de \u00f3mnibus no solo es inconveniente sino que tambi\u00e9n pone en riesgo la salud de quienes dependemos de estos tratamientos\u201d dijo.<\/span><span data-ccp-props=\"{&quot;134245417&quot;:false}\">\u00a0<\/span><\/p>\n<p><span data-contrast=\"auto\">La carta expresa tambi\u00e9n el costo extra que implica este tipo de situaci\u00f3n para usuarios que viven en zonas rurales, que deben desplazarse en taxi en dos oportunidades para poder acceder a su tratamiento.<\/span><span data-ccp-props=\"{&quot;134245417&quot;:false}\">\u00a0<\/span><\/p>\n<p><span data-contrast=\"auto\">\u201cEs inaceptable que si un paciente asiste al m\u00e9dico a las 9 de la ma\u00f1ana el medicamento pueda llegar a las 22 horas sin garant\u00eda de que se entregue en ese horario, adem\u00e1s si la consulta se realiza despu\u00e9s de las 17 horas, los d\u00edas martes y jueves, el paciente se ve obligado a esperar hasta el d\u00eda siguiente para recibir su tratamiento. Esta situaci\u00f3n es espec\u00edficamente cr\u00edtica, para aquellos que padecen enfermedades que requieren atenci\u00f3n inmediata, asimismo es importante considerar que muchos de nuestros vecinos, especialmente aquellos que viven en \u00e1reas rurales, deben viajar largas distancias en taxi para acceder a la atenci\u00f3n m\u00e9dica, esto implica que deben hacer dos viajes, uno para la consulta y otro para recoger el medicamento\u201d agreg\u00f3.<\/span><span data-ccp-props=\"{&quot;134245417&quot;:false}\">\u00a0<\/span><\/p>\n<p><span data-contrast=\"auto\">\u201cEsto representa un costo adicional y una carga innecesaria. Por todo lo anteriormente expuesto, solicitamos encarecidamente que se reconsidere la decisi\u00f3n de cerrar la farmacia y se restablezca un servicio farmacia f\u00edsica, con personal capacitado y disponible para atender las necesidades de la poblaci\u00f3n. Creemos firmemente que este es un derecho que todos los ciudadanos merecemos, especialmente considerando los costos que ya asumimos por los servicios de salud\u201d dijo.<\/span><span data-ccp-props=\"{&quot;134245417&quot;:false}\">\u00a0<\/span><\/p>\n<p><span data-contrast=\"auto\">\u201cAgradecemos que se difunda esta carta y esperamos una pronta respuesta que aborde nuestras preocupaciones\u201d firma la poblaci\u00f3n de la localidad de Blanquillo.<\/span><span data-ccp-props=\"{&quot;134245417&quot;:false}\">\u00a0<\/span><\/p>\n<p><span data-contrast=\"auto\">\u201cCreemos que esta es una situaci\u00f3n donde urge una situaci\u00f3n inmediata, nosotros as\u00ed como traemos y planteamos esta problem\u00e1tica tambi\u00e9n planteamos muchas veces una posible soluci\u00f3n, vemos la modalidad en la localidad de La Paloma, en la policl\u00ednica de ASSE donde en el lugar f\u00edsico funciona la farmacia de ASSE y de Camedur, del prestador privado, en un horario continuo de 8 a 18 horas, todo el d\u00eda pr\u00e1cticamente. Es una modalidad que da muy buen resultado, porque no implementar esta misma modalidad en la localidad de Blanquillo, con gente capacitada para eso y por supuesto que la salud estar\u00eda bien atendida, esto dar\u00eda una respuesta inmediata a todos los usuarios de Blanquillo de Camedur que la verdad est\u00e1n pasando por un momento muy delicado y preocupante\u201d indic\u00f3.<\/span><span data-ccp-props=\"{&quot;134245417&quot;:false}\">\u00a0<\/span><\/p>\n<p><span data-contrast=\"auto\">\u201cQuiero que esta carta junto a mis palabras pasen a las autoridades de Camedur, a las autoridades de ASSE, a la Comisi\u00f3n de Salud de esta Junta para que juntos puedan trabajar en este tema y llegar a un buen t\u00e9rmino\u201d finaliz\u00f3 diciendo.<\/span><span data-ccp-props=\"{&quot;134245417&quot;:false}\">\u00a0<\/span><\/p>\n","protected":false},"excerpt":{"rendered":"<p>La edil Anabel Fuentes present\u00f3 una carta de usuarios de Camedur en Blanquillo que dan cuenta de la preocupaci\u00f3n por el cierre del servicio de farmacia en dicho lugar.\u00a0<\/p>\n","protected":false},"author":4,"featured_media":5453,"comment_status":"closed","ping_status":"closed","sticky":false,"template":"","format":"standard","meta":{"footnotes":""},"categories":[5],"tags":[],"class_list":["post-5452","post","type-post","status-publish","format-standard","has-post-thumbnail","hentry","category-durazno"],"_links":{"self":[{"href":"https:\/\/paginacero.com.uy\/index.php?rest_route=\/wp\/v2\/posts\/5452","targetHints":{"allow":["GET"]}}],"collection":[{"href":"https:\/\/paginacero.com.uy\/index.php?rest_route=\/wp\/v2\/posts"}],"about":[{"href":"https:\/\/paginacero.com.uy\/index.php?rest_route=\/wp\/v2\/types\/post"}],"author":[{"embeddable":true,"href":"https:\/\/paginacero.com.uy\/index.php?rest_route=\/wp\/v2\/users\/4"}],"replies":[{"embeddable":true,"href":"https:\/\/paginacero.com.uy\/index.php?rest_route=%2Fwp%2Fv2%2Fcomments&post=5452"}],"version-history":[{"count":1,"href":"https:\/\/paginacero.com.uy\/index.php?rest_route=\/wp\/v2\/posts\/5452\/revisions"}],"predecessor-version":[{"id":5454,"href":"https:\/\/paginacero.com.uy\/index.php?rest_route=\/wp\/v2\/posts\/5452\/revisions\/5454"}],"wp:featuredmedia":[{"embeddable":true,"href":"https:\/\/paginacero.com.uy\/index.php?rest_route=\/wp\/v2\/media\/5453"}],"wp:attachment":[{"href":"https:\/\/paginacero.com.uy\/index.php?rest_route=%2Fwp%2Fv2%2Fmedia&parent=5452"}],"wp:term":[{"taxonomy":"category","embeddable":true,"href":"https:\/\/paginacero.com.uy\/index.php?rest_route=%2Fwp%2Fv2%2Fcategories&post=5452"},{"taxonomy":"post_tag","embeddable":true,"href":"https:\/\/paginacero.com.uy\/index.php?rest_route=%2Fwp%2Fv2%2Ftags&post=5452"}],"curies":[{"name":"wp","href":"https:\/\/api.w.org\/{rel}","templated":true}]}}