{"id":5439,"date":"2024-08-20T10:39:13","date_gmt":"2024-08-20T13:39:13","guid":{"rendered":"https:\/\/paginacero.com.uy\/?p=5439"},"modified":"2024-08-20T10:39:13","modified_gmt":"2024-08-20T13:39:13","slug":"corriendo-podemos-mejorar-el-mundo-que-nos-rodea","status":"publish","type":"post","link":"https:\/\/paginacero.com.uy\/?p=5439","title":{"rendered":"\u201cCorriendo podemos mejorar el mundo que nos rodea\u201d"},"content":{"rendered":"<p><strong><span class=\"NormalTextRun SCXW194906183 BCX0\" data-ccp-parastyle=\"Standard\" data-ccp-parastyle-defn=\"{&quot;ObjectId&quot;:&quot;aedfbe08-d919-477a-9130-45ff97fae06b|5&quot;,&quot;ClassId&quot;:1073872969,&quot;Properties&quot;:[469775450,&quot;Standard&quot;,201340122,&quot;2&quot;,134233614,&quot;true&quot;,469778129,&quot;Standard&quot;,335572020,&quot;1&quot;,469777841,&quot;Times New Roman&quot;,469777842,&quot;Arial&quot;,469777843,&quot;SimSun&quot;,469777844,&quot;Times New Roman&quot;,469769226,&quot;Times New Roman,Arial,SimSun&quot;,268442635,&quot;24&quot;,335559704,&quot;1081&quot;,335559705,&quot;2052&quot;,335551547,&quot;14346&quot;,134245417,&quot;false&quot;]}\">Claudio Neira es un deportista de toda la vida, en este momento se est\u00e1 preparando para el gran desaf\u00edo de ser parte del Mundial de Trail que se realizar\u00e1 en Espa\u00f1a, con una movida <\/span><span class=\"NormalTextRun SCXW194906183 BCX0\" data-ccp-parastyle=\"Standard\">que se ha trasladado a la sociedad para llegar a la suma necesaria para su viaje y que est\u00e1 contando con el apoyo de muchas personas.<\/span><\/strong><!--more--><\/p>\n<p><span data-contrast=\"auto\">\u201cDurante m\u00e1s de veinte a\u00f1os practiqu\u00e9 rugby, y finalmente abandon\u00e9 esa actividad, se me complicaba por mi actividad laboral, ya que son herrero y hab\u00eda que estar muy preparado para las competencias. Consider\u00e9 que hab\u00eda pasado mi tiempo para ese deporte, pero me gusta mucho la actividad, los desaf\u00edos. Finalmente, luego que Santiago Cabrera me invitara y me entusiasmara, \u00e9l es integrante del Club de Corredores que hoy tiene unos cincuenta integrantes entren\u00e1ndose\u201d cont\u00f3.<\/span><span data-ccp-props=\"{&quot;134245417&quot;:false}\">\u00a0<\/span><\/p>\n<p><span data-contrast=\"auto\">\u201cLlegu\u00e9 al Club de Corredores y me encontr\u00e9 con un grupo que me abraz\u00f3, me sent\u00ed muy bien, comenzaron a surgir oportunidades como ir a carreras, conocer lugares hermosos como tiene este tipo de carreras, en cerros y paisajes asim\u00e9tricos, fui haci\u00e9ndome a todo esto, me encontr\u00e9 con gente que estaba muy preparada, saber que hay gente que est\u00e1 preparada y yo quer\u00eda estar como ellos, pens\u00e9 en hacer algo para llegar a esos rendimientos, eso me mov\u00eda. Comenc\u00e9 a entrenar, me gust\u00f3, iba a entrenar con el grupo y despu\u00e9s sal\u00eda a entrenar solo porque sent\u00eda que el grupo no era suficiente con lo que yo ten\u00eda que entrenar para estar a tono con todos los integrantes. Esto fue un proceso de un a\u00f1o y siete meses, donde me plantee objetivos concretos\u201d agreg\u00f3.<\/span><span data-ccp-props=\"{&quot;134245417&quot;:false}\">\u00a0<\/span><\/p>\n<p><span data-contrast=\"auto\">\u201cSe fueron dando resultados, me fue bien en carreras internacionales, en Villa La Angostura corr\u00ed mis 50 primeros kil\u00f3metros donde corr\u00ed a 2700 metros de altimetr\u00eda, entr\u00e9 en el top 10 de las generales, no esperaba esos resultados y eso me hizo meterme m\u00e1s, querer llegar m\u00e1s arriba. Ac\u00e1 en Uruguay hay un campeonato, un circuito de trail donde vos vas sumando puntos y en lo que va de este a\u00f1o he entrado siempre en el top 10, mi objetivo si bien no era quedar primero porque sabiendo que hay cosas que solo el tiempo te lo puede dar, los primeros lugares, eso requiere mucho entrenamiento y tiempo\u201d dijo.<\/span><span data-ccp-props=\"{&quot;134245417&quot;:false}\">\u00a0<\/span><\/p>\n<p><span data-contrast=\"auto\">Hace un tiempo lleg\u00f3 la invitaci\u00f3n a ser parte de la Selecci\u00f3n Uruguaya de Trail, donde fue seleccionado para ser parte del Mundial en Espa\u00f1a, una gran propuesta que tom\u00f3 con toda la responsabilidad.<\/span><span data-ccp-props=\"{&quot;134245417&quot;:false}\">\u00a0<\/span><\/p>\n<p><span data-contrast=\"auto\">\u201cEn este camino de entrenar me llega la novedad del entrenador de la Selecci\u00f3n Uruguaya de Trail que me preguntaba si pod\u00eda contar conmigo para un mundial de master que se va a realizar en Espa\u00f1a, en ese momento fue una sensaci\u00f3n de alegr\u00eda, lo que estoy viviendo es un sue\u00f1o, no se si llamarlo as\u00ed porque nunca so\u00f1\u00e9 que algo as\u00ed me iba a pasar. La oportunidad es ir a Espa\u00f1a a representar a Uruguay y no obstante eso, me dijeron que los gastos corren por mi cuenta, Uruguay no tiene presupuesto para solventar el viaje, me puse la meta de lograr los 4000 d\u00f3lares para ir a Espa\u00f1a, estar esos d\u00edas, entrenar. Mi grupo me abraz\u00f3, felices de lo que me pasaba, fue muy emocionante\u201d cont\u00f3.<\/span><span data-ccp-props=\"{&quot;134245417&quot;:false}\">\u00a0<\/span><\/p>\n<p><span data-contrast=\"auto\">\u201cVamos a hacer beneficios, vamos a conseguir el dinero, fue la meta de todos, que yo viajara. Y bueno, eso me hizo sentir un poco mejor, todav\u00eda no caigo en que voy a estar en esa competencia, tambi\u00e9n me llev\u00f3 a la responsabilidad del entrenamiento, estoy haciendo 60 a 80 kil\u00f3metros semanales en doble horario, tres veces a la semana gimnasio, la preparaci\u00f3n en la alimentaci\u00f3n, el costo que tiene poder alimentarte bien, adem\u00e1s tengo que trabajar, soy herrero y no puedo dejar de trabajar para solo dedicarme a entrenar, me ir\u00eda mucho mejor si me dedico solo a eso, pero la realidad es otra. Gracias a Dios que soy un emprendedor y tengo siempre trabajo, pero no puedo descuidarlo, siempre estoy haciendo un equilibrio de la vida misma, pero abraz\u00e1ndome del entrenamiento, aliment\u00e1ndome, motiv\u00e1ndome, en eso estoy, salgo a entrenar a las cinco de la ma\u00f1ana, lloviendo, pero todo eso me hace sentir fuerte, una persona sumamente fuerte\u201d dijo.<\/span><span data-ccp-props=\"{&quot;134245417&quot;:false}\">\u00a0<\/span><\/p>\n<p><span data-contrast=\"auto\">\u201cCon lo poco que tengo hago lo mejor que puedo, desde ese lado es como tomo la vida. Trat\u00e9 de hacer una rifa, que fue un \u00e9xito, se vendi\u00f3 toda y gener\u00e9 recursos para el viaje. Surgi\u00f3 la idea de hacer una corrida, no esper\u00e9 tanta gente como hab\u00eda, 170 corredores que estaban sum\u00e1ndose al beneficio, no solo corredores sino gente de la bicicleta, quienes no eran corredores pero acompa\u00f1aron caminando tambi\u00e9n, por la costa del Y\u00ed para que la gente conectara con la naturaleza y pudiera hacer una actividad f\u00edsica, moverse, es lo que quiero transmitir para con la gente, que el correr sana, es hermoso, te aleja de la vida cotidiana, te cambia la vida, te genera nuevas cosas en tu vida, disciplina, comer bien, relacionarte con gente hermosa y conocer lugares hermosos que no los conocer\u00edas de otra manera si no es as\u00ed, cerros divinos, me ha tra\u00eddo cosas hermosas el correr. Llegar al Mundial me acerc\u00f3 al cari\u00f1o de mi pueblo, lo pongo por encima de lo que me pas\u00f3, me he sentido querido por la gente, es el mayor legado que puedo dejar en esta sociedad, sentir que todos se alegran de lo que est\u00e1 pasando\u201d agreg\u00f3.<\/span><span data-ccp-props=\"{&quot;134245417&quot;:false}\">\u00a0<\/span><\/p>\n<p><span data-contrast=\"auto\">Para Claudio moverse es cambiar la vida, el mundo, el entrenamiento constante da sus resultados y lo ha llevado a motivarse cada vez m\u00e1s.<\/span><span data-ccp-props=\"{&quot;134245417&quot;:false}\">\u00a0<\/span><\/p>\n<p><span data-contrast=\"auto\">\u201cLo importante es moverse, empezar, hacer eso para ganarle a tu mente, esforzarte. Ac\u00e1 nos alegramos no solo por los objetivos nuestros sino que tambi\u00e9n nos apropiamos de los objetivos de los dem\u00e1s, se genera un ambiente divino, para mi correr sana, cambia cosas y trae cambios maravillosos en la vida\u201d<\/span><span data-ccp-props=\"{&quot;134245417&quot;:false}\">\u00a0<\/span><\/p>\n<p><span data-contrast=\"auto\">\u201cAc\u00e1 en Durazno cada vez mas gente se suma, el CIB de Plaza Uno con Marcelo Caraballo tiene unas 40 personas, la Escuela de Triatl\u00f3n y su Comisi\u00f3n de Padres son parte de toda esta movida, el Club de Corredores con unas 40 personas, hay grupos privados tambi\u00e9n de corredores, Durazno organiza una carrera el 29 de setembre, la primera edici\u00f3n del San Pedro del Durazno, el Club Wanderers me hizo parte de la organizaci\u00f3n de la carrera el 19 de octubre, hay muchas actividades y eso se nota, no hay nada mejor en una sociedad que estas cosas pasen, porque nada malo va a salir de todo esto, es una forma de cambiar el mundo que nos rodea, todo lo que sea promover el movimiento, los h\u00e1bitos saludables, la salud mental, todo esto viene para ayudar en la vida\u201d finaliz\u00f3.<\/span><span data-ccp-props=\"{&quot;134245417&quot;:false}\">\u00a0<\/span><\/p>\n<p><span data-ccp-props=\"{&quot;134245417&quot;:false}\">\u00a0<\/span><span data-contrast=\"auto\">El Mundial de Trail M\u00e1ster de Canfranc se plantea como reto llegar a los 1.000 participantes. Habr\u00e1 3 carreras de 6, 17 y 34 kil\u00f3metros, as\u00ed como otra prueba abierta a todo el mundo. Tendr\u00e1 lugar del 13 al 16 de septiembre de 2024. Canfranc ser\u00e1 sede del Mundial de Trail Master 2024, que tendr\u00e1 lugar del 13 al 15 de septiembre, poniendo en marcha un marcador situado en el puente de la Estaci\u00f3n Internacional, y coincidiendo adem\u00e1s con la presentaci\u00f3n oficial de la prueba. Este evento es un hito, ya que es la primera vez que se va a celebrar en Espa\u00f1a y Canfranc, que lo organiza, se ha puesto como reto llegar a los 1.000 participantes<\/span><span data-ccp-props=\"{&quot;134245417&quot;:false}\">\u00a0<\/span><\/p>\n<p><span data-contrast=\"auto\">Para el evento de septiembre los recorridos est\u00e1n ya cerrados y se est\u00e1 trabajando en un manual de equipo para los participantes que estar\u00e1 finalizado en un mes. Las carreras ser\u00e1n algo diferentes de la Canfranc Canfranc y dar\u00e1n a conocer el entorno de esta localidad, ya que se disputar\u00e1n integrante en territorio de Canfranc. Habr\u00e1 una subida vertical de 6 kil\u00f3metros hasta la cima de la Raca, la Classic de 17 kil\u00f3metros en la ladera este de la localidad, en la zona de los barrancos del Borreguil o Epifanio, y la de 34 kil\u00f3metros Long Distance (con 2.000 metros de desnivel positivo), que sumar\u00e1 17 a la Classic recorriendo la zona de la ladera oeste, tal y como explica \u00c1lex Varela, director t\u00e9cnico del mundial. Adem\u00e1s habr\u00e1 una carrera Open \u201ca la que se puede inscribir todo el mundo\u201d.<\/span><span data-ccp-props=\"{&quot;134245417&quot;:false}\">\u00a0<\/span><\/p>\n<p><span data-contrast=\"auto\">El Mundial M\u00e1ster es a partir de 35 a\u00f1os pero ya hay inscritos de 75 y 80 a\u00f1os. Los interesados deber\u00e1n inscribirse en la web www.canfranc2024wmmrc.com y enviar los datos a las federaciones, \u201cque ser\u00e1n las que los validar\u00e1n\u201d, a\u00f1ade Varela. Los que no puedan optar al mundial, podr\u00e1n hacer la prueba popular. El Gobierno de Arag\u00f3n contribuye econ\u00f3micamente con 30.000 euros, mediante un convenio de colaboraci\u00f3n con Canfranc y la federaci\u00f3n, y habr\u00e1 m\u00e1s para el pr\u00f3ximo mundial, adelanta la secretaria general de Deportes. Tras la celebraci\u00f3n de las dos pruebas mundiales se elaborar\u00e1 un informe de impacto en el territorio para demostrar que este tipo de eventos son beneficiosos no s\u00f3lo por el componente deportivo, tambi\u00e9n por el turismo y la imagen de Canfranc en el mundo.<\/span><span data-ccp-props=\"{&quot;134245417&quot;:false}\">\u00a0<\/span><\/p>\n","protected":false},"excerpt":{"rendered":"<p>Claudio Neira es un deportista de toda la vida, en este momento se est\u00e1 preparando para el gran desaf\u00edo de ser parte del Mundial de Trail que se realizar\u00e1 en Espa\u00f1a, con una movida que se ha trasladado a la sociedad para llegar a la suma necesaria para su viaje y que est\u00e1 contando con [&hellip;]<\/p>\n","protected":false},"author":4,"featured_media":5440,"comment_status":"closed","ping_status":"closed","sticky":false,"template":"","format":"standard","meta":{"footnotes":""},"categories":[12,5],"tags":[],"class_list":["post-5439","post","type-post","status-publish","format-standard","has-post-thumbnail","hentry","category-deporte","category-durazno"],"_links":{"self":[{"href":"https:\/\/paginacero.com.uy\/index.php?rest_route=\/wp\/v2\/posts\/5439","targetHints":{"allow":["GET"]}}],"collection":[{"href":"https:\/\/paginacero.com.uy\/index.php?rest_route=\/wp\/v2\/posts"}],"about":[{"href":"https:\/\/paginacero.com.uy\/index.php?rest_route=\/wp\/v2\/types\/post"}],"author":[{"embeddable":true,"href":"https:\/\/paginacero.com.uy\/index.php?rest_route=\/wp\/v2\/users\/4"}],"replies":[{"embeddable":true,"href":"https:\/\/paginacero.com.uy\/index.php?rest_route=%2Fwp%2Fv2%2Fcomments&post=5439"}],"version-history":[{"count":1,"href":"https:\/\/paginacero.com.uy\/index.php?rest_route=\/wp\/v2\/posts\/5439\/revisions"}],"predecessor-version":[{"id":5441,"href":"https:\/\/paginacero.com.uy\/index.php?rest_route=\/wp\/v2\/posts\/5439\/revisions\/5441"}],"wp:featuredmedia":[{"embeddable":true,"href":"https:\/\/paginacero.com.uy\/index.php?rest_route=\/wp\/v2\/media\/5440"}],"wp:attachment":[{"href":"https:\/\/paginacero.com.uy\/index.php?rest_route=%2Fwp%2Fv2%2Fmedia&parent=5439"}],"wp:term":[{"taxonomy":"category","embeddable":true,"href":"https:\/\/paginacero.com.uy\/index.php?rest_route=%2Fwp%2Fv2%2Fcategories&post=5439"},{"taxonomy":"post_tag","embeddable":true,"href":"https:\/\/paginacero.com.uy\/index.php?rest_route=%2Fwp%2Fv2%2Ftags&post=5439"}],"curies":[{"name":"wp","href":"https:\/\/api.w.org\/{rel}","templated":true}]}}