{"id":5422,"date":"2024-08-19T10:36:57","date_gmt":"2024-08-19T13:36:57","guid":{"rendered":"https:\/\/paginacero.com.uy\/?p=5422"},"modified":"2024-08-19T10:36:57","modified_gmt":"2024-08-19T13:36:57","slug":"presentaron-curso-en-inteligencia-artificial-generativa-aplicada-a-la-educacion","status":"publish","type":"post","link":"https:\/\/paginacero.com.uy\/?p=5422","title":{"rendered":"Presentaron Curso en Inteligencia Artificial Generativa Aplicada a la Educaci\u00f3n"},"content":{"rendered":"<p><strong><span class=\"TextRun SCXW207228621 BCX0\" lang=\"ES-UY\" xml:lang=\"ES-UY\" data-contrast=\"auto\"><span class=\"NormalTextRun SCXW207228621 BCX0\" data-ccp-parastyle=\"Standard\" data-ccp-parastyle-defn=\"{&quot;ObjectId&quot;:&quot;22db70c7-e752-486e-aa0b-f1a1af802e6c|5&quot;,&quot;ClassId&quot;:1073872969,&quot;Properties&quot;:[469775450,&quot;Standard&quot;,201340122,&quot;2&quot;,134233614,&quot;true&quot;,469778129,&quot;Standard&quot;,335572020,&quot;1&quot;,469777841,&quot;Times New Roman&quot;,469777842,&quot;Arial&quot;,469777843,&quot;SimSun&quot;,469777844,&quot;Times New Roman&quot;,469769226,&quot;Times New Roman,Arial,SimSun&quot;,268442635,&quot;24&quot;,335559704,&quot;1081&quot;,335559705,&quot;2052&quot;,335551547,&quot;14346&quot;,134245417,&quot;false&quot;]}\">Se lanz\u00f3 el Curso virtual de 125 horas a desarrollarse en nueve semanas de trabajo asincr\u00f3nico con encuentros sincr\u00f3nicos con un cupo total de 100 <\/span><span class=\"NormalTextRun SCXW207228621 BCX0\" data-ccp-parastyle=\"Standard\">cupos. Las inscripciones est\u00e1n abiertas del 15 al 30 de agosto y la convocatoria est\u00e1 realizada por la Direcci\u00f3n Nacional de Educaci\u00f3n \u2013 MEC.<\/span><\/span><span class=\"EOP SCXW207228621 BCX0\" data-ccp-props=\"{&quot;134245417&quot;:false}\">\u00a0<\/span><\/strong><!--more--><\/p>\n<p><span data-contrast=\"auto\">En un mundo donde la educaci\u00f3n est\u00e1 siendo transformada por la tecnolog\u00eda a un ritmo sin precedentes, la capacidad de integrar innovaciones en el aula es m\u00e1s crucial que nunca. Este curso ha sido cuidadosamente dise\u00f1ado para profesores y personal acad\u00e9mico universitario que buscan llevar su pr\u00e1ctica docente al siguiente nivel mediante la adopci\u00f3n de Inteligencia Artificial Generativa (IAG).<\/span><span data-ccp-props=\"{&quot;134245417&quot;:false}\">\u00a0<\/span><\/p>\n<p><span data-contrast=\"auto\">La Direcci\u00f3n Nacional de Educaci\u00f3n (DNE) del Ministerio de Educaci\u00f3n y Cultura (MEC) abre inscripciones para el curso Inteligencia Artificial Generativa Aplicada a la Educaci\u00f3n, realizado en el marco de un acuerdo con la Universidad Internacional de La Rioja (UNIR, Espa\u00f1a).<\/span><span data-ccp-props=\"{&quot;134245417&quot;:false}\">\u00a0<\/span><\/p>\n<p><span data-contrast=\"auto\">Ante las posibilidades crecientes que ofrece la inteligencia artificial generativa aplicada a la educaci\u00f3n, el curso es una oportunidad para que docentes de todo el pa\u00eds puedan formarse de la mano de reconocidos referentes acad\u00e9micos en el tema.<\/span><span data-ccp-props=\"{&quot;134245417&quot;:false}\">\u00a0<\/span><\/p>\n<p><span data-contrast=\"auto\">El prop\u00f3sito de este curso es comenzar a explorar las herramientas de la inteligencia artificial generativa utilizadas en la docencia y c\u00f3mo ellas pueden simplificar y acortar tiempo de tareas pedag\u00f3gicas o administrativas, tales como planificar, evaluar, dise\u00f1ar o adaptar recursos, entre otros. Contiene tambi\u00e9n una aproximaci\u00f3n hacia sus fundamentos e implicancias \u00e9ticas.<\/span><span data-ccp-props=\"{&quot;134245417&quot;:false}\">\u00a0<\/span><\/p>\n<p><span data-contrast=\"auto\">La convocatoria supone una beca total, no insume costos adicionales para los participantes.<\/span><span data-ccp-props=\"{&quot;134245417&quot;:false}\">\u00a0<\/span><\/p>\n<p><span data-contrast=\"auto\">Los objetivos del cursos son proveer a los educadores con un conocimiento de la Inteligencia Artificial (IA) generativa y su evoluci\u00f3n hist\u00f3rica, desarrollar habilidades pr\u00e1cticas en el uso de herramientas de IA generativa para la creaci\u00f3n y personalizaci\u00f3n de contenidos educativos, fomentar un enfoque cr\u00edtico y \u00e9tico en la integraci\u00f3n de la IA, preparando a los educadores para navegar por sus complejidades filos\u00f3ficas y legales, inspirar innovaci\u00f3n en el dise\u00f1o de curr\u00edculos y en la evaluaci\u00f3n estudiantil mediante la aplicaci\u00f3n de IA generativa.<\/span><span data-ccp-props=\"{&quot;134245417&quot;:false}\">\u00a0<\/span><\/p>\n<p><span data-contrast=\"auto\">El curso es 100% virtual con encuentros sincr\u00f3nicos. Todo el desarrollo del curso se realiza en el campus virtual de UNIR. La evaluaci\u00f3n del curso consta de un 80% de actividad pr\u00e1ctica y 20% de asistencia a los encuentros sincr\u00f3nicos. Quienes superen la evaluaci\u00f3n recibir\u00e1n la certificaci\u00f3n internacional de UNIR. DNE promueve la participaci\u00f3n a trav\u00e9s de la gratuidad del curso.<\/span><span data-ccp-props=\"{&quot;134245417&quot;:false}\">\u00a0<\/span><\/p>\n<p><span data-contrast=\"auto\">El 14 de octubre comienza el curso con la semana de introducci\u00f3n a la actividad y finalizar\u00e1 el 22 de diciembre. Est\u00e1 dirigido a docentes de todos los niveles que se encuentren en ejercicio de la docencia directa en instituciones p\u00fablicas o privadas de todo el pa\u00eds, est\u00e1 abierto a todos aquellos docentes de Instituciones de Educaci\u00f3n Superior que buscan mejorar las habilidades necesarias para impartir docencia con la ayuda de la IAG y profesores en ejercicio que quieran completar su formaci\u00f3n, mejorando sus competencias docentes y digitales.<\/span><span data-ccp-props=\"{&quot;134245417&quot;:false}\">\u00a0<\/span><\/p>\n<p><span data-contrast=\"auto\">Se recibir\u00e1n las postulaciones del 15 al 30 de agosto de 2024 a trav\u00e9s del formulario de inscripci\u00f3n. Se seleccionar\u00e1, por orden de inscripci\u00f3n, a los primeros 100 postulantes que cumplan la condici\u00f3n de ser docentes en actividad y se realizar\u00e1 una lista de suplentes de otros 50 postulantes. La comunicaci\u00f3n sobre la selecci\u00f3n se realizar\u00e1 desde UNIR y DNE a trav\u00e9s de sus canales de comunicaci\u00f3n oficiales. Los seleccionados ser\u00e1n notificados entre el 16 y el 20 de setiembre.<\/span><span data-ccp-props=\"{&quot;134245417&quot;:false}\">\u00a0<\/span><\/p>\n<p><span data-contrast=\"auto\">Se reciben consultas exclusivamente a trav\u00e9s del correo electr\u00f3nico formacioneneducacion@mec.gub.uy.<\/span><span data-ccp-props=\"{&quot;134245417&quot;:false}\">\u00a0<\/span><\/p>\n","protected":false},"excerpt":{"rendered":"<p>Se lanz\u00f3 el Curso virtual de 125 horas a desarrollarse en nueve semanas de trabajo asincr\u00f3nico con encuentros sincr\u00f3nicos con un cupo total de 100 cupos. Las inscripciones est\u00e1n abiertas del 15 al 30 de agosto y la convocatoria est\u00e1 realizada por la Direcci\u00f3n Nacional de Educaci\u00f3n \u2013 MEC.\u00a0<\/p>\n","protected":false},"author":4,"featured_media":5423,"comment_status":"closed","ping_status":"closed","sticky":false,"template":"","format":"standard","meta":{"footnotes":""},"categories":[5],"tags":[],"class_list":["post-5422","post","type-post","status-publish","format-standard","has-post-thumbnail","hentry","category-durazno"],"_links":{"self":[{"href":"https:\/\/paginacero.com.uy\/index.php?rest_route=\/wp\/v2\/posts\/5422","targetHints":{"allow":["GET"]}}],"collection":[{"href":"https:\/\/paginacero.com.uy\/index.php?rest_route=\/wp\/v2\/posts"}],"about":[{"href":"https:\/\/paginacero.com.uy\/index.php?rest_route=\/wp\/v2\/types\/post"}],"author":[{"embeddable":true,"href":"https:\/\/paginacero.com.uy\/index.php?rest_route=\/wp\/v2\/users\/4"}],"replies":[{"embeddable":true,"href":"https:\/\/paginacero.com.uy\/index.php?rest_route=%2Fwp%2Fv2%2Fcomments&post=5422"}],"version-history":[{"count":1,"href":"https:\/\/paginacero.com.uy\/index.php?rest_route=\/wp\/v2\/posts\/5422\/revisions"}],"predecessor-version":[{"id":5424,"href":"https:\/\/paginacero.com.uy\/index.php?rest_route=\/wp\/v2\/posts\/5422\/revisions\/5424"}],"wp:featuredmedia":[{"embeddable":true,"href":"https:\/\/paginacero.com.uy\/index.php?rest_route=\/wp\/v2\/media\/5423"}],"wp:attachment":[{"href":"https:\/\/paginacero.com.uy\/index.php?rest_route=%2Fwp%2Fv2%2Fmedia&parent=5422"}],"wp:term":[{"taxonomy":"category","embeddable":true,"href":"https:\/\/paginacero.com.uy\/index.php?rest_route=%2Fwp%2Fv2%2Fcategories&post=5422"},{"taxonomy":"post_tag","embeddable":true,"href":"https:\/\/paginacero.com.uy\/index.php?rest_route=%2Fwp%2Fv2%2Ftags&post=5422"}],"curies":[{"name":"wp","href":"https:\/\/api.w.org\/{rel}","templated":true}]}}