{"id":5419,"date":"2024-08-19T10:33:41","date_gmt":"2024-08-19T13:33:41","guid":{"rendered":"https:\/\/paginacero.com.uy\/?p=5419"},"modified":"2024-08-19T10:33:41","modified_gmt":"2024-08-19T13:33:41","slug":"integrantes-de-la-comision-de-cuenca-del-rio-negro-se-reunen-en-el-lago-merin","status":"publish","type":"post","link":"https:\/\/paginacero.com.uy\/?p=5419","title":{"rendered":"Integrantes de la Comisi\u00f3n de Cuenca del R\u00edo Negro se re\u00fanen en el Lago Mer\u00edn"},"content":{"rendered":"<p><strong><span class=\"TextRun SCXW88190294 BCX0\" lang=\"ES-UY\" xml:lang=\"ES-UY\" data-contrast=\"auto\"><span class=\"NormalTextRun SCXW88190294 BCX0\" data-ccp-parastyle=\"Standard\" data-ccp-parastyle-defn=\"{&quot;ObjectId&quot;:&quot;b759e585-c815-45d4-b021-742c37fbeecb|5&quot;,&quot;ClassId&quot;:1073872969,&quot;Properties&quot;:[469775450,&quot;Standard&quot;,201340122,&quot;2&quot;,134233614,&quot;true&quot;,469778129,&quot;Standard&quot;,335572020,&quot;1&quot;,469777841,&quot;Times New Roman&quot;,469777842,&quot;Arial&quot;,469777843,&quot;SimSun&quot;,469777844,&quot;Times New Roman&quot;,469769226,&quot;Times New Roman,Arial,SimSun&quot;,268442635,&quot;24&quot;,335559704,&quot;1081&quot;,335559705,&quot;2052&quot;,335551547,&quot;14346&quot;,134245417,&quot;false&quot;]}\">El 30 y 31 de agosto en la sede del Hotel del Lago Mer\u00edn se realizar\u00e1 la reuni\u00f3n de la Comisi\u00f3n de la Cuenca del R\u00edo Negro con participaci\u00f3n de ediles de <\/span><span class=\"NormalTextRun SCXW88190294 BCX0\" data-ccp-parastyle=\"Standard\">nuestro departamento y autoridades, adem\u00e1s de representantes de todo el pa\u00eds, para seguir analizando el tema central de su programa.<\/span><\/span><span class=\"EOP SCXW88190294 BCX0\" data-ccp-props=\"{&quot;134245417&quot;:false}\">\u00a0<\/span><\/strong><!--more--><\/p>\n<p><span data-contrast=\"auto\">La Comisi\u00f3n de Cuenca del R\u00edo Negro es un \u00e1mbito tripartito, integrado por representantes del gobierno, los usuarios del agua y la sociedad civil que tiene como fin asesorar al Consejo Regional de Recursos H\u00eddricos del R\u00edo Uruguay y tiene como objetivo dar sustentabilidad a la gesti\u00f3n de los recursos naturales y administrar los potenciales conflictos por su uso en la Cuenca del R\u00edo Negro.<\/span><span data-ccp-props=\"{&quot;134245417&quot;:false}\">\u00a0<\/span><\/p>\n<p><span data-contrast=\"auto\">Fue creada en el \u00e1mbito del Consejo Regional de Recursos H\u00eddricos del R\u00edo Uruguay en el a\u00f1o 2018 a propuesta del Poder Ejecutivo y de acuerdo a lo dispuesto en la Ley de Pol\u00edtica Nacional de Aguas y sus decretos reglamentarios.<\/span><span data-ccp-props=\"{&quot;134245417&quot;:false}\">\u00a0<\/span><\/p>\n<p><span data-contrast=\"auto\">A partir de los lineamientos establecidos en el Plan Nacional de Aguas, el Consejo Regional de Recursos H\u00eddricos del R\u00edo Uruguay, se encuentra desarrollando un Plan de Cuenca del R\u00edo Negro. Este proceso se aceler\u00f3 a partir de setiembre de 2018, a partir de la resoluci\u00f3n del Poder Ejecutivo de desarrollar una Iniciativa para mejorar la calidad de las aguas del R\u00edo Negro como primera etapa del Plan de Cuenca.<\/span><span data-ccp-props=\"{&quot;134245417&quot;:false}\">\u00a0<\/span><\/p>\n<p><span data-contrast=\"auto\">Los integrantes de la Comisi\u00f3n definidos por Ley son el Gobierno, el Ministerio de Ambiente, MVOT, MGAP, MRREE, MIEM, las Intendencias de Durazno, Tacuaremb\u00f3, Soriano, R\u00edo Negro, Cerro Largo, Florida, Flores, Rivera y Treinta y Tres, las Juntas Departamentales de los respectivos departamentos, la Prefectura Nacional MDF y la sociedad civil, AIDIS, INIA, UTEC, Centro Universitario de Tacuaremb\u00f3, Centro Universitario Rivera, INDRA, Cultura Ambiental, Facultad de Ciencias-UDELAR, Club de Remeros Mercedes, Bilu Guida\u00edo, Centro Universitario Regional Litoral Norte (CENUR \u2013 UDELAR), Centro Universitario de Tacuremb\u00f3, LATU, Comisi\u00f3n en Defensa del Agua y de la Vida de Paso de los Toros y usuarios, UTE, OSE, ANPL, Asociaci\u00f3n de Cultivadores de Arroz, C\u00e1mara de Industrias del Uruguay, Sociedad de Productores Forestales, Mesa de Desarrollo Rural del Oeste de Durazno, Consejo Agropecuario Departamental de Durazno y Asociaci\u00f3n Rural del Uruguay.<\/span><span data-ccp-props=\"{&quot;134245417&quot;:false}\">\u00a0<\/span><\/p>\n<p><span data-contrast=\"auto\">El Programa, planteado para cerca del 40 % de la superficie de nuestro pa\u00eds, focaliza en una planificaci\u00f3n territorial estrat\u00e9gica, y coordinada con los diferentes organismos del Estado, vinculada a los ejes: educaci\u00f3n; movilidad, transporte y conectividad; h\u00e1bitat y vivienda; salud; gesti\u00f3n ambiental; infraestructura; desarrollo productivo y econ\u00f3mico; cambio clim\u00e1tico, fortalecimiento institucional, y turismo, ocio y esparcimiento.<\/span><span data-ccp-props=\"{&quot;134245417&quot;:false}\">\u00a0<\/span><\/p>\n<p><span data-contrast=\"auto\">Los objetivos principales son avanzar en una planificaci\u00f3n con visi\u00f3n de cuenca que, logre sinergias entre los planes y dem\u00e1s instrumentos de ordenamiento territorial elaborados por los gobiernos departamentales y el Gobierno Nacional, a trav\u00e9s de la coordinaci\u00f3n interinstitucional nacional y subnacional; contribuir a enfrentar los problemas de contaminaci\u00f3n de los recursos h\u00eddricos; promover la reducci\u00f3n de emisiones, acciones para su mitigaci\u00f3n y potenciar la resiliencia del territorio como respuesta al cambio y variabilidad clim\u00e1tica; fortalecer las capacidades educativas y de promoci\u00f3n de empleo; contribuir a reequilibrar el sistema de ciudades de la cuenca.<\/span><span data-ccp-props=\"{&quot;134245417&quot;:false}\">\u00a0<\/span><\/p>\n<p><span data-contrast=\"auto\">Tambi\u00e9n buscan promover el desarrollo sostenible del medio rural, su potencial end\u00f3geno, la diversificaci\u00f3n de la actividad productiva, la incorporaci\u00f3n tecnol\u00f3gica y la mejora de la accesibilidad a los servicios; conservar y poner en valor el patrimonio territorial natural, cultural y paisaj\u00edstico de la cuenca.<\/span><span data-ccp-props=\"{&quot;134245417&quot;:false}\">\u00a0<\/span><\/p>\n","protected":false},"excerpt":{"rendered":"<p>El 30 y 31 de agosto en la sede del Hotel del Lago Mer\u00edn se realizar\u00e1 la reuni\u00f3n de la Comisi\u00f3n de la Cuenca del R\u00edo Negro con participaci\u00f3n de ediles de nuestro departamento y autoridades, adem\u00e1s de representantes de todo el pa\u00eds, para seguir analizando el tema central de su programa.\u00a0<\/p>\n","protected":false},"author":4,"featured_media":5420,"comment_status":"closed","ping_status":"closed","sticky":false,"template":"","format":"standard","meta":{"footnotes":""},"categories":[5],"tags":[],"class_list":["post-5419","post","type-post","status-publish","format-standard","has-post-thumbnail","hentry","category-durazno"],"_links":{"self":[{"href":"https:\/\/paginacero.com.uy\/index.php?rest_route=\/wp\/v2\/posts\/5419","targetHints":{"allow":["GET"]}}],"collection":[{"href":"https:\/\/paginacero.com.uy\/index.php?rest_route=\/wp\/v2\/posts"}],"about":[{"href":"https:\/\/paginacero.com.uy\/index.php?rest_route=\/wp\/v2\/types\/post"}],"author":[{"embeddable":true,"href":"https:\/\/paginacero.com.uy\/index.php?rest_route=\/wp\/v2\/users\/4"}],"replies":[{"embeddable":true,"href":"https:\/\/paginacero.com.uy\/index.php?rest_route=%2Fwp%2Fv2%2Fcomments&post=5419"}],"version-history":[{"count":1,"href":"https:\/\/paginacero.com.uy\/index.php?rest_route=\/wp\/v2\/posts\/5419\/revisions"}],"predecessor-version":[{"id":5421,"href":"https:\/\/paginacero.com.uy\/index.php?rest_route=\/wp\/v2\/posts\/5419\/revisions\/5421"}],"wp:featuredmedia":[{"embeddable":true,"href":"https:\/\/paginacero.com.uy\/index.php?rest_route=\/wp\/v2\/media\/5420"}],"wp:attachment":[{"href":"https:\/\/paginacero.com.uy\/index.php?rest_route=%2Fwp%2Fv2%2Fmedia&parent=5419"}],"wp:term":[{"taxonomy":"category","embeddable":true,"href":"https:\/\/paginacero.com.uy\/index.php?rest_route=%2Fwp%2Fv2%2Fcategories&post=5419"},{"taxonomy":"post_tag","embeddable":true,"href":"https:\/\/paginacero.com.uy\/index.php?rest_route=%2Fwp%2Fv2%2Ftags&post=5419"}],"curies":[{"name":"wp","href":"https:\/\/api.w.org\/{rel}","templated":true}]}}